{"id":263495,"date":"2025-07-21T14:14:09","date_gmt":"2025-07-21T14:14:09","guid":{"rendered":"https:\/\/www.europesays.com\/fr\/263495\/"},"modified":"2025-07-21T14:14:09","modified_gmt":"2025-07-21T14:14:09","slug":"un-homme-arme-sen-prend-a-une-jeune-fille-la-police-intervient-a-temps","status":"publish","type":"post","link":"https:\/\/www.europesays.com\/fr\/263495\/","title":{"rendered":"un homme arm\u00e9 s&rsquo;en prend \u00e0 une jeune fille, la police intervient \u00e0 temps"},"content":{"rendered":"<p>\nSamedi soir, un homme arm\u00e9 a suivi plusieurs jeunes filles avant de tenter d\u2019en isoler une. La Police Municipale est intervenue \u00e0 temps.<\/p>\n<p>\n\u00a9 Police Municipale de Montpellier \u2013 photo d\u2019illustration.<\/p>\n<p>Dans la soir\u00e9e du <strong>samedi 19 juillet<\/strong> <strong>2025<\/strong>, les forces de l\u2019ordre ont connaissance du <strong>comportement suspect d\u2019un homme<\/strong>. Ce dernier <strong>suit plusieurs jeunes filles<\/strong>, dont une de Rondelet jusqu\u2019\u00e0 Tournezy, \u00e0 <a href=\"https:\/\/infoccitanie.fr\/tag\/montpellier\/\" rel=\"nofollow noopener\" target=\"_blank\">Montpellier<\/a>. \u00c0 ce moment, les agents de vid\u00e9oprotection rep\u00e8rent les faits par le biais de leurs <strong>cam\u00e9ras de vid\u00e9osurveillance<\/strong>. Soudain, l\u2019individu <strong>sort un couteau <\/strong>avant d\u2019attraper l\u2019une des jeunes filles par les cheveux. Il tente de <strong>l\u2019isoler<\/strong>. Les agents de la Police municipale de Montpellier, en filature discr\u00e8te sur le terrain, interviennent imm\u00e9diatement. L\u2019agresseur est alors interpell\u00e9 gr\u00e2ce au chien de leur <strong>brigade cynophile<\/strong>. L\u2019individu, qui s\u2019\u00e9tait enfui \u00e0 l\u2019arriv\u00e9e des forces de l\u2019ordre, \u00e9tait <strong>cach\u00e9 dans un buisson<\/strong>. Le suspect a \u00e9t\u00e9 <strong>pr\u00e9sent\u00e9<\/strong> \u00e0 la Police Nationale pour les suites judiciaires.<\/p>\n<p>Vid\u00e9osurveillance et brigade cynophile : une coordination efficace<\/p>\n<p>La <strong>Police Municipale de <a href=\"https:\/\/infoccitanie.fr\/tag\/montpellier\/\" rel=\"nofollow noopener\" target=\"_blank\">Montpellier<\/a> <\/strong>a donc <strong>d\u00e9jou\u00e9<\/strong> une agression gr\u00e2ce \u00e0 la coordination de la <strong>vid\u00e9oprotection<\/strong> et au flair du chien de la <strong>brigade cynophile<\/strong>. \u00ab\u00a0Nous veillons au quotidien pour votre s\u00e9curit\u00e9\u00ab\u00a0, ont soulign\u00e9 les agents de la Police Municipale de Montpellier.<\/p>\n","protected":false},"excerpt":{"rendered":"Samedi soir, un homme arm\u00e9 a suivi plusieurs jeunes filles avant de tenter d\u2019en isoler une. La Police&hellip;\n","protected":false},"author":2,"featured_media":263496,"comment_status":"","ping_status":"","sticky":false,"template":"","format":"standard","meta":{"footnotes":""},"categories":[9599],"tags":[1111,11,1777,674,1011,27,2208,12,2680,2872,25],"class_list":{"0":"post-263495","1":"post","2":"type-post","3":"status-publish","4":"format-standard","5":"has-post-thumbnail","7":"category-montpellier","8":"tag-actu","9":"tag-actualites","10":"tag-eu","11":"tag-europe","12":"tag-fr","13":"tag-france","14":"tag-montpellier","15":"tag-news","16":"tag-occitanie","17":"tag-police-municipale","18":"tag-republique-francaise"},"share_on_mastodon":{"url":"https:\/\/pubeurope.com\/@fr\/114891644204534343","error":""},"_links":{"self":[{"href":"https:\/\/www.europesays.com\/fr\/wp-json\/wp\/v2\/posts\/263495","targetHints":{"allow":["GET"]}}],"collection":[{"href":"https:\/\/www.europesays.com\/fr\/wp-json\/wp\/v2\/posts"}],"about":[{"href":"https:\/\/www.europesays.com\/fr\/wp-json\/wp\/v2\/types\/post"}],"author":[{"embeddable":true,"href":"https:\/\/www.europesays.com\/fr\/wp-json\/wp\/v2\/users\/2"}],"replies":[{"embeddable":true,"href":"https:\/\/www.europesays.com\/fr\/wp-json\/wp\/v2\/comments?post=263495"}],"version-history":[{"count":0,"href":"https:\/\/www.europesays.com\/fr\/wp-json\/wp\/v2\/posts\/263495\/revisions"}],"wp:featuredmedia":[{"embeddable":true,"href":"https:\/\/www.europesays.com\/fr\/wp-json\/wp\/v2\/media\/263496"}],"wp:attachment":[{"href":"https:\/\/www.europesays.com\/fr\/wp-json\/wp\/v2\/media?parent=263495"}],"wp:term":[{"taxonomy":"category","embeddable":true,"href":"https:\/\/www.europesays.com\/fr\/wp-json\/wp\/v2\/categories?post=263495"},{"taxonomy":"post_tag","embeddable":true,"href":"https:\/\/www.europesays.com\/fr\/wp-json\/wp\/v2\/tags?post=263495"}],"curies":[{"name":"wp","href":"https:\/\/api.w.org\/{rel}","templated":true}]}}