{"id":2635,"date":"2025-04-04T11:39:11","date_gmt":"2025-04-04T11:39:11","guid":{"rendered":"https:\/\/www.europesays.com\/fr\/2635\/"},"modified":"2025-04-04T11:39:11","modified_gmt":"2025-04-04T11:39:11","slug":"atp-wilander-novak-djokovic-va-rencontrer-quelques-problemes-et-ce-nest-pas-nouveau","status":"publish","type":"post","link":"https:\/\/www.europesays.com\/fr\/2635\/","title":{"rendered":"ATP > Wilander : \u00ab\u00a0Novak Djokovic va rencontrer quelques probl\u00e8mes, et ce n&rsquo;est pas nouveau\u00a0\u00bb"},"content":{"rendered":"<p>Mats Wilander s\u2019est longue\u00adment exprim\u00e9 sur Novak Djokovic chez nos confr\u00e8res d\u2019<a href=\"https:\/\/www.tntsports.co.uk\/tennis\/novak-djokovic-clay-monte-carlo-masters-french-open-grand-slam-mats-wilander-form_sto23169092\/story.shtml\" data-wpel-link=\"external\" target=\"_blank\" rel=\"nofollow external noopener\">Eurosport<\/a>. <\/p>\n<p>Et apr\u00e8s avoir <a href=\"https:\/\/www.welovetennis.fr\/atp\/mats-wilander-sur-novak-djokovic-je-pense-qua-son-age-ce-nest-pas-une-bonne-chose\" data-wpel-link=\"internal\" target=\"_blank\" rel=\"noopener\">expliqu\u00e9 pour\u00adquoi le Serbe ne devrait pas faire l\u2019im\u00adpasse sur le Masters 1000 de Monte\u2010Carlo<\/a> et point\u00e9 du doigt <a href=\"https:\/\/www.welovetennis.fr\/atp\/mats-wilander-contrairement-a-rafael-nadal-novak-djokovic-ne-peut-pas-jouer-comme-ca-ce-nest-pas-possible-pour-lui\" data-wpel-link=\"internal\" target=\"_blank\" rel=\"noopener\">les prin\u00adci\u00adpales diff\u00e9\u00adrences avec Rafael Nadal<\/a>, l\u2019an\u00adcien cham\u00adpion su\u00e9dois a \u00e9voqu\u00e9 les d\u00e9buts toujours compli\u00adqu\u00e9s sur terre battue. Et cette saison 2025 ne devrait pas \u00e9chapper \u00e0 la\u00a0r\u00e8gle.\u00a0<\/p>\n<p><strong>\u00ab\u202fJe pense qu\u2019il va rencon\u00adtrer quelques probl\u00e8mes, et c\u2019est une chose que nous avons vue avec Novak en g\u00e9n\u00e9ral, c\u2019est que le d\u00e9but de la saison sur terre battue n\u2019est pas n\u00e9ces\u00adsai\u00adre\u00adment sa meilleure saison. Pour moi, la raison en est qu\u2019il est un grand joueur de terre battue sans \u00eatre un joueur de terre battue, en raison de la fa\u00e7on dont il frappe la balle. Bien s\u00fbr, son coup droit ressemble beau\u00adcoup \u00e0 un coup droit sur terre battue, avec beau\u00adcoup d\u2019ef\u00adfets, mais il peut, bien s\u00fbr, jouer plus \u00e0 plat. Cela ne fonc\u00adtionne pas tr\u00e8s bien sur la terre battue.\u202f\u00bb<\/strong><\/p>\n<p class=\"post-published-date\" style=\"color: silver; font-size: 75%; text-align: left;\">Publi\u00e9 le jeudi 3 avril 2025 \u00e0 13:14<\/p>\n","protected":false},"excerpt":{"rendered":"Mats Wilander s\u2019est longue\u00adment exprim\u00e9 sur Novak Djokovic chez nos confr\u00e8res d\u2019Eurosport. Et apr\u00e8s avoir expliqu\u00e9 pour\u00adquoi le&hellip;\n","protected":false},"author":2,"featured_media":2636,"comment_status":"","ping_status":"","sticky":false,"template":"","format":"standard","meta":{"footnotes":""},"categories":[1415],"tags":[105,1011,27,1960,60,1467],"class_list":{"0":"post-2635","1":"post","2":"type-post","3":"status-publish","4":"format-standard","5":"has-post-thumbnail","7":"category-tennis","8":"tag-djokovic","9":"tag-fr","10":"tag-france","11":"tag-nadal","12":"tag-sports","13":"tag-tennis"},"share_on_mastodon":{"url":"https:\/\/pubeurope.com\/@fr\/114279505135313450","error":""},"_links":{"self":[{"href":"https:\/\/www.europesays.com\/fr\/wp-json\/wp\/v2\/posts\/2635","targetHints":{"allow":["GET"]}}],"collection":[{"href":"https:\/\/www.europesays.com\/fr\/wp-json\/wp\/v2\/posts"}],"about":[{"href":"https:\/\/www.europesays.com\/fr\/wp-json\/wp\/v2\/types\/post"}],"author":[{"embeddable":true,"href":"https:\/\/www.europesays.com\/fr\/wp-json\/wp\/v2\/users\/2"}],"replies":[{"embeddable":true,"href":"https:\/\/www.europesays.com\/fr\/wp-json\/wp\/v2\/comments?post=2635"}],"version-history":[{"count":0,"href":"https:\/\/www.europesays.com\/fr\/wp-json\/wp\/v2\/posts\/2635\/revisions"}],"wp:featuredmedia":[{"embeddable":true,"href":"https:\/\/www.europesays.com\/fr\/wp-json\/wp\/v2\/media\/2636"}],"wp:attachment":[{"href":"https:\/\/www.europesays.com\/fr\/wp-json\/wp\/v2\/media?parent=2635"}],"wp:term":[{"taxonomy":"category","embeddable":true,"href":"https:\/\/www.europesays.com\/fr\/wp-json\/wp\/v2\/categories?post=2635"},{"taxonomy":"post_tag","embeddable":true,"href":"https:\/\/www.europesays.com\/fr\/wp-json\/wp\/v2\/tags?post=2635"}],"curies":[{"name":"wp","href":"https:\/\/api.w.org\/{rel}","templated":true}]}}