{"id":263500,"date":"2025-07-21T14:16:10","date_gmt":"2025-07-21T14:16:10","guid":{"rendered":"https:\/\/www.europesays.com\/fr\/263500\/"},"modified":"2025-07-21T14:16:10","modified_gmt":"2025-07-21T14:16:10","slug":"on-sait-ce-qui-va-remplacer-pitaya-rue-du-gros-horloge-a-rouen-et-ca-recrute","status":"publish","type":"post","link":"https:\/\/www.europesays.com\/fr\/263500\/","title":{"rendered":"On sait ce qui va remplacer Pitaya, rue du Gros Horloge \u00e0 Rouen (et \u00e7a recrute)"},"content":{"rendered":"<p>            Par<br \/>\n        <strong><br \/>\n            <a href=\"https:\/\/actu.fr\/auteur\/julien-bouteiller\" title=\"Consulter tous les articles de Julien Bouteiller\" rel=\"nofollow noopener\" target=\"_blank\">Julien Bouteiller<\/a><br \/>\n        <\/strong><\/p>\n<p>        Publi\u00e9 le<\/p>\n<p>            21 juil. 2025 \u00e0 11h35        <\/p>\n<p><strong>Une case vide au milieu de la rue la plus centrale de Rouen<\/strong>, \u00e7a fait toujours t\u00e2che. Depuis le mois de f\u00e9vrier\u00a02025, c\u2019est le cas de celle qu\u2019occupait <a href=\"https:\/\/actu.fr\/normandie\/rouen_76540\/a-rouen-le-restaurant-pitaya-de-la-rue-du-gros-horloge-ferme-ses-portes-voici-pourquoi_62219665.html\" rel=\"nofollow noopener\" target=\"_blank\">Pitaya, rue du Gros Horloge<\/a>. En difficult\u00e9 financi\u00e8re, la cha\u00eene de street-food tha\u00eflandaise avait<strong> subitement ferm\u00e9 ses portes<\/strong>. Mais le local va bient\u00f4t conna\u00eetre une nouvelle vie, <strong>avec l\u2019arriv\u00e9e d\u2019une nouvelle enseigne<\/strong>. Et oui, ce sera encore de la restauration\u2026<\/p>\n<p>Ce qui va remplacer Pitaya rue du Gros Horloge<\/p>\n<p class=\" wall-content\">C\u2019est une publication au Bulletin officiel des annonces civiles et commerciales (Bodacc) qui nous a mis la puce \u00e0 l\u2019oreille. Elle annonce <strong>la cr\u00e9ation d\u2019une entreprise<\/strong> cise au 128, rue du Gros-Horloge \u00e0 Rouen, adresse de feu le restaurant Pitaya.<\/p>\n<p class=\" wall-content\"><strong>Cette entreprise appel\u00e9e Wok Me Up<\/strong> a pour activit\u00e9 \u00ab\u2009la pr\u00e9paration et la fourniture au comptoir, pour une consommation sur place ou \u00e0 emporter et livraison, d\u2019aliments et boissons non alcoolis\u00e9es, pr\u00e9sent\u00e9s dans des conditionnements jetables\u2009\u00bb. En r\u00e9sum\u00e9, de la restauration rapide, probablement asiatique (le wok \u00e9tant un mode de cuisson \u00e0 la po\u00eale dans la cuisine chinoise).<\/p>\n<p class=\" wall-content\">Autre confirmation venue de France Travail, <strong>qui indique qu\u2019un job-dating aura lieu mardi 22\u00a0juillet 2025<\/strong>. Objectif, recruter une douzaine d\u2019employ\u00e9s polyvalents pour \u00ab\u2009un restaurant de cuisine tha\u00eflandaise rue du Gros-Horloge\u2009\u00bb. Il n\u2019est d\u2019ailleurs pas trop tard pour <a href=\"https:\/\/mesevenementsemploi.francetravail.fr\/mes-evenements-emploi\/evenement\/463416\/wok-me-up-recrute-des-employes-polyvalents-de-restauration-en-poei-rouen?fbclid=IwY2xjawLqxVZleHRuA2FlbQIxMABicmlkETE4YWJGdUJheTEyb0RyZWdIAR5H8crUCoUaNZni3BHK4mVfcwwhMWe-qGxAzww3cs0OR0bL9JSKLM3wreI8fA_aem_7QKVVqq0BG1ctsTV83H-IQ\" rel=\"nofollow noopener\" target=\"_blank\">s\u2019inscrire ici<\/a>.<\/p>\n<p class=\" wall-content\">N\u2019ayant pour l\u2019heure pas r\u00e9ussi \u00e0 prendre contact avec les g\u00e9rants de l\u2019enseigne, nous n\u2019en savons pas davantage sur la date pr\u00e9vue d\u2019ouverture de ce nouveau restaurant.<\/p>\n<p>Suivez l\u2019actualit\u00e9 de Rouen <a href=\"https:\/\/www.whatsapp.com\/channel\/0029VaKfnf99hXF2ddApFB1D\" rel=\"nofollow noopener\" target=\"_blank\">sur notre cha\u00eene WhatsApp<\/a> et <a href=\"https:\/\/www.tiktok.com\/@76actu.fr?lang=fr\" rel=\"nofollow noopener\" target=\"_blank\">sur notre compte TikTok<\/a><\/p>\n<p class=\" wall-content\">Suivez toute l\u2019actualit\u00e9 de vos villes et m\u00e9dias favoris en vous inscrivant \u00e0 <a href=\"https:\/\/moncompte.actu.fr\" title=\"D\u00e9couvez Mon Actu\" rel=\"nofollow noopener\" data-trk=\"{&quot;cta&quot;:{&quot;action&quot;:&quot;https:\\\/\\\/moncompte.actu.fr&quot;,&quot;category&quot;:&quot;mon compte&quot;,&quot;from&quot;:&quot;article footer&quot;,&quot;name&quot;:&quot;Mon actu&quot;,&quot;type&quot;:&quot;cta&quot;}}\" target=\"_blank\">Mon Actu<\/a>.<\/p>\n<p>                    <script async src=\"\/\/www.tiktok.com\/embed.js\"><\/script><\/p>\n","protected":false},"excerpt":{"rendered":"Par Julien Bouteiller Publi\u00e9 le 21 juil. 2025 \u00e0 11h35 Une case vide au milieu de la rue&hellip;\n","protected":false},"author":2,"featured_media":263501,"comment_status":"","ping_status":"","sticky":false,"template":"","format":"standard","meta":{"footnotes":""},"categories":[9587],"tags":[1111,11,9086,215,1777,674,1011,27,1652,12,5161,25,1340,9590],"class_list":{"0":"post-263500","1":"post","2":"type-post","3":"status-publish","4":"format-standard","5":"has-post-thumbnail","7":"category-rouen","8":"tag-actu","9":"tag-actualites","10":"tag-bon-plan-a-rouen","11":"tag-commerce","12":"tag-eu","13":"tag-europe","14":"tag-fr","15":"tag-france","16":"tag-loisirs-culture","17":"tag-news","18":"tag-normandie","19":"tag-republique-francaise","20":"tag-restaurant","21":"tag-rouen"},"share_on_mastodon":{"url":"https:\/\/pubeurope.com\/@fr\/114891651970233768","error":""},"_links":{"self":[{"href":"https:\/\/www.europesays.com\/fr\/wp-json\/wp\/v2\/posts\/263500","targetHints":{"allow":["GET"]}}],"collection":[{"href":"https:\/\/www.europesays.com\/fr\/wp-json\/wp\/v2\/posts"}],"about":[{"href":"https:\/\/www.europesays.com\/fr\/wp-json\/wp\/v2\/types\/post"}],"author":[{"embeddable":true,"href":"https:\/\/www.europesays.com\/fr\/wp-json\/wp\/v2\/users\/2"}],"replies":[{"embeddable":true,"href":"https:\/\/www.europesays.com\/fr\/wp-json\/wp\/v2\/comments?post=263500"}],"version-history":[{"count":0,"href":"https:\/\/www.europesays.com\/fr\/wp-json\/wp\/v2\/posts\/263500\/revisions"}],"wp:featuredmedia":[{"embeddable":true,"href":"https:\/\/www.europesays.com\/fr\/wp-json\/wp\/v2\/media\/263501"}],"wp:attachment":[{"href":"https:\/\/www.europesays.com\/fr\/wp-json\/wp\/v2\/media?parent=263500"}],"wp:term":[{"taxonomy":"category","embeddable":true,"href":"https:\/\/www.europesays.com\/fr\/wp-json\/wp\/v2\/categories?post=263500"},{"taxonomy":"post_tag","embeddable":true,"href":"https:\/\/www.europesays.com\/fr\/wp-json\/wp\/v2\/tags?post=263500"}],"curies":[{"name":"wp","href":"https:\/\/api.w.org\/{rel}","templated":true}]}}