{"id":263502,"date":"2025-07-21T14:18:01","date_gmt":"2025-07-21T14:18:01","guid":{"rendered":"https:\/\/www.europesays.com\/fr\/263502\/"},"modified":"2025-07-21T14:18:01","modified_gmt":"2025-07-21T14:18:01","slug":"fausses-declarations-securite-compromise-une-micro-creche-montessori-fermee-pour-manquements-graves-a-rouen","status":"publish","type":"post","link":"https:\/\/www.europesays.com\/fr\/263502\/","title":{"rendered":"\u00ab\u00a0Fausses d\u00e9clarations\u00a0\u00bb, \u00ab\u00a0s\u00e9curit\u00e9 compromise\u00a0\u00bb&#8230; Une micro-cr\u00e8che Montessori ferm\u00e9e pour \u00ab\u00a0manquements graves\u00a0\u00bb \u00e0 Rouen"},"content":{"rendered":"<p>La pr\u00e9fecture de Seine-Maritime et le conseil d\u00e9partemental ont annonc\u00e9 ce vendredi 18 juillet la fermeture provisoire d&rsquo;une cr\u00e8che priv\u00e9e <a href=\"https:\/\/fr.news.yahoo.com\/certains-abusent-parents-lassociation-montessori-043000595.html\" data-ylk=\"slk:Montessori;elm:context_link;itc:0;sec:content-canvas;outcm:mb_qualified_link;_E:mb_qualified_link;ct:story;\" class=\"link  yahoo-link\" target=\"_blank\" rel=\"noopener\">Montessori<\/a> \u00e0 Bihorel, dans la m\u00e9tropole de Rouen, en raison de \u00ab\u00a0plusieurs manquements graves\u00a0\u00bb.<\/p>\n<p>Mercredi, les services de la Protection maternelle et infantile (PMI) du conseil d\u00e9partemental de la Seine-Maritime et de la direction d\u00e9partementale de l&#8217;emploi, du travail et des solidarit\u00e9s (Ddets) de la Seine-Maritime ont men\u00e9 une visite inopin\u00e9e \u00e0 la micro-cr\u00e8che \u00ab\u00a0Le Globe color\u00e9\u00a0\u00bb.<\/p>\n<p>Une \u00e9ventuelle r\u00e9ouverture possible seulement apr\u00e8s un nouveau contr\u00f4le<\/p>\n<p>Dans l&rsquo;arr\u00eat\u00e9 portant sur la fermeture provisoire, la pr\u00e9fecture pointe \u00ab\u00a0des temp\u00e9ratures relev\u00e9es dans les espaces de sommeil\u00a0\u00bb ne permettant pas \u00ab\u00a0d&rsquo;assurer la pr\u00e9vention de la mort inattendue du nourrisson (25,5\u00b0C et 24,3\u00b0C)\u00a0\u00bb, l&rsquo;absence \u00ab\u00a0de syst\u00e8me d&rsquo;alarme incendie\u00a0\u00bb ou encore \u00ab\u00a0les fausses d\u00e9clarations de la directrice g\u00e9n\u00e9rale\u00a0\u00bb qui sont \u00ab\u00a0susceptibles de compromettre la s\u00e9curit\u00e9 physique et le bien-\u00eatre\u00a0\u00bb des enfants.<\/p>\n<p>\u00c0 la suite de cette visite, le pr\u00e9fet \u00ab\u00a0a d\u00e9cid\u00e9 de prononcer une fermeture administrative provisoire\u00a0\u00bb \u00e0 compter de lundi prochain.<\/p>\n<p>Cette d\u00e9cision \u00ab\u00a0intervient dans un contexte o\u00f9 les services de l&rsquo;\u00c9tat, et ceux du d\u00e9partement, ont relev\u00e9 plusieurs manquements graves au regard des exigences de s\u00e9curit\u00e9 et de qualit\u00e9 d&rsquo;accueil des jeunes enfants, malgr\u00e9 des \u00e9changes r\u00e9guliers avec les responsables de l&rsquo;\u00e9tablissement et l&rsquo;\u00e9mission de mises en demeure ant\u00e9rieures\u00a0\u00bb, ajoute le communiqu\u00e9 commun de la pr\u00e9fecture et du conseil d\u00e9partemental normand.<\/p>\n<p>Les conditions \u00ab\u00a0d&rsquo;une \u00e9ventuelle r\u00e9ouverture seront \u00e9valu\u00e9es \u00e0 la suite d&rsquo;un prochain contr\u00f4le de la structure\u00a0\u00bb, selon la m\u00eame source. Selon <a href=\"https:\/\/www.leglobecolore.com\/\" rel=\"nofollow noopener\" target=\"_blank\" data-ylk=\"slk:son site internet;elm:context_link;itc:0;sec:content-canvas\" class=\"link \">son site internet<\/a>, le \u00ab\u00a0Globe Color\u00e9\u00a0\u00bb se pr\u00e9sente comme \u00ab\u00a0le premier lieu d&rsquo;accueil Montessori de l&rsquo;agglom\u00e9ration rouennaise\u00a0\u00bb.<\/p>\n<p><a href=\"https:\/\/www.bfmtv.com\/societe\/education\/fausses-declarations-securite-compromise-une-micro-creche-montessori-fermee-pour-manquements-graves-a-rouen_AD-202507180545.html#xtor=AL-68\" rel=\"nofollow noopener\" target=\"_blank\" data-ylk=\"slk:Article original publi\u00e9 sur BFMTV.com;elm:context_link;itc:0;sec:content-canvas\" class=\"link \">Article original publi\u00e9 sur BFMTV.com<\/a><\/p>\n","protected":false},"excerpt":{"rendered":"La pr\u00e9fecture de Seine-Maritime et le conseil d\u00e9partemental ont annonc\u00e9 ce vendredi 18 juillet la fermeture provisoire d&rsquo;une&hellip;\n","protected":false},"author":2,"featured_media":263503,"comment_status":"","ping_status":"","sticky":false,"template":"","format":"standard","meta":{"footnotes":""},"categories":[9587],"tags":[1111,11,30456,1777,674,13624,1011,27,39880,12,5161,13054,25,9590,40299,5163],"class_list":{"0":"post-263502","1":"post","2":"type-post","3":"status-publish","4":"format-standard","5":"has-post-thumbnail","7":"category-rouen","8":"tag-actu","9":"tag-actualites","10":"tag-conseil-departemental","11":"tag-eu","12":"tag-europe","13":"tag-fermeture-administrative","14":"tag-fr","15":"tag-france","16":"tag-montessori","17":"tag-news","18":"tag-normandie","19":"tag-prefecture-de-seine-maritime","20":"tag-republique-francaise","21":"tag-rouen","22":"tag-securite-physique","23":"tag-seine-maritime"},"share_on_mastodon":{"url":"","error":""},"_links":{"self":[{"href":"https:\/\/www.europesays.com\/fr\/wp-json\/wp\/v2\/posts\/263502","targetHints":{"allow":["GET"]}}],"collection":[{"href":"https:\/\/www.europesays.com\/fr\/wp-json\/wp\/v2\/posts"}],"about":[{"href":"https:\/\/www.europesays.com\/fr\/wp-json\/wp\/v2\/types\/post"}],"author":[{"embeddable":true,"href":"https:\/\/www.europesays.com\/fr\/wp-json\/wp\/v2\/users\/2"}],"replies":[{"embeddable":true,"href":"https:\/\/www.europesays.com\/fr\/wp-json\/wp\/v2\/comments?post=263502"}],"version-history":[{"count":0,"href":"https:\/\/www.europesays.com\/fr\/wp-json\/wp\/v2\/posts\/263502\/revisions"}],"wp:featuredmedia":[{"embeddable":true,"href":"https:\/\/www.europesays.com\/fr\/wp-json\/wp\/v2\/media\/263503"}],"wp:attachment":[{"href":"https:\/\/www.europesays.com\/fr\/wp-json\/wp\/v2\/media?parent=263502"}],"wp:term":[{"taxonomy":"category","embeddable":true,"href":"https:\/\/www.europesays.com\/fr\/wp-json\/wp\/v2\/categories?post=263502"},{"taxonomy":"post_tag","embeddable":true,"href":"https:\/\/www.europesays.com\/fr\/wp-json\/wp\/v2\/tags?post=263502"}],"curies":[{"name":"wp","href":"https:\/\/api.w.org\/{rel}","templated":true}]}}