{"id":263504,"date":"2025-07-21T14:19:11","date_gmt":"2025-07-21T14:19:11","guid":{"rendered":"https:\/\/www.europesays.com\/fr\/263504\/"},"modified":"2025-07-21T14:19:11","modified_gmt":"2025-07-21T14:19:11","slug":"grenoble-a-peine-ouvert-ce-centre-de-sante-est-pris-dassaut-on-etait-tres-attendus","status":"publish","type":"post","link":"https:\/\/www.europesays.com\/fr\/263504\/","title":{"rendered":"Grenoble. \u00c0 peine ouvert, ce centre de sant\u00e9 est pris d&rsquo;assaut : \u00ab\u00a0On \u00e9tait tr\u00e8s attendus\u00a0\u00bb"},"content":{"rendered":"<p>            Par<br \/>\n        <strong><br \/>\n            <a href=\"https:\/\/actu.fr\/auteur\/lisa-rodrigues\" title=\"Consulter tous les articles de Lisa Rodrigues\" target=\"_blank\" rel=\"noopener\">Lisa Rodrigues<\/a><br \/>\n        <\/strong><\/p>\n<p>        Publi\u00e9 le<\/p>\n<p>            21 juil. 2025 \u00e0 16h14        <\/p>\n<p>En 2023, <a href=\"https:\/\/actu.fr\/auvergne-rhone-alpes\/grenoble_38185\" target=\"_blank\" rel=\"noopener\">Grenoble<\/a> comptait 6,1 m\u00e9decins pour 10 000 habitants, contre 9,4 pour le d\u00e9partement de l\u2019Is\u00e8re, selon une \u00e9tude de la CPTS (Communaut\u00e9 professionnelle territoriale de sant\u00e9) locale. Un <a href=\"https:\/\/actu.fr\/auvergne-rhone-alpes\/voiron_38563\/pres-de-grenoble-un-espoir-pour-rouvrir-les-urgences-de-cette-commune-fermees-la-nuit_62429956.html\" target=\"_blank\" rel=\"noopener\">manque de praticiens<\/a> constat\u00e9 dans divers quartiers de la capitale des Alpes. Celui de Presqu\u2019\u00eele ne fait pas exception \u00e0 la r\u00e8gle.\u00a0<\/p>\n<p class=\" wall-content\">Depuis cet \u00e9t\u00e9, un <strong>centre de sant\u00e9 <\/strong>a fait son apparition, pour tenter de r\u00e9pondre \u00e0 la demande. \u00ab\u00a0On a eu des remont\u00e9es o\u00f9, sur la Presqu\u2019\u00eele, il n\u2019y avait plus que deux m\u00e9decins pour plus de 30 000 patients, souligne l\u2019une des gestionnaires du centre. C\u2019est un quartier en plein d\u00e9veloppement.\u00a0\u00bb<\/p>\n<p>Six m\u00e9decins d\u00e9j\u00e0 recrut\u00e9s<\/p>\n<p class=\" wall-content\">Situ\u00e9 au 86 avenue des Martyrs, le centre de sant\u00e9 Presqu\u2019\u00eele est une <strong>structure priv\u00e9e<\/strong>, g\u00e9r\u00e9e par l\u2019association CDS de Grenoble.<\/p>\n<p>    <a href=\"https:\/\/www.google.com\/maps\/embed?pb=!1m18!1m12!1m3!1d175.70035934034487!2d5.703977200457917!3d45.20317187231498!2m3!1f0!2f0!3f0!3m2!1i1024!2i768!4f13.1!3m3!1m2!1s0x478af3001be82c65%3A0xc3475fad14faa916!2sCentre%20de%20sant%C3%A9%20Presqu%27%C3%AEle!5e0!3m2!1sfr!2sfr!4v1753102763092!5m2!1sfr!2sfr\" title=\"Ouvrie le lien\" target=\"_blank\" rel=\"noopener\">Cliquez ici pour visualiser le contenu<\/a><\/p>\n<p class=\" wall-content\">Il abrite, pour le moment, un seul m\u00e9decin qui assure \u00e0 temps partiel des consultations sur l\u2019\u00e9t\u00e9. Ses confr\u00e8res vont arriver progressivement \u00ab\u00a0d\u00e8s septembre\u00a0\u00bb, rassure la gestionnaire. Six m\u00e9decins sont d\u2019ores et d\u00e9j\u00e0 recrut\u00e9s, en temps plein comme en temps partiel, pour beaucoup apr\u00e8s avoir exerc\u00e9 ailleurs en France. Le centre esp\u00e8re arriver \u00e0 <strong>une douzaine de praticiens<\/strong> en activit\u00e9 dans les six prochains mois.<\/p>\n<p>    <img   decoding=\"async\" loading=\"lazy\" src=\"https:\/\/www.europesays.com\/fr\/wp-content\/uploads\/2025\/07\/salle-attente-centre-de-sante-presquile-grenoble-960x640.jpeg\" alt=\"Un centre de sant\u00e9 vient d'ouvrir ses portes dans le quartier Presqu'\u00eele de Grenoble. Et am\u00e8ne avec lui de nouveaux m\u00e9decins.\" width=\"960\" height=\"640\"\/><br \/>\n    Un centre de sant\u00e9 vient d\u2019ouvrir ses portes dans le quartier Presqu\u2019\u00eele de Grenoble. Et am\u00e8ne avec lui de nouveaux m\u00e9decins. (\u00a9Document remis \u00e0 actu Grenoble \/ Association CDS de Grenoble)<\/p>\n<p class=\" wall-content\">Pour des questions de confort, ils seront au maximum quatre m\u00e9decins \u00e0 consulter en m\u00eame temps, accompagn\u00e9s d\u2019assistantes m\u00e9dicales et de secr\u00e9taires. Et tous, m\u00e9decins compris, sont <strong>salari\u00e9s<\/strong>. Un <a href=\"https:\/\/actu.fr\/auvergne-rhone-alpes\/la-tour-du-pin_38509\/isere-cette-commune-galere-pour-trouver-des-medecins-elle-revele-son-ultime-recours_62402964.html\" target=\"_blank\" rel=\"noopener\">mod\u00e8le qui s\u00e9duit de plus en plus<\/a> les professionnels de sant\u00e9.<\/p>\n<p>Un lien avec des m\u00e9decins sp\u00e9cialistes<\/p>\n<p class=\" wall-content\">Au sein de ce centre de sant\u00e9, les m\u00e9decins sont tous g\u00e9n\u00e9ralistes. La prise de rendez-vous est <strong>obligatoire<\/strong> par Doctolib ou en appelant le secr\u00e9tariat.<\/p>\n<p class=\" wall-content\">Pour autant, le m\u00e9decin pourra proc\u00e9der \u00e0 certains <strong>examens de d\u00e9pistage et de pr\u00e9vention<\/strong>, en lien avec des sp\u00e9cialistes : \u00e9lectrocardiogramme, troubles du sommeil, suivi des grains de beaut\u00e9\u2026 \u00ab\u00a0Une fois que l\u2019examen est valid\u00e9, on l\u2019envoie aux confr\u00e8res sp\u00e9cialis\u00e9s pour compl\u00e9ter l\u2019expertise\u00a0\u00bb et d\u00e9clencher, au besoin, une prise en charge plus avanc\u00e9e.<\/p>\n<p class=\" wall-content\">Le centre de sant\u00e9 de <a href=\"https:\/\/actu.fr\/auvergne-rhone-alpes\/grenoble_38185\/grenoble-c-est-quoi-cet-immeuble-entierement-construit-en-bois-au-coeur-de-la-presqu-ile_62541787.html\" target=\"_blank\" rel=\"noopener\">Presqu\u2019\u00eele<\/a> est conventionn\u00e9 secteur 1 et pratique le tiers-payant S\u00e9curit\u00e9 sociale. Il faudra simplement avancer la part mutuelle (environ 9 euros).<\/p>\n<p>Une liste d\u2019attente pour avoir un m\u00e9decin traitant<\/p>\n<p class=\" wall-content\">Un point important pour les habitants, c\u2019est la possibilit\u00e9 d\u2019avoir son <a href=\"https:\/\/actu.fr\/societe\/sante-pourquoi-est-il-aussi-difficile-de-trouver-un-medecin-traitant_57219424.html\" target=\"_blank\" rel=\"noopener\">m\u00e9decin traitant<\/a> parmi ceux du centre. Une opportunit\u00e9 qui a d\u00e9j\u00e0 fait le tour du quartier. \u00ab\u00a0On a mis en place <a href=\"https:\/\/actu.fr\/pays-de-la-loire\/la-roche-sur-yon_85191\/dans-ce-secteur-de-vendee-les-medecins-inventent-une-liste-dattente-pour-faciliter-lacces-a-un-generaliste_62615701.html\" target=\"_blank\" rel=\"noopener\">une liste d\u2019attente<\/a>\u00a0\u00bb \u00e0 partir des appels re\u00e7us et des dossiers remont\u00e9s par le m\u00e9decin en activit\u00e9.<\/p>\n<p class=\" wall-content\">Le dispositif n\u2019est toutefois pas encore lanc\u00e9, la structure attendant d\u2019avoir son \u00e9quipe m\u00e9dicale au complet. \u00ab\u00a0L\u2019attente, c\u2019est surtout pour qu\u2019on puisse faire les choses correctement avec les m\u00e9decins\u00a0\u00bb, insiste la gestionnaire. Il est conseill\u00e9 d\u2019en parler avec un m\u00e9decin du centre lors d\u2019un rendez-vous.<\/p>\n<p class=\" wall-content\">Mais si vous voulez consulter, il va falloir patienter un peu. Le seul m\u00e9decin aujourd\u2019hui sur place n\u2019a <strong>aucune disponibilit\u00e9<\/strong> avant\u2026 La deuxi\u00e8me moiti\u00e9 de septembre ! \u00ab\u00a0On \u00e9tait tr\u00e8s attendus\u00a0\u00bb, glisse la gestionnaire.<\/p>\n<p>Horaires du secr\u00e9tariat du centre de sant\u00e9 Presqu\u2019\u00eele de Grenoble : du lundi au vendredi de 8h30 \u00e0 19 heures, le samedi de 8h30 \u00e0 12h30. <br \/>Ferm\u00e9 le dimanche.<\/p>\n<p class=\" wall-content\">Suivez toute l\u2019actualit\u00e9 de vos villes et m\u00e9dias favoris en vous inscrivant \u00e0 <a href=\"https:\/\/moncompte.actu.fr\" title=\"D\u00e9couvez Mon Actu\" rel=\"nofollow noopener\" data-trk=\"{&quot;cta&quot;:{&quot;action&quot;:&quot;https:\\\/\\\/moncompte.actu.fr&quot;,&quot;category&quot;:&quot;mon compte&quot;,&quot;from&quot;:&quot;article footer&quot;,&quot;name&quot;:&quot;Mon actu&quot;,&quot;type&quot;:&quot;cta&quot;}}\" target=\"_blank\">Mon Actu<\/a>.<\/p>\n","protected":false},"excerpt":{"rendered":"Par Lisa Rodrigues Publi\u00e9 le 21 juil. 2025 \u00e0 16h14 En 2023, Grenoble comptait 6,1 m\u00e9decins pour 10&hellip;\n","protected":false},"author":2,"featured_media":263505,"comment_status":"","ping_status":"","sticky":false,"template":"","format":"standard","meta":{"footnotes":""},"categories":[9566],"tags":[1111,11,2430,1777,674,1011,27,2731,2673,12,25,71,104],"class_list":{"0":"post-263504","1":"post","2":"type-post","3":"status-publish","4":"format-standard","5":"has-post-thumbnail","7":"category-grenoble","8":"tag-actu","9":"tag-actualites","10":"tag-auvergne-rhone-alpes","11":"tag-eu","12":"tag-europe","13":"tag-fr","14":"tag-france","15":"tag-grenoble","16":"tag-medecins","17":"tag-news","18":"tag-republique-francaise","19":"tag-sante","20":"tag-societe"},"share_on_mastodon":{"url":"https:\/\/pubeurope.com\/@fr\/114891663880482386","error":""},"_links":{"self":[{"href":"https:\/\/www.europesays.com\/fr\/wp-json\/wp\/v2\/posts\/263504","targetHints":{"allow":["GET"]}}],"collection":[{"href":"https:\/\/www.europesays.com\/fr\/wp-json\/wp\/v2\/posts"}],"about":[{"href":"https:\/\/www.europesays.com\/fr\/wp-json\/wp\/v2\/types\/post"}],"author":[{"embeddable":true,"href":"https:\/\/www.europesays.com\/fr\/wp-json\/wp\/v2\/users\/2"}],"replies":[{"embeddable":true,"href":"https:\/\/www.europesays.com\/fr\/wp-json\/wp\/v2\/comments?post=263504"}],"version-history":[{"count":0,"href":"https:\/\/www.europesays.com\/fr\/wp-json\/wp\/v2\/posts\/263504\/revisions"}],"wp:featuredmedia":[{"embeddable":true,"href":"https:\/\/www.europesays.com\/fr\/wp-json\/wp\/v2\/media\/263505"}],"wp:attachment":[{"href":"https:\/\/www.europesays.com\/fr\/wp-json\/wp\/v2\/media?parent=263504"}],"wp:term":[{"taxonomy":"category","embeddable":true,"href":"https:\/\/www.europesays.com\/fr\/wp-json\/wp\/v2\/categories?post=263504"},{"taxonomy":"post_tag","embeddable":true,"href":"https:\/\/www.europesays.com\/fr\/wp-json\/wp\/v2\/tags?post=263504"}],"curies":[{"name":"wp","href":"https:\/\/api.w.org\/{rel}","templated":true}]}}