{"id":263506,"date":"2025-07-21T14:20:15","date_gmt":"2025-07-21T14:20:15","guid":{"rendered":"https:\/\/www.europesays.com\/fr\/263506\/"},"modified":"2025-07-21T14:20:15","modified_gmt":"2025-07-21T14:20:15","slug":"victime-dune-fusillade-il-est-place-en-garde-a-vue-a-cause-dune-perquisition-decisive-a-son-domicile","status":"publish","type":"post","link":"https:\/\/www.europesays.com\/fr\/263506\/","title":{"rendered":"victime d&rsquo;une fusillade, il est plac\u00e9 en garde \u00e0 vue \u00e0 cause d&rsquo;une perquisition d\u00e9cisive \u00e0 son domicile"},"content":{"rendered":"<p itemprop=\"description\"><strong>Pas de r\u00e9pit pour le bless\u00e9 par balle du quartier du Village Olympique.<\/strong><\/p>\n<p>Les faits se sont d\u00e9roul\u00e9s dans la matin\u00e9e du samedi 19 juillet. Un jeune homme, \u00e2g\u00e9 d\u2019une vingtaine d\u2019ann\u00e9es, a \u00e9t\u00e9 bless\u00e9 par balle \u00e0 une cuisse, en plein c\u0153ur du quartier du Village olympique de Grenoble. Imm\u00e9diatement pris en charge par les secours, il \u00e9tait hospitalis\u00e9 au CHU Grenoble Alpes.<\/p>\n<p>Mais si la victime pensait pouvoir rentrer chez elle sans encombre apr\u00e8s avoir re\u00e7u les soins n\u00e9cessaires, rien ne s\u2019est pass\u00e9 comme pr\u00e9vu.<\/p>\n<p>Car la police grenobloise en charge de l\u2019enqu\u00eate a r\u00e9alis\u00e9 une perquisition \u00e0 son domicile. Plusieurs munitions ainsi qu\u2019un gilet pare-balles ont \u00e9t\u00e9 retrouv\u00e9s dans celui-ci.<\/p>\n<p>Le jeune homme a donc \u00e9t\u00e9 plac\u00e9 en garde \u00e0 vue \u00e0 sa sortie de l\u2019h\u00f4pital. Selon Le Dauphin\u00e9 lib\u00e9r\u00e9, il devrait \u00eatre d\u00e9f\u00e9r\u00e9 au parquet de Grenoble, ce lundi.<\/p>\n","protected":false},"excerpt":{"rendered":"Pas de r\u00e9pit pour le bless\u00e9 par balle du quartier du Village Olympique. Les faits se sont d\u00e9roul\u00e9s&hellip;\n","protected":false},"author":2,"featured_media":263507,"comment_status":"","ping_status":"","sticky":false,"template":"","format":"standard","meta":{"footnotes":""},"categories":[9566],"tags":[1111,11,2813,2430,1109,251,1112,2811,1777,674,118,1011,27,21780,2731,14004,1922,1110,1114,108,12,316,25,2812,517,800],"class_list":{"0":"post-263506","1":"post","2":"type-post","3":"status-publish","4":"format-standard","5":"has-post-thumbnail","7":"category-grenoble","8":"tag-actu","9":"tag-actualites","10":"tag-article","11":"tag-auvergne-rhone-alpes","12":"tag-breves","13":"tag-culture","14":"tag-depeches","15":"tag-economique","16":"tag-eu","17":"tag-europe","18":"tag-faits-divers","19":"tag-fr","20":"tag-france","21":"tag-gf38","22":"tag-grenoble","23":"tag-grenoblemag","24":"tag-info","25":"tag-informations","26":"tag-infos","27":"tag-isere","28":"tag-news","29":"tag-politique","30":"tag-republique-francaise","31":"tag-sociale","32":"tag-sport","33":"tag-transports"},"share_on_mastodon":{"url":"https:\/\/pubeurope.com\/@fr\/114891667734770139","error":""},"_links":{"self":[{"href":"https:\/\/www.europesays.com\/fr\/wp-json\/wp\/v2\/posts\/263506","targetHints":{"allow":["GET"]}}],"collection":[{"href":"https:\/\/www.europesays.com\/fr\/wp-json\/wp\/v2\/posts"}],"about":[{"href":"https:\/\/www.europesays.com\/fr\/wp-json\/wp\/v2\/types\/post"}],"author":[{"embeddable":true,"href":"https:\/\/www.europesays.com\/fr\/wp-json\/wp\/v2\/users\/2"}],"replies":[{"embeddable":true,"href":"https:\/\/www.europesays.com\/fr\/wp-json\/wp\/v2\/comments?post=263506"}],"version-history":[{"count":0,"href":"https:\/\/www.europesays.com\/fr\/wp-json\/wp\/v2\/posts\/263506\/revisions"}],"wp:featuredmedia":[{"embeddable":true,"href":"https:\/\/www.europesays.com\/fr\/wp-json\/wp\/v2\/media\/263507"}],"wp:attachment":[{"href":"https:\/\/www.europesays.com\/fr\/wp-json\/wp\/v2\/media?parent=263506"}],"wp:term":[{"taxonomy":"category","embeddable":true,"href":"https:\/\/www.europesays.com\/fr\/wp-json\/wp\/v2\/categories?post=263506"},{"taxonomy":"post_tag","embeddable":true,"href":"https:\/\/www.europesays.com\/fr\/wp-json\/wp\/v2\/tags?post=263506"}],"curies":[{"name":"wp","href":"https:\/\/api.w.org\/{rel}","templated":true}]}}