{"id":263508,"date":"2025-07-21T14:21:10","date_gmt":"2025-07-21T14:21:10","guid":{"rendered":"https:\/\/www.europesays.com\/fr\/263508\/"},"modified":"2025-07-21T14:21:10","modified_gmt":"2025-07-21T14:21:10","slug":"une-fuite-de-gaz-detectee-un-immeuble-evacue-et-un-perimetre-de-securite-en-place","status":"publish","type":"post","link":"https:\/\/www.europesays.com\/fr\/263508\/","title":{"rendered":"une fuite de gaz d\u00e9tect\u00e9e, un immeuble \u00e9vacu\u00e9 et un p\u00e9rim\u00e8tre de s\u00e9curit\u00e9 en place"},"content":{"rendered":"<p>            Par<br \/>\n        <strong><br \/>\n            <a href=\"https:\/\/actu.fr\/auteur\/clemence-pays02-actu-fr\" title=\"Consulter tous les articles de Cl\u00e9mence Pays\" rel=\"nofollow noopener\" target=\"_blank\">Cl\u00e9mence Pays<\/a><br \/>\n        <\/strong><\/p>\n<p>        Publi\u00e9 le<\/p>\n<p>            21 juil. 2025 \u00e0 15h55        <\/p>\n<p>Attention si vous vous promenez dans le centre-ville de Rennes. Ce lundi 21\u00a0juillet 2025, une <strong>fuite de gaz<\/strong> a \u00e9t\u00e9 signal\u00e9e rue Paul-Bert, sur le compte X de la police nationale.\u00a0Un <strong>p\u00e9rim\u00e8tre de s\u00e9curit\u00e9<\/strong> a ainsi \u00e9t\u00e9 mis en place et les <strong>bus d\u00e9vi\u00e9s.<\/strong><\/p>\n<p>    <a href=\"https:\/\/www.google.com\/maps\/embed?pb=!1m18!1m12!1m3!1d2663.976515160314!2d-1.6711322231858863!3d48.11068875303219!2m3!1f0!2f0!3f0!3m2!1i1024!2i768!4f13.1!3m3!1m2!1s0x480ede4c7ce99f89%3A0xd4d61474c4d2d5dc!2sRue%20Paul%20Bert%2C%2035000%20Rennes!5e0!3m2!1sfr!2sfr!4v1753105580433!5m2!1sfr!2sfr\" title=\"Ouvrie le lien\" rel=\"nofollow noopener\" target=\"_blank\">Cliquez ici pour visualiser le contenu<\/a><\/p>\n<p class=\" wall-content\">Selon une source polici\u00e8re contact\u00e9e par actu Rennes, <strong>la fuite provient d\u2019un appartement.<\/strong> \u00ab\u2009L\u2019op\u00e9ration a d\u00e9but\u00e9 \u00e0 15h10 et <strong>l\u2019immeuble a \u00e9t\u00e9 \u00e9vacu\u00e9.\u2009\u00bb<\/strong> Aucune victime n\u2019est \u00e0 d\u00e9plorer.<\/p>\n<p class=\" wall-content\">\n<p>Les pompiers sur place<\/p>\n<p class=\" wall-content\">Les sapeurs-pompiers sont \u00e9galement sur place afin de<strong> ventiler les lieux<\/strong> pour permettre aux habitants de regagner leur domicile, une fois l\u2019op\u00e9ration achev\u00e9e.<\/p>\n<p class=\" wall-content\">Suivez toute l\u2019actualit\u00e9 de vos villes et m\u00e9dias favoris en vous inscrivant \u00e0 <a href=\"https:\/\/moncompte.actu.fr\" title=\"D\u00e9couvez Mon Actu\" rel=\"nofollow noopener\" data-trk=\"{&quot;cta&quot;:{&quot;action&quot;:&quot;https:\\\/\\\/moncompte.actu.fr&quot;,&quot;category&quot;:&quot;mon compte&quot;,&quot;from&quot;:&quot;article footer&quot;,&quot;name&quot;:&quot;Mon actu&quot;,&quot;type&quot;:&quot;cta&quot;}}\" target=\"_blank\">Mon Actu<\/a>.<\/p>\n","protected":false},"excerpt":{"rendered":"Par Cl\u00e9mence Pays Publi\u00e9 le 21 juil. 2025 \u00e0 15h55 Attention si vous vous promenez dans le centre-ville&hellip;\n","protected":false},"author":2,"featured_media":263509,"comment_status":"","ping_status":"","sticky":false,"template":"","format":"standard","meta":{"footnotes":""},"categories":[2821],"tags":[1111,11,829,1777,674,118,1011,27,843,12,1072,1311,584,25],"class_list":{"0":"post-263508","1":"post","2":"type-post","3":"status-publish","4":"format-standard","5":"has-post-thumbnail","7":"category-rennes","8":"tag-actu","9":"tag-actualites","10":"tag-bretagne","11":"tag-eu","12":"tag-europe","13":"tag-faits-divers","14":"tag-fr","15":"tag-france","16":"tag-gaz","17":"tag-news","18":"tag-police","19":"tag-pompiers","20":"tag-rennes","21":"tag-republique-francaise"},"share_on_mastodon":{"url":"https:\/\/pubeurope.com\/@fr\/114891671741033873","error":""},"_links":{"self":[{"href":"https:\/\/www.europesays.com\/fr\/wp-json\/wp\/v2\/posts\/263508","targetHints":{"allow":["GET"]}}],"collection":[{"href":"https:\/\/www.europesays.com\/fr\/wp-json\/wp\/v2\/posts"}],"about":[{"href":"https:\/\/www.europesays.com\/fr\/wp-json\/wp\/v2\/types\/post"}],"author":[{"embeddable":true,"href":"https:\/\/www.europesays.com\/fr\/wp-json\/wp\/v2\/users\/2"}],"replies":[{"embeddable":true,"href":"https:\/\/www.europesays.com\/fr\/wp-json\/wp\/v2\/comments?post=263508"}],"version-history":[{"count":0,"href":"https:\/\/www.europesays.com\/fr\/wp-json\/wp\/v2\/posts\/263508\/revisions"}],"wp:featuredmedia":[{"embeddable":true,"href":"https:\/\/www.europesays.com\/fr\/wp-json\/wp\/v2\/media\/263509"}],"wp:attachment":[{"href":"https:\/\/www.europesays.com\/fr\/wp-json\/wp\/v2\/media?parent=263508"}],"wp:term":[{"taxonomy":"category","embeddable":true,"href":"https:\/\/www.europesays.com\/fr\/wp-json\/wp\/v2\/categories?post=263508"},{"taxonomy":"post_tag","embeddable":true,"href":"https:\/\/www.europesays.com\/fr\/wp-json\/wp\/v2\/tags?post=263508"}],"curies":[{"name":"wp","href":"https:\/\/api.w.org\/{rel}","templated":true}]}}