{"id":26351,"date":"2025-04-15T11:01:25","date_gmt":"2025-04-15T11:01:25","guid":{"rendered":"https:\/\/www.europesays.com\/fr\/26351\/"},"modified":"2025-04-15T11:01:25","modified_gmt":"2025-04-15T11:01:25","slug":"un-influenceur-musulman-se-filme-en-recitant-le-coran-dans-une-eglise-le-diocese-et-la-grande-mosquee-condamnent-une-provocation","status":"publish","type":"post","link":"https:\/\/www.europesays.com\/fr\/26351\/","title":{"rendered":"un influenceur musulman se filme en r\u00e9citant le Coran dans une \u00e9glise, le dioc\u00e8se et la grande mosqu\u00e9e \u00abcondamnent\u00bb une provocation"},"content":{"rendered":"<p>                             Par Sol\u00e8ne Vary<\/p>\n<p>\n            Publi\u00e9<br \/>\n                le 18 mars 2025 \u00e0 14h30,<br \/>\n                 mis \u00e0 jour le 18 mars 2025 \u00e0 15h00<\/p>\n<p>\u00a0\u00bb<br \/>\n        data-script=\u00a0\u00bbhttps:\/\/static.lefigaro.fr\/widget-video\/short-ttl\/video\/index.js\u00a0\u00bb<br \/>\n    &gt;<\/p>\n<p>Une paroissienne a interpell\u00e9 le jeune homme, lui reprochant une d\u00e9marche irrespectueuse et l\u2019exhortant \u00e0 quitter le monument, en vain. Le Tiktokeur se d\u00e9fend de toute provocation.<\/p>\n<p class=\"fig-paragraph\">En se filmant dans une \u00e9glise du\u00a0<a href=\"https:\/\/www.lefigaro.fr\/actualite-france\/strasbourg-le-financement-de-la-mosquee-fait-des-remous-20221209\" data-fig-type=\"Article\" data-gtm-custom-categorie=\"navigation\" data-gtm-custom-action=\"crossclick\" data-gtm-custom-label=\"Contextuel\" data-gtm-event=\"customEventSPE\" data-fig-domain=\"LEFIGARO\" target=\"_blank\" rel=\"noopener\">dioc\u00e8se de Strasbourg<\/a>\u00a0en train de r\u00e9citer le Coran le 9 mars dernier,\u00a0<a href=\"https:\/\/www.google.com\/search?q=site%3Alefigaro.fr+influenceur+musulman&amp;rlz=1C1GCEB_en&amp;oq=site%3Alefigaro.fr+influenceur+musulman&amp;gs_lcrp=EgZjaHJvbWUyBggAEEUYOTIGCAEQRRg60gEIODg3MGowajeoAgCwAgA&amp;sourceid=chrome&amp;ie=UTF-8\" target=\"_blank\" rel=\"nofollow noopener\" data-gtm-custom-categorie=\"navigation\" data-gtm-custom-action=\"crossclick\" data-gtm-custom-label=\"Contextuel\" data-gtm-event=\"customEventSPE\">l\u2019influenceur<\/a>\u00a0Fobustiktok a fait grincer quelques m\u00e2choires. La vid\u00e9o enregistre pr\u00e8s de 300.000 vues sur le r\u00e9seau social TikTok.\u00a0Elle a \u00e9t\u00e9 d\u00e9nonc\u00e9e conjointement par\u00a0<a href=\"http:\/\/www.lefigaro.fr\/actualite-france\/le-diocese-de-strasbourg-objet-d-une-inspection-generale-ordonnee-par-le-pape-20220623\" data-fig-type=\"NewsFlash\" data-gtm-custom-categorie=\"navigation\" data-gtm-custom-action=\"crossclick\" data-gtm-custom-label=\"Contextuel\" data-gtm-event=\"customEventSPE\" data-fig-domain=\"LEFIGARO\" target=\"_blank\" rel=\"noopener\">le dioc\u00e8se<\/a>\u00a0et la grande mosqu\u00e9e de Strasbourg.<\/p>\n<p class=\"fig-paragraph\">Sur cette pastille de 4 minutes 54, on voit un jeune homme \u00e0 la fine barbe et portant un qamis s\u2019installer sur le banc d\u2019une \u00e9glise, dos \u00e0 l\u2019autel. Il s\u2019agit de l\u2019\u00e9glise Saint-Pierre-le-Jeune, situ\u00e9e dans le quartier Neustadt. Le dit Fobustiktok (son pseudo sur le r\u00e9seau social chinois) ouvre un Coran et chante pendant une trentaine de secondes avant d\u2019\u00eatre interrompu par une femme, hors champ. Prenant un air contrari\u00e9 alors qu\u2019il se fait interpeller par la voix f\u00e9minine, le jeune homme adopte un ton d\u00e9fensif\u00a0: \u00abC\u2019est le texte qui parle de Marie La Vierge\u00a0!\u00bb La femme semble protester. \u00abMoi, si j\u2019allais filmer \u00e0 la mosqu\u00e9e, vous ne seriez pas content\u00bb, lance-t-elle.<\/p>\n<p class=\"fig-paragraph\">S\u2019ensuit un dialogue de sourd dans lequel la paroissienne insiste sur l\u2019irrespect de son acte\u00a0: \u00abSi vous \u00eates dans une d\u00e9marche de conversion au catholicisme d\u2019accord. Mais autrement, vous ne vous filmez pas en train de lire le Coran\u00a0!\u00a0\u00bb L\u2019influenceur affirme de son c\u00f4t\u00e9 qu\u2019il n\u2019y a \u00abpas de provocation\u00bb, qu\u2019il fait cette lecture sur \u00abMarie la Vierge\u00bb pour c\u00e9l\u00e9brer le 8 mars, journ\u00e9e de la femme. \u00abSortez s\u2019il vous pla\u00eet\u00bb, l\u2019exhorte son interlocutrice.<\/p>\n<p class=\"fig-paragraph\">Finalement, l\u2019altercation prend fin. Le Tiktokeur poursuit sa r\u00e9citation pendant pr\u00e8s de 4 minutes. Plusieurs commentaires d\u00e9noncent le caract\u00e8re insolent de cette vid\u00e9o\u00a0: \u00abC\u2019est de la pure provocation. Comment le prendrais-tu si quelqu\u2019un venait r\u00e9citer des versets de la Bible dans une mosqu\u00e9e\u00a0?\u00bb, \u00e9crit un internaute. Un autre rench\u00e9rit\u00a0: \u00abApr\u00e8s on se demande pourquoi on est mal vus en France, aucun respect envers un lieu de culte chr\u00e9tien.\u00bb<\/p>\n<p>La grande mosqu\u00e9e \u00abcondamne avec vigueur cette offense intol\u00e9rable\u00bb<\/p>\n<p class=\"fig-paragraph\">Dans la soir\u00e9e de lundi, la grande mosqu\u00e9e de Strasbourg a publi\u00e9 un communiqu\u00e9, sign\u00e9 de son pr\u00e9sident, Sa\u00efd Aalla. Il \u00abcondamne avec vigueur cette offense intol\u00e9rable\u00bb et parle d\u2019une \u00abprovocation insoutenable\u00bb. \u00abNous, musulmans de Strasbourg, ne tol\u00e9rons pas que des individus en qu\u00eate de buzz et de visibilit\u00e9 puissent, par leur ignorance et leur arrogance, bafouer les principes les plus \u00e9l\u00e9mentaires du respect et compromettre des ann\u00e9es d\u2019effort et de travail commun\u00bb, lit-on en encore. En effet, le communiqu\u00e9 insiste sur les \u00abrelations respectueuses\u00bb qu\u2019entretiennent \u00e0 Strabourg les communaut\u00e9s chr\u00e9tiennes et musulmanes.<\/p>\n<p class=\"fig-paragraph\">Ce matin, le vicaire g\u00e9n\u00e9ral Jean-Luc Li\u00e9nard a fait une d\u00e9claration \u00e0 son tour, relay\u00e9e sur la page Facebook \u00abl\u2019\u00c9glise Catholique en Alsace\u00bb. Il se fait l\u2019\u00e9cho de \u00abl\u2019indignation\u00bb du dioc\u00e8se et de sa \u00abcondamnation de ces faits provocateurs et irrespectueux\u00bb. Il remercie \u00e9galement le pr\u00e9sident de la grande mosqu\u00e9e pour son soutien. \u00abLe mal faisant toujours plus de bruit que le bien, ne nous \u00e9garons pas. Consolidons le dialogue, consolidons la fraternit\u00e9, pr\u00e9servons la paix.\u00bb Jean-Fran\u00e7ois Bour, pr\u00eatre et expert des relations avec l\u2019islam au sein de la Conf\u00e9rence des \u00e9v\u00eaques de France, a exprim\u00e9 sur le r\u00e9seau X sa reconnaissance \u00e0 la grande mosqu\u00e9e de Strasbourg \u00abpour cette mise au point claire, concernant l\u2019attitude d\u00e9plac\u00e9e de Fobustiktok\u00bb.<\/p>\n<p class=\"fig-paragraph\">C\u00f4t\u00e9 politique, l\u2019eurod\u00e9put\u00e9e et membre du parti de Marion Mar\u00e9chal Identit\u00e9 Libert\u00e9s, Laurence Trochu s\u2019\u00e9tait insurg\u00e9e sur le r\u00e9seau social X\u00a0: \u00abUn influenceur alg\u00e9rien et musulman se filme en train de r\u00e9citer le Coran dans l\u2019\u00e9glise Saint-Pierre-le-Jeune \u00e0 Strasbourg, en plein Car\u00eame. Massacres, d\u00e9gradations, profanations, pers\u00e9cutions, provocations\u00a0: les chr\u00e9tiens de France se retrouveront bient\u00f4t menac\u00e9s comme les chr\u00e9tiens d\u2019orient\u00a0!\u00bb Contact\u00e9 par Le Figaro, l\u2019influenceur Fobustiktok n\u2019a, de son c\u00f4t\u00e9, pas r\u00e9pondu. Il a en revanche publi\u00e9 une nouvelle vid\u00e9o sur son compte ce mardi matin. Sur un fond musical apaisant, avec une voix calme et le sourire aux l\u00e8vres, il dit vouloir envoyer \u00abun message de paix, d\u2019amour et de tol\u00e9rance entre le christianisme et l\u2019islam\u00bb en pleine p\u00e9riode de car\u00eame et de ramadan.<\/p>\n<p>\u00a0\u00bb<br \/>\n        data-script=\u00a0\u00bbhttps:\/\/static.lefigaro.fr\/widget-video\/short-ttl\/video\/index.js\u00a0\u00bb<br \/>\n    &gt;<\/p>\n","protected":false},"excerpt":{"rendered":"Par Sol\u00e8ne Vary Publi\u00e9 le 18 mars 2025 \u00e0 14h30, mis \u00e0 jour le 18 mars 2025 \u00e0&hellip;\n","protected":false},"author":2,"featured_media":26352,"comment_status":"","ping_status":"","sticky":false,"template":"","format":"standard","meta":{"footnotes":""},"categories":[2820],"tags":[1111,47,1058,1054,1059,1060,1055,11,1057,1777,674,118,1011,27,775,1061,303,12,1062,25,656,104,1056,640,2439,809],"class_list":{"0":"post-26351","1":"post","2":"type-post","3":"status-publish","4":"format-standard","5":"has-post-thumbnail","7":"category-strasbourg","8":"tag-actu","9":"tag-actualite","10":"tag-actualite-education","11":"tag-actualite-france","12":"tag-actualite-justice","13":"tag-actualite-securite","14":"tag-actualite-societe","15":"tag-actualites","16":"tag-education","17":"tag-eu","18":"tag-europe","19":"tag-faits-divers","20":"tag-fr","21":"tag-france","22":"tag-grand-est","23":"tag-immigration","24":"tag-justice","25":"tag-news","26":"tag-polemique","27":"tag-republique-francaise","28":"tag-securite","29":"tag-societe","30":"tag-societe-francaise","31":"tag-strasbourg","32":"tag-tiktok","33":"tag-violence"},"share_on_mastodon":{"url":"https:\/\/pubeurope.com\/@fr\/114341641193220553","error":""},"_links":{"self":[{"href":"https:\/\/www.europesays.com\/fr\/wp-json\/wp\/v2\/posts\/26351","targetHints":{"allow":["GET"]}}],"collection":[{"href":"https:\/\/www.europesays.com\/fr\/wp-json\/wp\/v2\/posts"}],"about":[{"href":"https:\/\/www.europesays.com\/fr\/wp-json\/wp\/v2\/types\/post"}],"author":[{"embeddable":true,"href":"https:\/\/www.europesays.com\/fr\/wp-json\/wp\/v2\/users\/2"}],"replies":[{"embeddable":true,"href":"https:\/\/www.europesays.com\/fr\/wp-json\/wp\/v2\/comments?post=26351"}],"version-history":[{"count":0,"href":"https:\/\/www.europesays.com\/fr\/wp-json\/wp\/v2\/posts\/26351\/revisions"}],"wp:featuredmedia":[{"embeddable":true,"href":"https:\/\/www.europesays.com\/fr\/wp-json\/wp\/v2\/media\/26352"}],"wp:attachment":[{"href":"https:\/\/www.europesays.com\/fr\/wp-json\/wp\/v2\/media?parent=26351"}],"wp:term":[{"taxonomy":"category","embeddable":true,"href":"https:\/\/www.europesays.com\/fr\/wp-json\/wp\/v2\/categories?post=26351"},{"taxonomy":"post_tag","embeddable":true,"href":"https:\/\/www.europesays.com\/fr\/wp-json\/wp\/v2\/tags?post=26351"}],"curies":[{"name":"wp","href":"https:\/\/api.w.org\/{rel}","templated":true}]}}