{"id":263518,"date":"2025-07-21T14:26:10","date_gmt":"2025-07-21T14:26:10","guid":{"rendered":"https:\/\/www.europesays.com\/fr\/263518\/"},"modified":"2025-07-21T14:26:10","modified_gmt":"2025-07-21T14:26:10","slug":"la-colere-dune-mere-face-a-lhomme-qui-a-renverse-sa-fille-il-y-a-un-an-et-qui-continue-a-vivre-normalement","status":"publish","type":"post","link":"https:\/\/www.europesays.com\/fr\/263518\/","title":{"rendered":"La col\u00e8re d\u2019une m\u00e8re face \u00e0 l\u2019homme qui a renvers\u00e9 sa fille il y a un an et qui \u00ab\u00a0continue \u00e0 vivre normalement\u00a0\u00bb"},"content":{"rendered":"<p> \u00abComment c\u2019est possible\u00a0?\u00a0\u00bb Un an apr\u00e8s le grave <a href=\"https:\/\/www.20minutes.fr\/dossier\/accident_de_la_route\" class=\"color-ultramarine c-link\" target=\"_blank\" rel=\"noopener\">accident de la route<\/a> de sa fille, percut\u00e9e par un automobiliste \u00e0 Nice (<a href=\"https:\/\/www.20minutes.fr\/societe\/alpes-maritimes\/\" class=\"color-ultramarine c-link\" target=\"_blank\" rel=\"noopener\">Alpes-Maritimes<\/a>) alors qu\u2019elle circulait \u00e0 trottinette, une m\u00e8re s\u2019insurge. La femme de 47 ans a r\u00e9cemment appris que l\u2019homme en cause n\u2019avait toujours pas purg\u00e9 sa peine de prison, rapporte\u00a0<a href=\"https:\/\/www.nicematin.com\/faits-divers\/-pourquoi-n-a-t-il-toujours-pas-execute-sa-peine-un-an-apres-l-accident-de-trottinette-de-sa-fille-a-nice-elle-s-indigne-du-sort-de-l-automobiliste-condamne-994965\" rel=\"nofollow noopener\" target=\"_blank\" class=\"color-ultramarine c-link\">Nice-Matin<\/a>.<\/p>\n<p>Un chauffard \u00e0 contresens<\/p>\n<p>Le 24 juillet\u00a02024, en fin de journ\u00e9e, une jeune fille de 19 ans a \u00e9t\u00e9 percut\u00e9e dans le centre de <a href=\"https:\/\/www.20minutes.fr\/nice\/\" class=\"color-ultramarine c-link\" target=\"_blank\" rel=\"noopener\">Nice<\/a> par un automobiliste. Ce dernier circulait \u00e0 contresens sur une voie r\u00e9serv\u00e9e aux bus. \u00ab\u00a0Pendant deux heures, je n\u2019ai pas su si ma fille allait vivre ou mourir\u00a0\u00bb, se souvient sa m\u00e8re. Gri\u00e8vement bless\u00e9e, la <a href=\"https:\/\/www.20minutes.fr\/dossier\/victime\" class=\"color-ultramarine c-link\" target=\"_blank\" rel=\"noopener\">victime<\/a> a finalement \u00e9t\u00e9 tir\u00e9e d\u2019affaire, ses organes vitaux \u00e9tant tous intacts.<\/p>\n<p>La jeune fille a cependant\u00a0\u00e9t\u00e9 hospitalis\u00e9e longtemps et a d\u00fb suivre plusieurs mois de r\u00e9\u00e9ducation. Son ann\u00e9e d\u2019\u00e9tudes au <a href=\"https:\/\/www.20minutes.fr\/dossier\/canada\" class=\"color-ultramarine c-link\" target=\"_blank\" rel=\"noopener\">Canada<\/a> a \u00e9t\u00e9 annul\u00e9e et elle n\u2019a pu retourner en cours qu\u2019en janvier dernier. L\u2019automobiliste, de son c\u00f4t\u00e9, a \u00e9t\u00e9 jug\u00e9 le 11\u00a0septembre 2024 pour blessures involontaires ayant entra\u00een\u00e9 plus de trois mois d\u2019ITT. Il a \u00e9cop\u00e9 de\u00a030 mois de <a href=\"https:\/\/www.20minutes.fr\/dossier\/prison\" class=\"color-ultramarine c-link\" target=\"_blank\" rel=\"noopener\">prison<\/a>, dont 12 mois ferme am\u00e9nageables.<\/p>\n<p>\u00ab\u00a0Une injustice pas possible\u00a0\u00bb<\/p>\n<p>Seulement voil\u00e0\u00a0: un an plus tard, l\u2019homme n\u2019a toujours pas ex\u00e9cut\u00e9 sa peine. \u00ab\u00a0On a v\u00e9cu une ann\u00e9e de m*rde, ma fille n\u2019est pas sortie pendant des mois et lui, il continue \u00e0 vivre normalement\u00a0\u00bb, fustige la quadrag\u00e9naire. \u00ab\u00a0C\u2019est une injustice pas possible\u00a0! [\u2026] Il n\u2019y a pas de punition.\u00a0\u00bb<\/p>\n<\/p>\n<p>L\u2019<a href=\"https:\/\/www.20minutes.fr\/dossier\/avocat\" class=\"color-ultramarine c-link\" target=\"_blank\" rel=\"noopener\">avocat<\/a> de l\u2019automobiliste a confirm\u00e9 l\u2019information, assurant que son client ne s\u2019\u00e9tait pas pour autant \u00ab\u00a0d\u00e9fil\u00e9 \u00e0 ses obligations\u00a0\u00bb. Il admet que le d\u00e9lai est \u00ab\u00a0un peu long\u00a0\u00bb, mais rappelle que les tribunaux fran\u00e7ais sont engorg\u00e9s par le nombre de dossiers \u00e0 traiter. \u00ab\u00a0La peine sera appliqu\u00e9e\u00a0\u00bb, a-t-il assur\u00e9 \u00e0\u00a0Nice-Matin. \u00ab\u00a0Nous attendons la d\u00e9cision du juge, cela peut prendre du temps.\u00a0\u00bb<\/p>\n","protected":false},"excerpt":{"rendered":"\u00abComment c\u2019est possible\u00a0?\u00a0\u00bb Un an apr\u00e8s le grave accident de la route de sa fille, percut\u00e9e par un&hellip;\n","protected":false},"author":2,"featured_media":263519,"comment_status":"","ping_status":"","sticky":false,"template":"","format":"standard","meta":{"footnotes":""},"categories":[2819],"tags":[119,1111,47,11,1777,674,1011,27,303,12,2401,882,25,104,240,6960],"class_list":{"0":"post-263518","1":"post","2":"type-post","3":"status-publish","4":"format-standard","5":"has-post-thumbnail","7":"category-nice","8":"tag-accident","9":"tag-actu","10":"tag-actualite","11":"tag-actualites","12":"tag-eu","13":"tag-europe","14":"tag-fr","15":"tag-france","16":"tag-justice","17":"tag-news","18":"tag-nice","19":"tag-provence-alpes-cote-dazur","20":"tag-republique-francaise","21":"tag-societe","22":"tag-temoignage","23":"tag-trottinette-electrique"},"share_on_mastodon":{"url":"https:\/\/pubeurope.com\/@fr\/114891691342557669","error":""},"_links":{"self":[{"href":"https:\/\/www.europesays.com\/fr\/wp-json\/wp\/v2\/posts\/263518","targetHints":{"allow":["GET"]}}],"collection":[{"href":"https:\/\/www.europesays.com\/fr\/wp-json\/wp\/v2\/posts"}],"about":[{"href":"https:\/\/www.europesays.com\/fr\/wp-json\/wp\/v2\/types\/post"}],"author":[{"embeddable":true,"href":"https:\/\/www.europesays.com\/fr\/wp-json\/wp\/v2\/users\/2"}],"replies":[{"embeddable":true,"href":"https:\/\/www.europesays.com\/fr\/wp-json\/wp\/v2\/comments?post=263518"}],"version-history":[{"count":0,"href":"https:\/\/www.europesays.com\/fr\/wp-json\/wp\/v2\/posts\/263518\/revisions"}],"wp:featuredmedia":[{"embeddable":true,"href":"https:\/\/www.europesays.com\/fr\/wp-json\/wp\/v2\/media\/263519"}],"wp:attachment":[{"href":"https:\/\/www.europesays.com\/fr\/wp-json\/wp\/v2\/media?parent=263518"}],"wp:term":[{"taxonomy":"category","embeddable":true,"href":"https:\/\/www.europesays.com\/fr\/wp-json\/wp\/v2\/categories?post=263518"},{"taxonomy":"post_tag","embeddable":true,"href":"https:\/\/www.europesays.com\/fr\/wp-json\/wp\/v2\/tags?post=263518"}],"curies":[{"name":"wp","href":"https:\/\/api.w.org\/{rel}","templated":true}]}}