{"id":263520,"date":"2025-07-21T14:27:28","date_gmt":"2025-07-21T14:27:28","guid":{"rendered":"https:\/\/www.europesays.com\/fr\/263520\/"},"modified":"2025-07-21T14:27:28","modified_gmt":"2025-07-21T14:27:28","slug":"exposition-de-tableaux-dalain-le-tocquec-du-22-au-27-juillet-2025-a-asserac-sport","status":"publish","type":"post","link":"https:\/\/www.europesays.com\/fr\/263520\/","title":{"rendered":"Exposition de tableaux d\u2019Alain Le Tocquec du 22 au 27\u00a0juillet 2025 \u00e0 Ass\u00e9rac . Sport"},"content":{"rendered":"<p>\u00a0Je peins depuis tout le temps, ma premi\u00e8re toile je l\u2019ai faite \u00e0 la maternit\u00e9, rouge sur drap\u00e9\u00a0 disait Alain Le Tocquec. Depuis ses premiers croquis sur ses cahiers d\u2019\u00e9colier, en passant par ses cours de dessin par correspondance durant son service militaire, Alain Le Tocquec a donn\u00e9 toute sa vie \u00e0 sa passion, la peinture.<\/p>\n<p>Finist\u00e9rien de naissance, il est n\u00e9 \u00e0 Clohars Carno\u00ebt en 1950. Il s\u2019est install\u00e9 \u00e0 Nantes en 1973, et ne quittera plus cette ville. Quelques accrochages ici ou l\u00e0, une exposition consacr\u00e9e \u00e0 son \u0153uvre au centre Roger Portugal, quelques installations dans les rues de la ville lui accorderont une reconnaissance seulement passag\u00e8re. Il est vrai que comme tout artiste authentique, il ne sait pas \u00ab\u00a0se vendre\u00a0\u00bb. Apr\u00e8s une p\u00e9riode abstraite, sa peinture glisse pas \u00e0 pas vers une forme de lyrisme onirique d\u2019inspiration surr\u00e9aliste, dans laquelle il expose son attirance pour Dali, tout en gardant son originalit\u00e9 propre.<\/p>\n<p>Mais peu \u00e0 peu, d\u00e8s les ann\u00e9es 2000, ses soucis de sant\u00e9 ne lui permettent plus de ma\u00eetriser les pinceaux, et son exutoire sera le collage, assemblage d\u2019images issues de revues promises \u00e0 la destruction et auxquelles il redonnait vie. Il en cr\u00e9era une centaine qui tous traduisent avec force son imaginaire exub\u00e9rant, dans un d\u00e9sordre organis\u00e9, et une volont\u00e9 de dire l\u2019inexprimable.<\/p>\n<p>Exposition du 22 au 27\u00a0juillet 2025, de 10\u00a0h \u00e0 13\u00a0h et de 15\u00a0h \u00e0 19\u00a0h \u00e0 la Maison des Arts \u00e0 Ass\u00e9rac.<\/p>\n<p>\u00a0<\/p>\n","protected":false},"excerpt":{"rendered":"\u00a0Je peins depuis tout le temps, ma premi\u00e8re toile je l\u2019ai faite \u00e0 la maternit\u00e9, rouge sur drap\u00e9\u00a0&hellip;\n","protected":false},"author":2,"featured_media":263521,"comment_status":"","ping_status":"","sticky":false,"template":"","format":"standard","meta":{"footnotes":""},"categories":[2818],"tags":[1111,11,3809,1465,1777,674,63,1011,27,1792,1922,766,12,2636,25,479,517,1470],"class_list":{"0":"post-263520","1":"post","2":"type-post","3":"status-publish","4":"format-standard","5":"has-post-thumbnail","7":"category-nantes","8":"tag-actu","9":"tag-actualites","10":"tag-ball","11":"tag-basket","12":"tag-eu","13":"tag-europe","14":"tag-football","15":"tag-fr","16":"tag-france","17":"tag-handball","18":"tag-info","19":"tag-nantes","20":"tag-news","21":"tag-pays-de-la-loire","22":"tag-republique-francaise","23":"tag-rugby","24":"tag-sport","25":"tag-volley"},"share_on_mastodon":{"url":"https:\/\/pubeurope.com\/@fr\/114891695361662147","error":""},"_links":{"self":[{"href":"https:\/\/www.europesays.com\/fr\/wp-json\/wp\/v2\/posts\/263520","targetHints":{"allow":["GET"]}}],"collection":[{"href":"https:\/\/www.europesays.com\/fr\/wp-json\/wp\/v2\/posts"}],"about":[{"href":"https:\/\/www.europesays.com\/fr\/wp-json\/wp\/v2\/types\/post"}],"author":[{"embeddable":true,"href":"https:\/\/www.europesays.com\/fr\/wp-json\/wp\/v2\/users\/2"}],"replies":[{"embeddable":true,"href":"https:\/\/www.europesays.com\/fr\/wp-json\/wp\/v2\/comments?post=263520"}],"version-history":[{"count":0,"href":"https:\/\/www.europesays.com\/fr\/wp-json\/wp\/v2\/posts\/263520\/revisions"}],"wp:featuredmedia":[{"embeddable":true,"href":"https:\/\/www.europesays.com\/fr\/wp-json\/wp\/v2\/media\/263521"}],"wp:attachment":[{"href":"https:\/\/www.europesays.com\/fr\/wp-json\/wp\/v2\/media?parent=263520"}],"wp:term":[{"taxonomy":"category","embeddable":true,"href":"https:\/\/www.europesays.com\/fr\/wp-json\/wp\/v2\/categories?post=263520"},{"taxonomy":"post_tag","embeddable":true,"href":"https:\/\/www.europesays.com\/fr\/wp-json\/wp\/v2\/tags?post=263520"}],"curies":[{"name":"wp","href":"https:\/\/api.w.org\/{rel}","templated":true}]}}