{"id":263522,"date":"2025-07-21T14:28:39","date_gmt":"2025-07-21T14:28:39","guid":{"rendered":"https:\/\/www.europesays.com\/fr\/263522\/"},"modified":"2025-07-21T14:28:39","modified_gmt":"2025-07-21T14:28:39","slug":"mercato-fc-nantes-un-defenseur-central-attendu-ce-lundi-21-juillet-a-la-joneliere-sport-2","status":"publish","type":"post","link":"https:\/\/www.europesays.com\/fr\/263522\/","title":{"rendered":"Mercato FC Nantes. Un d\u00e9fenseur central attendu ce lundi 21 juillet \u00e0 la Joneli\u00e8re . Sport"},"content":{"rendered":"<p>Le <a href=\"https:\/\/www.ouest-france.fr\/sport\/football\/mercato\/fc-nantes\/\" target=\"_blank\" rel=\"noopener\">FC Nantes<\/a> continue de s\u2019activer sur le march\u00e9 des transferts. Avec les d\u00e9parts de<a href=\"https:\/\/nantes.maville.com\/sport\/detail_-fc-nantes.-finalement-al-duhail-a-su-convaincre-jean-charles-castelletto-_8-6905602_actu.Htm\" target=\"_blank\" rel=\"noopener\"> Jean-Charles Castelletto<\/a>, Nicolas Pallois et Sa\u00efdou Sow, la charni\u00e8re centrale des Canaris \u00e9tait l\u2019un des chantiers du mercato. Apr\u00e8s l\u2019arriv\u00e9e du serbe <a href=\"https:\/\/nantes.maville.com\/sport\/detail_-fc-nantes.-uros-radakovic-est-il-le-futur-nicolas-pallois-_8-6888261_actu.Htm\" target=\"_blank\" rel=\"noopener\">Uros Radakovic<\/a>, c\u2019est <strong>Chidozie Awaziem<\/strong> qui devrait poser ses bagages \u00e0 la Joneli\u00e8re pour renforcer la d\u00e9fense centrale.<\/p>\n<p>Selon nos informations, l\u2019international nig\u00e9rian est attendu <strong>demain matin pour passer sa visite m\u00e9dicale<\/strong> et signer un contrat de trois ans dans la foul\u00e9e.\u00a0\u00c0 28\u00a0ans, le droitier a \u00e9t\u00e9 lib\u00e9r\u00e9 par les Colorado Rapids (\u00c9tats-Unis) contre un peu moins d\u2019un million d\u2019euros.<\/p>\n<p>Une courte histoire entre le FC Nantes et Awaziem<\/p>\n<p>Alors pr\u00eat\u00e9 par le FC Porto, Chidozie Awaziem avait jou\u00e9 23\u00a0matchs sous la tunique jaune et verte lors de la saison 2017-2018. Claudio Ranieri l\u2019utilisait dans l\u2019axe mais aussi dans le couloir droit. Depuis, le natif d\u2019Enugu (Nig\u00e9ria) a sillonn\u00e9 plusieurs championnats\u00a0: la Liga espagnole avec Legan\u00e8s, un retour en Liga Nos \u00e0 Boavista (Portugal), la ligue turque \u00e0 Alanyaspor avant de traverser l\u2019Atlantique pour rejoindre la MLS en 2024.<\/p>\n<p>Quelques saisons plus tard, les dirigeants nantais avaient d\u00e9j\u00e0 envisag\u00e9 l<a href=\"https:\/\/nantes.maville.com\/sport\/detail_-fc-nantes.-mercato-chidozie-awaziem-ne-viendra-finalement-pas-_52716-5905587_actu.Htm\" target=\"_blank\" rel=\"noopener\">e retour de Chidozie Awaziem \u00e0 l\u2019\u00e9t\u00e9 2023,<\/a> apr\u00e8s le d\u00e9part de Andrei Girotto. L\u2019accord avec le club de Boavista n\u2019avait pas abouti. Nantes voulait un transfert libre. Des salaires impay\u00e9s par le club portuan qui avainet provoqu\u00e9 un litige avec le joueur. Deux ans plus tard, l\u2019entra\u00eeneur actuel Luis Castro demandait <strong>\u00ab\u00a0un peu plus d\u2019exp\u00e9rience\u00a0\u00bb<\/strong> pour peaufiner le recrutement estival, samedi 19 juillet 2025 apr\u00e8s la d\u00e9faite contre<a href=\"https:\/\/ploermel.maville.com\/sport\/detail_-fc-nantes.-face-a-guingamp-les-canaris-n-ont-pas-su-prendre-leur-envol-_54555-6906873_actu.Htm\" target=\"_blank\" rel=\"noopener\"> Guingamp en match amical (1-2)<\/a>. Avec presque dix ans en pro, Awaziem semble taill\u00e9 pour le poste.<\/p>\n<p>\u00a0<\/p>\n","protected":false},"excerpt":{"rendered":"Le FC Nantes continue de s\u2019activer sur le march\u00e9 des transferts. Avec les d\u00e9parts de Jean-Charles Castelletto, Nicolas&hellip;\n","protected":false},"author":2,"featured_media":262025,"comment_status":"","ping_status":"","sticky":false,"template":"","format":"standard","meta":{"footnotes":""},"categories":[2818],"tags":[1111,11,3809,1465,1777,674,63,1011,27,1792,1922,2047,766,12,2636,25,479,517,1470],"class_list":{"0":"post-263522","1":"post","2":"type-post","3":"status-publish","4":"format-standard","5":"has-post-thumbnail","7":"category-nantes","8":"tag-actu","9":"tag-actualites","10":"tag-ball","11":"tag-basket","12":"tag-eu","13":"tag-europe","14":"tag-football","15":"tag-fr","16":"tag-france","17":"tag-handball","18":"tag-info","19":"tag-mans","20":"tag-nantes","21":"tag-news","22":"tag-pays-de-la-loire","23":"tag-republique-francaise","24":"tag-rugby","25":"tag-sport","26":"tag-volley"},"share_on_mastodon":{"url":"https:\/\/pubeurope.com\/@fr\/114891699228631374","error":""},"_links":{"self":[{"href":"https:\/\/www.europesays.com\/fr\/wp-json\/wp\/v2\/posts\/263522","targetHints":{"allow":["GET"]}}],"collection":[{"href":"https:\/\/www.europesays.com\/fr\/wp-json\/wp\/v2\/posts"}],"about":[{"href":"https:\/\/www.europesays.com\/fr\/wp-json\/wp\/v2\/types\/post"}],"author":[{"embeddable":true,"href":"https:\/\/www.europesays.com\/fr\/wp-json\/wp\/v2\/users\/2"}],"replies":[{"embeddable":true,"href":"https:\/\/www.europesays.com\/fr\/wp-json\/wp\/v2\/comments?post=263522"}],"version-history":[{"count":0,"href":"https:\/\/www.europesays.com\/fr\/wp-json\/wp\/v2\/posts\/263522\/revisions"}],"wp:featuredmedia":[{"embeddable":true,"href":"https:\/\/www.europesays.com\/fr\/wp-json\/wp\/v2\/media\/262025"}],"wp:attachment":[{"href":"https:\/\/www.europesays.com\/fr\/wp-json\/wp\/v2\/media?parent=263522"}],"wp:term":[{"taxonomy":"category","embeddable":true,"href":"https:\/\/www.europesays.com\/fr\/wp-json\/wp\/v2\/categories?post=263522"},{"taxonomy":"post_tag","embeddable":true,"href":"https:\/\/www.europesays.com\/fr\/wp-json\/wp\/v2\/tags?post=263522"}],"curies":[{"name":"wp","href":"https:\/\/api.w.org\/{rel}","templated":true}]}}