{"id":263525,"date":"2025-07-21T14:30:14","date_gmt":"2025-07-21T14:30:14","guid":{"rendered":"https:\/\/www.europesays.com\/fr\/263525\/"},"modified":"2025-07-21T14:30:14","modified_gmt":"2025-07-21T14:30:14","slug":"un-homme-blesse-par-balle-lors-dune-tentative-denlevement-pres-de-bordeaux","status":"publish","type":"post","link":"https:\/\/www.europesays.com\/fr\/263525\/","title":{"rendered":"Un homme bless\u00e9 par balle lors d\u2019une tentative d\u2019enl\u00e8vement pr\u00e8s de Bordeaux"},"content":{"rendered":"<p>La victime, \u00e2g\u00e9e de 30 ans, a \u00e9t\u00e9 agress\u00e9e dans une cit\u00e9 de M\u00e9rignac dans la nuit du 19 au 20 juillet. Le parquet de Bordeaux a ouvert une enqu\u00eate des chefs de \u00abtentative d\u2019enl\u00e8vement\u00bb et \u00abtentative de meurtre\u00bb en bande organis\u00e9e, ainsi que pour \u00abassociation de malfaiteurs\u00bb.<\/p>\n<p class=\"fig-paragraph\"><a href=\"http:\/\/www.lefigaro.fr\/faits-divers\/l-insecurite-a-atteint-tout-paris-temoigne-une-jeune-femme-poignardee-pour-son-portable-dans-le-7e-arrondissement-20250721\" data-fig-type=\"NewsFlash\" data-gtm-custom-categorie=\"navigation\" data-gtm-custom-action=\"crossclick\" data-gtm-custom-label=\"Contextuel\" data-gtm-event=\"customEventSPE\" data-fig-domain=\"LEFIGARO\" target=\"_blank\" rel=\"noopener\">Les faits ont d\u00e9but\u00e9<\/a>\u00a0au domicile de la victime, \u00e2g\u00e9e de 30 ans, dans la nuit du samedi 19 au dimanche 20 juillet. Cette derni\u00e8re se trouvait dans la\u00a0<a href=\"http:\/\/www.lefigaro.fr\/actualite-france\/on-va-avoir-des-enfants-soldats-dans-nos-cites-a-limoges-les-violences-urbaines-inquietent-les-autorites-20250721\" data-fig-type=\"Article\" data-gtm-custom-categorie=\"navigation\" data-gtm-custom-action=\"crossclick\" data-gtm-custom-label=\"Contextuel\" data-gtm-event=\"customEventSPE\" data-fig-domain=\"LEFIGARO\" target=\"_blank\" rel=\"noopener\">cit\u00e9 de Beutre,<\/a>\u00a0\u00e0\u00a0<a href=\"http:\/\/www.lefigaro.fr\/bordeaux\/deces-d-alain-anziani-d-alain-juppe-a-francois-hollande-les-hommages-se-multiplient-autour-de-l-ex-maire-de-merignac-20250721\" data-fig-type=\"NewsFlash\" data-gtm-custom-categorie=\"navigation\" data-gtm-custom-action=\"crossclick\" data-gtm-custom-label=\"Contextuel\" data-gtm-event=\"customEventSPE\" data-fig-domain=\"LEFIGARO\" target=\"_blank\" rel=\"noopener\">M\u00e9rignac<\/a>, quand \u00abplusieurs individus se sont pr\u00e9sent\u00e9s et ont tent\u00e9 de l\u2019enlever dans un v\u00e9hicule vol\u00e9 le jour pr\u00e9c\u00e9dent \u00e0 Bordeaux\u00bb, d\u00e9clare le parquet dans un communiqu\u00e9 ce lundi. Malgr\u00e9 la r\u00e9sistance de la personne vis\u00e9e, les agresseurs qui \u00e9taient parvenus \u00e0 la faire descendre dans la rue, lui ont tir\u00e9 dessus \u00e0 plusieurs reprises. Deux balles ont ainsi atteint la cible\u00a0: l\u2019une dans la cuisse et l\u2019autre dans le mollet.<\/p>\n<p class=\"fig-paragraph\">Selon nos sources, la rixe s\u2019est d\u00e9roul\u00e9e un peu avant 22h10, heure \u00e0 laquelle la police nationale a \u00e9t\u00e9 appel\u00e9e. Les agresseurs de la victime avaient pris la fuite \u00e0 l\u2019arriv\u00e9e des forces de l\u2019ordre. L\u2019homme, gri\u00e8vement bless\u00e9 sans que son pronostic vital ne soit engag\u00e9, a \u00e9t\u00e9 pris en charge au CHU de Bordeaux Pellegrin.<\/p>\n<p>                                    <a class=\"fig-a11y-skip a11y-hidden\" href=\"#fig-a11y-skip-main-inarticle\"><br \/>\n        Passer la publicit\u00e9<br \/>\n    <\/a><\/p>\n<p class=\"fig-paragraph\">Une enqu\u00eate, des chefs de \u00abtentative d\u2019enl\u00e8vement\u00bb et \u00abtentative de meurtre\u00bb en bande organis\u00e9e, ainsi que pour \u00abassociation de malfaiteurs\u00bb, a \u00e9t\u00e9 ouverte par\u00a0<a href=\"http:\/\/www.lefigaro.fr\/bordeaux\/bordeaux-le-parquet-fait-appel-de-la-relaxe-partielle-du-couple-qui-voulait-sacrifier-leur-fils-de-5-ans-dans-le-desert-du-sahara-20250721\" data-fig-type=\"NewsFlash\" data-gtm-custom-categorie=\"navigation\" data-gtm-custom-action=\"crossclick\" data-gtm-custom-label=\"Contextuel\" data-gtm-event=\"customEventSPE\" data-fig-domain=\"LEFIGARO\" target=\"_blank\" rel=\"noopener\">le parquet de Bordeaux.<\/a>\u00a0Elle est confi\u00e9e \u00e0 la division de la criminalit\u00e9 organis\u00e9e de la Direction interd\u00e9partementale de la police nationale (DIPN) de la Gironde. La piste d\u2019un r\u00e8glement de compte sur fond de trafic de drogue est privil\u00e9gi\u00e9e. Aucune interpellation n\u2019a eu lieu pour l\u2019heure.<\/p>\n<p>\u00abPas une surprise\u00bb<\/p>\n<p class=\"fig-paragraph\">Thierry Millet, conseiller municipal d\u2019opposition \u00e0 M\u00e9rignac, assure que ces faits criminels \u00abne sont pas une surprise\u00bb. Selon l\u2019\u00e9lu, le quartier populaire de Beutre est en proie \u00e0 une ins\u00e9curit\u00e9 croissante, d\u00e9j\u00e0 d\u00e9nonc\u00e9e par ses habitants lors d\u2019une r\u00e9union publique qui s\u2019est tenue en pr\u00e9sence de la police nationale, du bailleur social et de la Ville de M\u00e9rignac, le 4 mars 2025. \u00abMonsieur Millet instrumentalise l\u2019ins\u00e9curit\u00e9, dont je ne souhaite ni minimiser l\u2019existence ni le sentiment chez les habitants. Il veut jouer sur les peurs, c\u2019est son choix\u00bb, riposte l\u2019\u00e9dile, Thierry Trijoulet, nouveau maire de M\u00e9rignac \u00e9lu en juin 2025, apr\u00e8s le\u00a0<a href=\"http:\/\/www.lefigaro.fr\/bordeaux\/deces-d-alain-anziani-d-alain-juppe-a-francois-hollande-les-hommages-se-multiplient-autour-de-l-ex-maire-de-merignac-20250721\" data-fig-type=\"NewsFlash\" data-gtm-custom-categorie=\"navigation\" data-gtm-custom-action=\"crossclick\" data-gtm-custom-label=\"Contextuel\" data-gtm-event=\"customEventSPE\" data-fig-domain=\"LEFIGARO\" target=\"_blank\" rel=\"noopener\">retrait d\u2019Alain Anziani.<\/a>\u00a0Avant d\u2019admettre\u00a0: \u00abIl y avait d\u00e9j\u00e0 des probl\u00e8mes dans cette r\u00e9sidence, qui est r\u00e9cente et compos\u00e9e \u00e0 100% de logements sociaux pavillonnaires. Mais il y a aussi d\u00e9j\u00e0 eu des interpellations et des condamnations il y a un an, et le site est sous vid\u00e9o surveillance.\u00bb<\/p>\n<p class=\"fig-paragraph\">\u00abCette situation n\u2019est pas suffisamment prise au s\u00e9rieux par la municipalit\u00e9\u00bb, persiste Thierry Millet, candidat aux prochaines \u00e9lections municipales, en arguant que les op\u00e9rations de \u00abcommunication de la majorit\u00e9 ne suffisent pas \u00e0 effacer les probl\u00e8mes\u00bb. La situation est d\u2019autant plus grave selon lui, qu\u2019un\u00a0<a href=\"http:\/\/www.lefigaro.fr\/bordeaux\/immigration-un-nouveau-centre-de-retention-administrative-s-apprete-a-ouvrir-en-gironde-20250207\" data-fig-type=\"NewsFlash\" data-gtm-custom-categorie=\"navigation\" data-gtm-custom-action=\"crossclick\" data-gtm-custom-label=\"Contextuel\" data-gtm-event=\"customEventSPE\" data-fig-domain=\"LEFIGARO\" target=\"_blank\" rel=\"noopener\">nouveau centre de r\u00e9tention administrative<\/a>\u00a0(Cra) pour les \u00e9trangers sous OQTF doit ouvrir \u00e0 Beutre en 2026.<\/p>\n","protected":false},"excerpt":{"rendered":"La victime, \u00e2g\u00e9e de 30 ans, a \u00e9t\u00e9 agress\u00e9e dans une cit\u00e9 de M\u00e9rignac dans la nuit du&hellip;\n","protected":false},"author":2,"featured_media":263526,"comment_status":"","ping_status":"","sticky":false,"template":"","format":"standard","meta":{"footnotes":""},"categories":[2817],"tags":[1111,11,1997,1052,1777,674,118,1011,27,3832,12,2219,25],"class_list":{"0":"post-263525","1":"post","2":"type-post","3":"status-publish","4":"format-standard","5":"has-post-thumbnail","7":"category-bordeaux","8":"tag-actu","9":"tag-actualites","10":"tag-bordeaux","11":"tag-drogue","12":"tag-eu","13":"tag-europe","14":"tag-faits-divers","15":"tag-fr","16":"tag-france","17":"tag-fusillade","18":"tag-news","19":"tag-nouvelle-aquitaine","20":"tag-republique-francaise"},"share_on_mastodon":{"url":"https:\/\/pubeurope.com\/@fr\/114891707120071584","error":""},"_links":{"self":[{"href":"https:\/\/www.europesays.com\/fr\/wp-json\/wp\/v2\/posts\/263525","targetHints":{"allow":["GET"]}}],"collection":[{"href":"https:\/\/www.europesays.com\/fr\/wp-json\/wp\/v2\/posts"}],"about":[{"href":"https:\/\/www.europesays.com\/fr\/wp-json\/wp\/v2\/types\/post"}],"author":[{"embeddable":true,"href":"https:\/\/www.europesays.com\/fr\/wp-json\/wp\/v2\/users\/2"}],"replies":[{"embeddable":true,"href":"https:\/\/www.europesays.com\/fr\/wp-json\/wp\/v2\/comments?post=263525"}],"version-history":[{"count":0,"href":"https:\/\/www.europesays.com\/fr\/wp-json\/wp\/v2\/posts\/263525\/revisions"}],"wp:featuredmedia":[{"embeddable":true,"href":"https:\/\/www.europesays.com\/fr\/wp-json\/wp\/v2\/media\/263526"}],"wp:attachment":[{"href":"https:\/\/www.europesays.com\/fr\/wp-json\/wp\/v2\/media?parent=263525"}],"wp:term":[{"taxonomy":"category","embeddable":true,"href":"https:\/\/www.europesays.com\/fr\/wp-json\/wp\/v2\/categories?post=263525"},{"taxonomy":"post_tag","embeddable":true,"href":"https:\/\/www.europesays.com\/fr\/wp-json\/wp\/v2\/tags?post=263525"}],"curies":[{"name":"wp","href":"https:\/\/api.w.org\/{rel}","templated":true}]}}