{"id":263527,"date":"2025-07-21T14:31:10","date_gmt":"2025-07-21T14:31:10","guid":{"rendered":"https:\/\/www.europesays.com\/fr\/263527\/"},"modified":"2025-07-21T14:31:10","modified_gmt":"2025-07-21T14:31:10","slug":"elle-asperge-son-compagnon-dessence-pendant-quil-dort-et-lui-ordonne-de-partir","status":"publish","type":"post","link":"https:\/\/www.europesays.com\/fr\/263527\/","title":{"rendered":"Elle asperge son compagnon d\u2019essence pendant qu\u2019il dort et lui ordonne de partir"},"content":{"rendered":"<p>Dans la nuit de samedi \u00e0 dimanche, \u00e0 <a href=\"https:\/\/www.20minutes.fr\/toulouse\/\" class=\"color-ultramarine c-link\" target=\"_blank\" rel=\"noopener\">Toulouse<\/a>, un homme a \u00e9t\u00e9 victime de <a href=\"https:\/\/www.20minutes.fr\/dossier\/violences_conjugales\" class=\"color-ultramarine c-link\" target=\"_blank\" rel=\"noopener\">violences conjugales<\/a> de la part de sa conjointe. Selon <a href=\"https:\/\/www.francebleu.fr\/infos\/faits-divers-justice\/un-homme-asperge-d-essence-dans-son-sommeil-par-son-epouse-7822438\" rel=\"nofollow noopener\" target=\"_blank\" class=\"color-ultramarine c-link\">Ici Occitanie<\/a>, le plaignant a \u00e9t\u00e9 asperg\u00e9 d\u2019essence.<\/p>\n<p>Les faits qui auraient pu tourner au drame se sont d\u00e9roul\u00e9s dans la chambre d\u2019une habitation du quartier Juncasse-Argoulets, \u00e0 Toulouse. Un quartier plut\u00f4t r\u00e9sidentiel et tranquille, proche du centre-ville. Cette nuit-l\u00e0, vers trois heures du matin, l\u2019homme a \u00e9t\u00e9 r\u00e9veill\u00e9 brusquement alors qu\u2019il dormait dans le lit qu\u2019il occupait avec son \u00e9pouse.<\/p>\n<p>Un couple sur le point de se s\u00e9parer<\/p>\n<p>C\u2019est elle qui l\u2019a tir\u00e9 de son sommeil d\u2019une bien \u00e9trange mani\u00e8re, en l\u2019aspergeant d\u2019essence selon les d\u00e9clarations de l\u2019homme \u00e0 la police. En plus de cet acte insens\u00e9, il a affirm\u00e9 que sa femme lui avait demand\u00e9 de quitter le domicile conjugal.<\/p>\n<p><a href=\"https:\/\/www.20minutes.fr\/dossier\/violences_conjugales\" class=\"c-link c-btn c-btn--primary\" target=\"_blank\" rel=\"noopener\">Notre dossier sur les violences conjugales<\/a><\/p>\n<p>Forc\u00e9ment, le mari a fait appel \u00e0 la police, laquelle est intervenue et a interpell\u00e9 et plac\u00e9 en garde \u00e0 vue la mise en cause, \u00e2g\u00e9e de 38 ans. Selon nos confr\u00e8res, le couple \u00e9tait sur le point de se s\u00e9parer.<\/p>\n","protected":false},"excerpt":{"rendered":"Dans la nuit de samedi \u00e0 dimanche, \u00e0 Toulouse, un homme a \u00e9t\u00e9 victime de violences conjugales de&hellip;\n","protected":false},"author":2,"featured_media":263528,"comment_status":"","ping_status":"","sticky":false,"template":"","format":"standard","meta":{"footnotes":""},"categories":[2816],"tags":[1111,47,11,17393,1777,674,118,1011,27,2722,2721,12,2680,1306,25,6685,2312,798],"class_list":{"0":"post-263527","1":"post","2":"type-post","3":"status-publish","4":"format-standard","5":"has-post-thumbnail","7":"category-toulouse","8":"tag-actu","9":"tag-actualite","10":"tag-actualites","11":"tag-essence","12":"tag-eu","13":"tag-europe","14":"tag-faits-divers","15":"tag-fr","16":"tag-france","17":"tag-haute-garonne","18":"tag-midi-pyrenees","19":"tag-news","20":"tag-occitanie","21":"tag-regions","22":"tag-republique-francaise","23":"tag-separation","24":"tag-toulouse","25":"tag-violences-conjugales"},"share_on_mastodon":{"url":"https:\/\/pubeurope.com\/@fr\/114891711007547160","error":""},"_links":{"self":[{"href":"https:\/\/www.europesays.com\/fr\/wp-json\/wp\/v2\/posts\/263527","targetHints":{"allow":["GET"]}}],"collection":[{"href":"https:\/\/www.europesays.com\/fr\/wp-json\/wp\/v2\/posts"}],"about":[{"href":"https:\/\/www.europesays.com\/fr\/wp-json\/wp\/v2\/types\/post"}],"author":[{"embeddable":true,"href":"https:\/\/www.europesays.com\/fr\/wp-json\/wp\/v2\/users\/2"}],"replies":[{"embeddable":true,"href":"https:\/\/www.europesays.com\/fr\/wp-json\/wp\/v2\/comments?post=263527"}],"version-history":[{"count":0,"href":"https:\/\/www.europesays.com\/fr\/wp-json\/wp\/v2\/posts\/263527\/revisions"}],"wp:featuredmedia":[{"embeddable":true,"href":"https:\/\/www.europesays.com\/fr\/wp-json\/wp\/v2\/media\/263528"}],"wp:attachment":[{"href":"https:\/\/www.europesays.com\/fr\/wp-json\/wp\/v2\/media?parent=263527"}],"wp:term":[{"taxonomy":"category","embeddable":true,"href":"https:\/\/www.europesays.com\/fr\/wp-json\/wp\/v2\/categories?post=263527"},{"taxonomy":"post_tag","embeddable":true,"href":"https:\/\/www.europesays.com\/fr\/wp-json\/wp\/v2\/tags?post=263527"}],"curies":[{"name":"wp","href":"https:\/\/api.w.org\/{rel}","templated":true}]}}