{"id":26353,"date":"2025-04-15T11:03:49","date_gmt":"2025-04-15T11:03:49","guid":{"rendered":"https:\/\/www.europesays.com\/fr\/26353\/"},"modified":"2025-04-15T11:03:49","modified_gmt":"2025-04-15T11:03:49","slug":"un-homme-de-28-ans-tue-par-balles-pres-dun-point-de-deal-2","status":"publish","type":"post","link":"https:\/\/www.europesays.com\/fr\/26353\/","title":{"rendered":"Un homme de 28 ans tu\u00e9 par balles pr\u00e8s d\u2019un point de deal"},"content":{"rendered":"<p><strong>homicide &#8211; Le corps de la victime a \u00e9t\u00e9 retrouv\u00e9 dans la nuit de vendredi \u00e0 samedi dans le quartier Pasteur \u00e0 Nice<\/strong><\/p>\n<p>Que s\u2019est-il pass\u00e9 dans le quartier Pasteur de <a href=\"https:\/\/www.20minutes.fr\/nice\/\" rel=\"nofollow noopener\" target=\"_blank\" data-ylk=\"slk:Nice;elm:context_link;itc:0;sec:content-canvas\" class=\"link \">Nice<\/a>\u00a0? Un homme a \u00e9t\u00e9 <a href=\"https:\/\/www.20minutes.fr\/faits_divers\/4145618-20250327-appartement-envahi-asticots-mouches-voisin-mort-depuis-cinq-mois\" rel=\"nofollow noopener\" target=\"_blank\" data-ylk=\"slk:retrouv\u00e9 mortellement;elm:context_link;itc:0;sec:content-canvas\" class=\"link \">retrouv\u00e9 mortellement<\/a> touch\u00e9 par cinq impacts de balles au torse et \u00e0 la gorge dans la nuit de vendredi \u00e0 samedi. Pour l\u2019heure, le <a href=\"https:\/\/www.20minutes.fr\/dossier\/procureur_de_la_republique\" rel=\"nofollow noopener\" target=\"_blank\" data-ylk=\"slk:procureur de la R\u00e9publique;elm:context_link;itc:0;sec:content-canvas\" class=\"link \">procureur de la R\u00e9publique<\/a> de Nice, Damien Martinelli n\u2019a pas communiqu\u00e9 davantage d\u2019informations.<\/p>\n<p>Selon une source polici\u00e8re, la victime \u00e2g\u00e9e de 28 ans, a \u00e9t\u00e9 tu\u00e9e \u00e0 00h45 par deux individus circulant \u00e0 scooter. Aucun lien n\u2019est \u00e9tabli dans l\u2019imm\u00e9diat avec un trafic de stup\u00e9fiants mais, selon la m\u00eame source polici\u00e8re, la victime \u00e9tait \u00ab\u00a0d\u00e9favorablement connue des services\u00a0\u00bb de police.<\/p>\n<p>Le quartier Pasteur, situ\u00e9 dans l\u2019est de la ville, se trouve non loin de points de deal, th\u00e9\u00e2tres r\u00e9cents de r\u00e8glements de comptes.<\/p>\n<p>Le m\u00eame soir, \u00e0 Nice, un jeune homme a \u00e9t\u00e9 agress\u00e9 \u00e0 l\u2019arme blanche selon <a href=\"https:\/\/www.bfmtv.com\/cote-d-azur\/nice-un-jeune-homme-agresse-au-couteau-sur-le-boulevard-de-l-ariane_AN-202504120066.html\" rel=\"nofollow noopener\" target=\"_blank\" data-ylk=\"slk:BFM Nice C\u00f4te d\u2019Azur.;elm:context_link;itc:0;sec:content-canvas\" class=\"link \">BFM Nice C\u00f4te d\u2019Azur.<\/a> La victime a re\u00e7u plusieurs coups de couteau sur le boulevard de l\u2019Ariane, aux alentours de 20h30. Il a \u00e9t\u00e9 l\u00e9g\u00e8rement bless\u00e9, ses jours ne sont pas en danger.<\/p>\n<p><a href=\"https:\/\/www.20minutes.fr\/faits_divers\/faits-divers-nice\/4148334-20250412-nice-homme-28-ans-tue-balles-pres-point-deal&quot;\" rel=\"nofollow noopener\" target=\"_blank\" data-ylk=\"slk:Lire la suite sur 20minutes;elm:context_link;itc:0;sec:content-canvas\" class=\"link \">Lire la suite sur 20minutes<\/a><\/p>\n<p>\u00c0 lire aussi :<br \/><a href=\"https:\/\/www.20minutes.fr\/marseille\/4136842-20250203-marseille-jeune-homme-tue-balles-pres-point-deal\" rel=\"nofollow noopener\" target=\"_blank\" data-ylk=\"slk:Marseille\u00a0: Un jeune homme tu\u00e9 par balles pr\u00e8s d\u2019un point de deal;elm:context_link;itc:0;sec:content-canvas\" class=\"link \">Marseille\u00a0: Un jeune homme tu\u00e9 par balles pr\u00e8s d\u2019un point de deal<\/a><br \/><a href=\"https:\/\/www.20minutes.fr\/faits_divers\/faits-divers-marseille\/4140220-20250223-homme-tue-balles-voiture-pres-marseille\" rel=\"nofollow noopener\" target=\"_blank\" data-ylk=\"slk:Un homme tu\u00e9 par balles dans sa voiture pr\u00e8s de Marseille;elm:context_link;itc:0;sec:content-canvas\" class=\"link \">Un homme tu\u00e9 par balles dans sa voiture pr\u00e8s de Marseille<\/a><\/p>\n","protected":false},"excerpt":{"rendered":"homicide &#8211; Le corps de la victime a \u00e9t\u00e9 retrouv\u00e9 dans la nuit de vendredi \u00e0 samedi dans&hellip;\n","protected":false},"author":2,"featured_media":26354,"comment_status":"","ping_status":"","sticky":false,"template":"","format":"standard","meta":{"footnotes":""},"categories":[2819],"tags":[1111,11,9386,1777,674,1011,27,9385,12,2401,9387,3764,882,25],"class_list":{"0":"post-26353","1":"post","2":"type-post","3":"status-publish","4":"format-standard","5":"has-post-thumbnail","7":"category-nice","8":"tag-actu","9":"tag-actualites","10":"tag-damien-martinelli","11":"tag-eu","12":"tag-europe","13":"tag-fr","14":"tag-france","15":"tag-impacts-de-balles","16":"tag-news","17":"tag-nice","18":"tag-pasteur","19":"tag-procureur-de-la-republique","20":"tag-provence-alpes-cote-dazur","21":"tag-republique-francaise"},"share_on_mastodon":{"url":"https:\/\/pubeurope.com\/@fr\/114341652906870217","error":""},"_links":{"self":[{"href":"https:\/\/www.europesays.com\/fr\/wp-json\/wp\/v2\/posts\/26353","targetHints":{"allow":["GET"]}}],"collection":[{"href":"https:\/\/www.europesays.com\/fr\/wp-json\/wp\/v2\/posts"}],"about":[{"href":"https:\/\/www.europesays.com\/fr\/wp-json\/wp\/v2\/types\/post"}],"author":[{"embeddable":true,"href":"https:\/\/www.europesays.com\/fr\/wp-json\/wp\/v2\/users\/2"}],"replies":[{"embeddable":true,"href":"https:\/\/www.europesays.com\/fr\/wp-json\/wp\/v2\/comments?post=26353"}],"version-history":[{"count":0,"href":"https:\/\/www.europesays.com\/fr\/wp-json\/wp\/v2\/posts\/26353\/revisions"}],"wp:featuredmedia":[{"embeddable":true,"href":"https:\/\/www.europesays.com\/fr\/wp-json\/wp\/v2\/media\/26354"}],"wp:attachment":[{"href":"https:\/\/www.europesays.com\/fr\/wp-json\/wp\/v2\/media?parent=26353"}],"wp:term":[{"taxonomy":"category","embeddable":true,"href":"https:\/\/www.europesays.com\/fr\/wp-json\/wp\/v2\/categories?post=26353"},{"taxonomy":"post_tag","embeddable":true,"href":"https:\/\/www.europesays.com\/fr\/wp-json\/wp\/v2\/tags?post=26353"}],"curies":[{"name":"wp","href":"https:\/\/api.w.org\/{rel}","templated":true}]}}