{"id":263531,"date":"2025-07-21T14:33:13","date_gmt":"2025-07-21T14:33:13","guid":{"rendered":"https:\/\/www.europesays.com\/fr\/263531\/"},"modified":"2025-07-21T14:33:13","modified_gmt":"2025-07-21T14:33:13","slug":"pas-de-climatisation-dans-les-futures-rames-du-metro-lillois-les-usagers-en-colere","status":"publish","type":"post","link":"https:\/\/www.europesays.com\/fr\/263531\/","title":{"rendered":"pas de climatisation dans les futures rames du m\u00e9tro lillois, les usagers en col\u00e8re"},"content":{"rendered":"<p>En plein \u00e9t\u00e9 et alors que la France a r\u00e9cemment connu un \u00e9pisode caniculaire, l\u2019absence de climatisation ou de ventilation dans les rames nouvelle g\u00e9n\u00e9ration de la m\u00e9tropole, pr\u00e9vues pour f\u00e9vrier 2026, fait r\u00e9agir.<\/p>\n<p class=\"fig-paragraph\">\u00c0 Lille, la modernisation du\u00a0<a href=\"http:\/\/www.lefigaro.fr\/conjoncture\/lille-la-metropole-commande-15-nouvelles-rames-de-metro-a-alstom-malgre-le-retard-des-premieres-20250120\" target=\"_blank\" data-fig-type=\"NewsFlash\" rel=\"noopener\" data-gtm-custom-categorie=\"navigation\" data-gtm-custom-action=\"crossclick\" data-gtm-custom-label=\"Contextuel\" data-gtm-event=\"customEventSPE\" data-fig-domain=\"LEFIGARO\">m\u00e9tro<\/a>\u00a0suscite d\u00e9j\u00e0 des critiques. Longues de 52 m\u00e8tres, les nouvelles rames, pr\u00e9vues pour f\u00e9vrier 2026, doivent offrir plus d\u2019espace et une meilleure accessibilit\u00e9, d\u2019apr\u00e8s la M\u00e9tropole europ\u00e9enne de Lille (MEL). Mais un \u00e9l\u00e9ment fait r\u00e9agir\u00a0: elles ne seront \u00e9quip\u00e9es ni de climatisation, ni m\u00eame de ventilation r\u00e9frig\u00e9r\u00e9e. Une information d\u00e9voil\u00e9e par l\u2019association de d\u00e9fense des usagers MobiLille. Son pr\u00e9sident, Matt\u00e9o Ferrux, affirme avoir obtenu la confirmation de cet oubli \u00aben interne\u00bb. Il rappelle par ailleurs que \u00abdeux commandes ont \u00e9t\u00e9 prises pour ces nouveaux m\u00e9tros\u00bb. \u00abC\u2019est un projet qui a d\u00e9j\u00e0 dix ans de retard. Les premi\u00e8res rames devaient \u00eatre livr\u00e9es en 2016&#8230;\u00bb, d\u00e9plore-t-il.<\/p>\n<p class=\"fig-paragraph\">L\u2019absence de dispositif de refroidissement trouve son origine dans un cahier des charges \u00e9tabli en 2010. \u00c0 l\u2019\u00e9poque, \u00abil n\u2019avait pas \u00e9t\u00e9 pr\u00e9vu ni climatisation ni ventilation. Pourquoi\u00a0? En 2010, on avait une conscience sur le d\u00e9r\u00e8glement climatique qui \u00e9tait autre, on ne s\u2019en rendait pas compte\u00bb, explique Matt\u00e9o Ferrux. Ce qui le choque encore plus, c\u2019est que la MEL aurait repris le m\u00eame cahier des charges pour une nouvelle commande pass\u00e9e\u2026 en d\u00e9cembre 2024. \u00abJe trouve \u00e7a hallucinant qu\u2019ils n\u2019y aient pas song\u00e9\u00bb, s\u2019indigne-t-il.<\/p>\n<p>                                    <a class=\"fig-a11y-skip a11y-hidden\" href=\"#fig-a11y-skip-main-inarticle\"><br \/>\n        Passer la publicit\u00e9<br \/>\n    <\/a><\/p>\n<p class=\"fig-paragraph\">Officiellement, la m\u00e9tropole lilloise assure vouloir am\u00e9liorer le quotidien des usagers. Dans un communiqu\u00e9, son pr\u00e9sident Damien Castelain vante un effort \u00absans pr\u00e9c\u00e9dent\u00bb qui \u00abvise \u00e0 am\u00e9liorer le confort des usagers, renforcer l\u2019accessibilit\u00e9 et prolonger la dur\u00e9e de vie de notre mat\u00e9riel roulant\u00bb. Mais la promesse para\u00eet d\u00e9connect\u00e9e de la r\u00e9alit\u00e9, d\u00e9plore l\u2019association MobiLille. \u00abApparemment, le confort n\u2019est pas la priorit\u00e9 pour le moment\u00bb, s\u2019exasp\u00e8re Matt\u00e9o Ferrux.<\/p>\n<p>Des questions de sant\u00e9 publique<\/p>\n<p class=\"fig-paragraph\">Le choix de l\u2019uniformit\u00e9 entre les anciennes rames et les nouvelles &#8211; des BOA d\u2019<a href=\"http:\/\/www.lefigaro.fr\/societes\/sur-le-site-on-sait-tout-faire-a-petite-foret-l-usine-alstom-tourne-a-plein-regime-pour-fournir-les-trains-de-demain-20250702\" target=\"_blank\" data-fig-type=\"NewsFlash\" rel=\"noopener\" data-gtm-custom-categorie=\"navigation\" data-gtm-custom-action=\"crossclick\" data-gtm-custom-label=\"Contextuel\" data-gtm-event=\"customEventSPE\" data-fig-domain=\"LEFIGARO\">Alstom<\/a>\u00a0&#8211; est aussi point\u00e9 du doigt. \u00abLa MEL souhaitait homog\u00e9n\u00e9iser les m\u00e9tros et donc ne pas mettre de climatisation\u00bb, rapporte le pr\u00e9sident de MobiLille, qui juge l\u2019argument incoh\u00e9rent\u00a0: \u00abIls nous disent que c\u2019est possible de la rajouter a posteriori. Pourquoi ne pas le faire maintenant\u00a0? Je pense que c\u2019est de la pr\u00e9cipitation, et peut-\u00eatre qu\u2019il y a aussi une question \u00e9conomique.\u00bb<\/p>\n<p class=\"fig-paragraph\">L\u2019absence de ventilation soul\u00e8ve \u00e9galement des questions de sant\u00e9 publique, en particulier lors des \u00e9pisodes de\u00a0<a href=\"http:\/\/www.lefigaro.fr\/sciences\/la-forte-hausse-des-morts-par-noyade-en-france-attribuee-a-la-recente-vague-de-chaleur-20250711\" target=\"_blank\" data-fig-type=\"NewsFlash\" rel=\"noopener\" data-gtm-custom-categorie=\"navigation\" data-gtm-custom-action=\"crossclick\" data-gtm-custom-label=\"Contextuel\" data-gtm-event=\"customEventSPE\" data-fig-domain=\"LEFIGARO\">canicule\u00a0<\/a>\u00abEn p\u00e9riode de fortes chaleurs, il y a beaucoup de malaises voyageurs. Il y a donc un enjeu pour la sant\u00e9, mais aussi d\u2019attractivit\u00e9. Dire aux gens de ne pas prendre leur voiture pour ne pas polluer, mais aller dans un m\u00e9tro o\u00f9 il fait extr\u00eamement chaud, ce n\u2019est pas possible\u00bb, alerte Matt\u00e9o Ferrux. Plut\u00f4t que la climatisation, peu \u00e9cologique, l\u2019association milite pour l\u2019installation de syst\u00e8mes de ventilation r\u00e9frig\u00e9r\u00e9e, \u00abplus \u00e9cologiques et moins \u00e9nergivores\u00bb.<\/p>\n<p class=\"fig-paragraph\">De son c\u00f4t\u00e9, la MEL d\u00e9fend son choix\u00a0: \u00abLa climatisation des rames circulant en souterrain a un impact environnemental significatif, la forte consommation \u00e9nerg\u00e9tique r\u00e9apparaissant sous forme de chaleur refoul\u00e9e dans les tunnels et sur les quais. Son efficacit\u00e9 est \u00e9galement amoindrie par l\u2019ouverture r\u00e9guli\u00e8re des portes\u00bb, a-t-elle r\u00e9agi aupr\u00e8s de La Voix du Nord.<\/p>\n","protected":false},"excerpt":{"rendered":"En plein \u00e9t\u00e9 et alors que la France a r\u00e9cemment connu un \u00e9pisode caniculaire, l\u2019absence de climatisation ou&hellip;\n","protected":false},"author":2,"featured_media":263532,"comment_status":"","ping_status":"","sticky":false,"template":"","format":"standard","meta":{"footnotes":""},"categories":[2815],"tags":[1111,11,1777,674,1011,27,811,1307,4047,12,25,2216],"class_list":{"0":"post-263531","1":"post","2":"type-post","3":"status-publish","4":"format-standard","5":"has-post-thumbnail","7":"category-lille","8":"tag-actu","9":"tag-actualites","10":"tag-eu","11":"tag-europe","12":"tag-fr","13":"tag-france","14":"tag-hauts-de-france","15":"tag-lille","16":"tag-metro","17":"tag-news","18":"tag-republique-francaise","19":"tag-transports-en-commun"},"share_on_mastodon":{"url":"https:\/\/pubeurope.com\/@fr\/114891719190773607","error":""},"_links":{"self":[{"href":"https:\/\/www.europesays.com\/fr\/wp-json\/wp\/v2\/posts\/263531","targetHints":{"allow":["GET"]}}],"collection":[{"href":"https:\/\/www.europesays.com\/fr\/wp-json\/wp\/v2\/posts"}],"about":[{"href":"https:\/\/www.europesays.com\/fr\/wp-json\/wp\/v2\/types\/post"}],"author":[{"embeddable":true,"href":"https:\/\/www.europesays.com\/fr\/wp-json\/wp\/v2\/users\/2"}],"replies":[{"embeddable":true,"href":"https:\/\/www.europesays.com\/fr\/wp-json\/wp\/v2\/comments?post=263531"}],"version-history":[{"count":0,"href":"https:\/\/www.europesays.com\/fr\/wp-json\/wp\/v2\/posts\/263531\/revisions"}],"wp:featuredmedia":[{"embeddable":true,"href":"https:\/\/www.europesays.com\/fr\/wp-json\/wp\/v2\/media\/263532"}],"wp:attachment":[{"href":"https:\/\/www.europesays.com\/fr\/wp-json\/wp\/v2\/media?parent=263531"}],"wp:term":[{"taxonomy":"category","embeddable":true,"href":"https:\/\/www.europesays.com\/fr\/wp-json\/wp\/v2\/categories?post=263531"},{"taxonomy":"post_tag","embeddable":true,"href":"https:\/\/www.europesays.com\/fr\/wp-json\/wp\/v2\/tags?post=263531"}],"curies":[{"name":"wp","href":"https:\/\/api.w.org\/{rel}","templated":true}]}}