{"id":263539,"date":"2025-07-21T14:37:14","date_gmt":"2025-07-21T14:37:14","guid":{"rendered":"https:\/\/www.europesays.com\/fr\/263539\/"},"modified":"2025-07-21T14:37:14","modified_gmt":"2025-07-21T14:37:14","slug":"cest-plus-complique-quon-ne-le-croit","status":"publish","type":"post","link":"https:\/\/www.europesays.com\/fr\/263539\/","title":{"rendered":"C&rsquo;est plus compliqu\u00e9 qu&rsquo;on ne le croit"},"content":{"rendered":"<p>            Par<br \/>\n        <strong><br \/>\n            <a href=\"https:\/\/actu.fr\/auteur\/theo-zuili\" title=\"Consulter tous les articles de Th\u00e9o Zuili\" rel=\"nofollow noopener\" target=\"_blank\">Th\u00e9o Zuili<\/a><br \/>\n        <\/strong><\/p>\n<p>        Publi\u00e9 le<\/p>\n<p>            21 juil. 2025 \u00e0 16h23        <\/p>\n<p>Alors que les canicules se multiplient \u00e0 <a href=\"https:\/\/actu.fr\/auvergne-rhone-alpes\/lyon_69123\" rel=\"nofollow noopener\" target=\"_blank\">Lyon<\/a>, la question des fontaines n\u2019est plus seulement esth\u00e9tique ou patrimoniale. Derri\u00e8re les bassins \u00e0 sec ou les jets d\u2019eau en service, toute une strat\u00e9gie municipale se joue entre des enjeux de <strong>rafra\u00eechissement<\/strong> et d\u2019<strong>\u00e9conomie d\u2019eau<\/strong>. <\/p>\n<p class=\" wall-content\">\u00c0 l\u2019approche des \u00e9lections municipales de 2026, le sujet prend de l\u2019ampleur pour devenir un terrain d\u2019affrontement politique. La mairie se d\u00e9fend et justifie.<\/p>\n<p>Une joute politique<\/p>\n<p class=\" wall-content\">Entre la brumisation, l\u2019\u00e9vaporation et la possibilit\u00e9 de mouiller sa peau (nuque, bras) ou tremper ses pieds dans certains bassins, les fontaines sont d\u00e9sormais pens\u00e9es comme des outils d\u2019adaptation face aux <a href=\"https:\/\/actu.fr\/tag\/canicule\" rel=\"nofollow noopener\" target=\"_blank\">canicules<\/a> \u00e0 Lyon.<\/p>\n<p>    <img   decoding=\"async\" loading=\"lazy\" src=\"https:\/\/www.europesays.com\/fr\/wp-content\/uploads\/2025\/07\/fontaine-jacobins-lyon-canicule-chaleur-enfants-baignade-960x640.png\" alt=\"Il est interdit de se baigner dans la fontaine des Jacobins \u00e0 Lyon, mais rien n'emp\u00eache de se mouiller la peau ou tremper ses pieds.\" width=\"960\" height=\"640\"\/><br \/>\n    Il est interdit de se baigner dans la fontaine des Jacobins \u00e0 Lyon, mais rien n\u2019emp\u00eache de se mouiller la peau ou tremper ses pieds. (\u00a9Th\u00e9o Zuili \/ actu Lyon)<\/p>\n<p class=\" wall-content\">Face aux bassins vides, le maire LR du 2\u1d49 arrondissement de Lyon <a href=\"https:\/\/actu.fr\/auvergne-rhone-alpes\/lyon_69123\/lyon-plus-de-45-c-sous-l-oeuvre-polemique-de-la-place-bellecour-le-createur-replique_62827705.html\" rel=\"nofollow noopener\" target=\"_blank\">Pierre Oliver<\/a> d\u00e9non\u00e7ait d\u00e9but juillet <a href=\"https:\/\/actu.fr\/auvergne-rhone-alpes\/lyon_69123\/lyon-capitale-des-fontaines-en-panne-en-pleine-canicule-cette-place-fait-polemique_62854277.html\" rel=\"nofollow noopener\" target=\"_blank\">la multiplication des fontaines \u00ab\u00a0\u00e0 l\u2019abandon\u00a0\u00bb dans la Ville<\/a>, citant comme exemple la fontaine de la place de la R\u00e9publique. \u00ab\u00a0Il est <strong>urgent de remettre de l\u2019eau<\/strong> dans ces bassins\u00a0\u00bb, implorait l\u2019\u00e9lu.<\/p>\n<p class=\" wall-content\">La mairie avait r\u00e9pondu \u00e0 actu Lyon que des pi\u00e8ces sur-mesure \u00e9taient sur le point d\u2019\u00eatres livr\u00e9es pour permettre des r\u00e9parations, r\u00e9alis\u00e9es depuis. Elle r\u00e9agit plus en d\u00e9tails deux semaines plus tard.<\/p>\n<p>\u00ab\u00a0Chaque fontaine a ses sp\u00e9cificit\u00e9s\u00a0\u00bb<\/p>\n<p class=\" wall-content\">\u00ab\u00a0Chaque fontaine a ses sp\u00e9cificit\u00e9s, c\u2019est plus compliqu\u00e9 qu\u2019on ne le croit. Derri\u00e8re, il y a des techniciens, des circuits d\u2019eau, des enjeux patrimoniaux. En faire une pol\u00e9mique, c\u2019est ignorer toute cette complexit\u00e9\u00a0\u00bb, d\u00e9plore Gautier Chapuis, adjoint \u00e9cologiste au maire de Lyon, devant la majestueuse fontaine des Jacobins.<\/p>\n<p class=\" wall-content\">Entre panne temporaire et choix politique, \u00ab\u00a0plus d\u2019une cinquantaine\u00a0\u00bb des <strong>76 fontaines<\/strong> ornementales de Lyon sont aujourd\u2019hui en fonctionnement, selon la Ville. Mais cette derni\u00e8re r\u00e9fute tout abandon et appelle \u00e0 ne pas confondre d\u00e9lai et inaction.<\/p>\n<p>Vidanges et maintenances \u00e0 foison<\/p>\n<p class=\" wall-content\">Les vidanges mensuelles et les maintenances r\u00e9guli\u00e8res sont g\u00e9r\u00e9es par trois fontainiers sp\u00e9cialis\u00e9s, un m\u00e9tier de plus en plus rare. Julien, sp\u00e9cialiste depuis 15 ans, nous a fait visiter<strong> les entrailles de la plus belle fontaine de Lyon<\/strong>.<\/p>\n<p class=\" wall-content\">\u00ab\u00a0La fontaine des Jacobins est en circuit ferm\u00e9 depuis le dernier r\u00e9am\u00e9nag\u00e9 de la place, avant \u00e7a coulait puis finissait dans les \u00e9gouts\u00a0\u00bb, se souvient-il entre les larges tuyaux.<\/p>\n<p>Quand l\u2019eau ne coule plus<\/p>\n<p class=\" wall-content\">Faut-il faire couler l\u2019eau quand elle se rar\u00e9fie ? La mairie d\u00e9crit un \u00e9quilibre \u00ab\u00a0au cas par cas, en lien avec la pr\u00e9fecture, les arr\u00eat\u00e9s s\u00e9cheresse, et l\u2019\u00e9tat local de la ressource\u00a0\u00bb.<\/p>\n<p class=\" wall-content\">La Ville assume fermer volontairement certaines fontaines en circuit ouvert (lorsque l\u2019eau est perdue dans les \u00e9gouts). Toutes les nouvelles r\u00e9novations visent le <strong>circuit ferm\u00e9<\/strong> pour une eau pomp\u00e9e et recycl\u00e9e : les seules pertes, par \u00e9vaporation, participent au rafra\u00eechissement de l\u2019air et ne sont donc plus per\u00e7ues comme du gaspillage.<\/p>\n<p class=\" wall-content\">\u00ab\u00a0Du moins, on s\u2019interroge au quotidien sur le b\u00e9n\u00e9fice\/risque pour le rafra\u00eechissement et les ressources en eau\u00a0\u00bb, compl\u00e8te Gautier Chapuis.<\/p>\n<p>Les fontaines pl\u00e9biscit\u00e9es<\/p>\n<p class=\" wall-content\">Cinq r\u00e9novations prioritaires sont pr\u00e9vues pour une remise en eau avant 2026 : fontaine Ipoust\u00e9guy place de la Com\u00e9die, Trion, C\u00e9lestins et Grande C\u00f4te. Il faut compter entre 300 000 et 500 000 \u20ac par r\u00e9novation, et <a href=\"https:\/\/actu.fr\/auvergne-rhone-alpes\/lyon_69123\/lyon-ces-nouveaux-projets-de-la-mairie-choisis-par-les-habitants-vont-embellir-la-ville_62794957.html\" rel=\"nofollow noopener\" target=\"_blank\">certaines ont \u00e9t\u00e9 vot\u00e9es directement par les Lyonnais<\/a> dans le cadre du budget participatif.<\/p>\n<p>    <img   decoding=\"async\" loading=\"lazy\" src=\"https:\/\/www.europesays.com\/fr\/wp-content\/uploads\/2025\/07\/fontaine-place-theatre-des-celestins-lyon-2e-960x640.jpg\" alt=\"La fontaine des C\u00e9lestins (Lyon 2e) doit \u00eatre remise en eau d'ici 2026, selon les services de la Ville.\" width=\"960\" height=\"640\"\/><br \/>\n    La fontaine des C\u00e9lestins (Lyon 2e) doit \u00eatre remise en eau d\u2019ici 2026, selon les services de la Ville. (\u00a9Th\u00e9o Zuili \/ actu Lyon)<\/p>\n<p class=\" wall-content\">\u00ab\u00a0Il y a un enjeu budg\u00e9taire : on cadence ces r\u00e9novations en fonction de notre budget et c\u2019est tr\u00e8s heureux que les Lyonnais s\u2019en emparent\u00a0\u00bb, f\u00e9licite Gautier Chapuis.<\/p>\n<p class=\" wall-content\">Suivez toute l\u2019actualit\u00e9 de vos villes et m\u00e9dias favoris en vous inscrivant \u00e0 <a href=\"https:\/\/moncompte.actu.fr\" title=\"D\u00e9couvez Mon Actu\" rel=\"nofollow noopener\" data-trk=\"{&quot;cta&quot;:{&quot;action&quot;:&quot;https:\\\/\\\/moncompte.actu.fr&quot;,&quot;category&quot;:&quot;mon compte&quot;,&quot;from&quot;:&quot;article footer&quot;,&quot;name&quot;:&quot;Mon actu&quot;,&quot;type&quot;:&quot;cta&quot;}}\" target=\"_blank\">Mon Actu<\/a>.<\/p>\n","protected":false},"excerpt":{"rendered":"Par Th\u00e9o Zuili Publi\u00e9 le 21 juil. 2025 \u00e0 16h23 Alors que les canicules se multiplient \u00e0 Lyon,&hellip;\n","protected":false},"author":2,"featured_media":263540,"comment_status":"","ping_status":"","sticky":false,"template":"","format":"standard","meta":{"footnotes":""},"categories":[1889],"tags":[1111,11,2430,6698,1777,674,1011,27,2428,3434,12,25,104,15637],"class_list":{"0":"post-263539","1":"post","2":"type-post","3":"status-publish","4":"format-standard","5":"has-post-thumbnail","7":"category-lyon","8":"tag-actu","9":"tag-actualites","10":"tag-auvergne-rhone-alpes","11":"tag-canicule","12":"tag-eu","13":"tag-europe","14":"tag-fr","15":"tag-france","16":"tag-lyon","17":"tag-municipales-2026","18":"tag-news","19":"tag-republique-francaise","20":"tag-societe","21":"tag-vague-de-chaleur"},"share_on_mastodon":{"url":"https:\/\/pubeurope.com\/@fr\/114891734822822024","error":""},"_links":{"self":[{"href":"https:\/\/www.europesays.com\/fr\/wp-json\/wp\/v2\/posts\/263539","targetHints":{"allow":["GET"]}}],"collection":[{"href":"https:\/\/www.europesays.com\/fr\/wp-json\/wp\/v2\/posts"}],"about":[{"href":"https:\/\/www.europesays.com\/fr\/wp-json\/wp\/v2\/types\/post"}],"author":[{"embeddable":true,"href":"https:\/\/www.europesays.com\/fr\/wp-json\/wp\/v2\/users\/2"}],"replies":[{"embeddable":true,"href":"https:\/\/www.europesays.com\/fr\/wp-json\/wp\/v2\/comments?post=263539"}],"version-history":[{"count":0,"href":"https:\/\/www.europesays.com\/fr\/wp-json\/wp\/v2\/posts\/263539\/revisions"}],"wp:featuredmedia":[{"embeddable":true,"href":"https:\/\/www.europesays.com\/fr\/wp-json\/wp\/v2\/media\/263540"}],"wp:attachment":[{"href":"https:\/\/www.europesays.com\/fr\/wp-json\/wp\/v2\/media?parent=263539"}],"wp:term":[{"taxonomy":"category","embeddable":true,"href":"https:\/\/www.europesays.com\/fr\/wp-json\/wp\/v2\/categories?post=263539"},{"taxonomy":"post_tag","embeddable":true,"href":"https:\/\/www.europesays.com\/fr\/wp-json\/wp\/v2\/tags?post=263539"}],"curies":[{"name":"wp","href":"https:\/\/api.w.org\/{rel}","templated":true}]}}