{"id":263541,"date":"2025-07-21T14:38:11","date_gmt":"2025-07-21T14:38:11","guid":{"rendered":"https:\/\/www.europesays.com\/fr\/263541\/"},"modified":"2025-07-21T14:38:11","modified_gmt":"2025-07-21T14:38:11","slug":"metropole-de-lyon-11-heures-deffort-ces-deux-lyonnais-font-une-etape-du-tour-de-france-a-velov","status":"publish","type":"post","link":"https:\/\/www.europesays.com\/fr\/263541\/","title":{"rendered":"M\u00e9tropole de Lyon. 11\u00a0heures d\u2019effort, ces deux Lyonnais font une \u00e9tape du Tour de France \u00e0 V\u00e9lo\u2019v"},"content":{"rendered":"<p>Il y a ceux qui regardent le Tour de France, bien install\u00e9s, les jambes repos\u00e9es, et puis il y a les autres qui le font\u2026 sur une \u00e9tape. Deux cyclistes amateurs ont d\u00e9cid\u00e9 d\u2019enfourcher un v\u00e9lo pas comme les autres pour faire le parcours de l\u2019\u00e9tape ouverte au public ce samedi 19\u00a0juillet. Thibault Arbonel et Thomas Laurenceau ont donc parcouru 131 kilom\u00e8tres, avec un d\u00e9nivel\u00e9 positif de 4\u00a0500\u00a0m sur des v\u00e9los pas comme les autres, deux V\u00e9lo\u2019v m\u00e9caniques.<\/p>\n<p>  \u00ab\u00a0\u00c0 refaire de toute urgence\u00a0\u00bb<\/p>\n<p>Ils se sont \u00e9lanc\u00e9s en amont du d\u00e9part officiel de l\u2019\u00e9tape amateur du dimanche 20\u00a0juillet, qui a r\u00e9uni plus de 16\u00a0000 cyclistes passionn\u00e9s. Les deux amateurs ont roul\u00e9 de nuit comme de jour, pendant plus de 11\u00a0h, avec quelques pauses pour rallier Albertville \u00e0 La\u00a0Plagne, franchissant les pentes mythiques des Alpes, dont le Cormet de Roselend. Au d\u00e9part, ils d\u00e9claraient\u00a0: \u00ab\u00a0On se demandait sinc\u00e8rement si on serait capables de terminer l\u2019\u00e9preuve. Au final, avec de la patience, de la motivation, et surtout beaucoup de plaisir, on est all\u00e9s au bout. Le secret d\u2019une nuit r\u00e9ussie\u00a0: un beau v\u00e9lo, 4\u00a0500 m\u00e8tres de d\u00e9nivel\u00e9 positif et une franche camaraderie. \u00c0 refaire de toute urgence.\u00a0\u00bb<\/p>\n<p>\u00c0 lire aussi<\/p>\n<p>&gt;&gt; <a href=\"https:\/\/www.leprogres.fr\/sport\/2025\/07\/05\/tour-de-france-amateur-la-haute-loire-est-un-bon-terrain-d-entrainement\" target=\"_blank\" rel=\"nofollow noopener\">Tour de France amateur\u00a0: \u00ab\u00a0La Haute-Loire est un bon terrain d\u2019entra\u00eenement\u00a0\u00bb<\/a><\/p>\n<p>Les cyclistes amateurs ont roul\u00e9 avec des engins de plus de 15-20\u00a0kilos, contrairement aux pros qui rouleront le vendredi 25\u00a0juillet sur cette m\u00eame \u00e9tape avec des v\u00e9los deux fois plus l\u00e9gers. Pas s\u00fbr que ces deux amis seraient rentr\u00e9s dans les temps limites\u2026<\/p>\n","protected":false},"excerpt":{"rendered":"Il y a ceux qui regardent le Tour de France, bien install\u00e9s, les jambes repos\u00e9es, et puis il&hellip;\n","protected":false},"author":2,"featured_media":263542,"comment_status":"","ping_status":"","sticky":false,"template":"","format":"standard","meta":{"footnotes":""},"categories":[1889],"tags":[1111,11,2430,207,1777,674,1011,27,1757,2428,12,25,517,210],"class_list":{"0":"post-263541","1":"post","2":"type-post","3":"status-publish","4":"format-standard","5":"has-post-thumbnail","7":"category-lyon","8":"tag-actu","9":"tag-actualites","10":"tag-auvergne-rhone-alpes","11":"tag-cyclisme","12":"tag-eu","13":"tag-europe","14":"tag-fr","15":"tag-france","16":"tag-insolite","17":"tag-lyon","18":"tag-news","19":"tag-republique-francaise","20":"tag-sport","21":"tag-tour-de-france"},"share_on_mastodon":{"url":"https:\/\/pubeurope.com\/@fr\/114891738681727810","error":""},"_links":{"self":[{"href":"https:\/\/www.europesays.com\/fr\/wp-json\/wp\/v2\/posts\/263541","targetHints":{"allow":["GET"]}}],"collection":[{"href":"https:\/\/www.europesays.com\/fr\/wp-json\/wp\/v2\/posts"}],"about":[{"href":"https:\/\/www.europesays.com\/fr\/wp-json\/wp\/v2\/types\/post"}],"author":[{"embeddable":true,"href":"https:\/\/www.europesays.com\/fr\/wp-json\/wp\/v2\/users\/2"}],"replies":[{"embeddable":true,"href":"https:\/\/www.europesays.com\/fr\/wp-json\/wp\/v2\/comments?post=263541"}],"version-history":[{"count":0,"href":"https:\/\/www.europesays.com\/fr\/wp-json\/wp\/v2\/posts\/263541\/revisions"}],"wp:featuredmedia":[{"embeddable":true,"href":"https:\/\/www.europesays.com\/fr\/wp-json\/wp\/v2\/media\/263542"}],"wp:attachment":[{"href":"https:\/\/www.europesays.com\/fr\/wp-json\/wp\/v2\/media?parent=263541"}],"wp:term":[{"taxonomy":"category","embeddable":true,"href":"https:\/\/www.europesays.com\/fr\/wp-json\/wp\/v2\/categories?post=263541"},{"taxonomy":"post_tag","embeddable":true,"href":"https:\/\/www.europesays.com\/fr\/wp-json\/wp\/v2\/tags?post=263541"}],"curies":[{"name":"wp","href":"https:\/\/api.w.org\/{rel}","templated":true}]}}