{"id":263553,"date":"2025-07-21T14:44:11","date_gmt":"2025-07-21T14:44:11","guid":{"rendered":"https:\/\/www.europesays.com\/fr\/263553\/"},"modified":"2025-07-21T14:44:11","modified_gmt":"2025-07-21T14:44:11","slug":"percute-par-un-camion-poubelle-un-enfant-de-3-ans-meurt-tragiquement-a-paris","status":"publish","type":"post","link":"https:\/\/www.europesays.com\/fr\/263553\/","title":{"rendered":"Percut\u00e9 par un camion poubelle, un enfant de 3 ans meurt tragiquement \u00e0 Paris"},"content":{"rendered":"<p>Le drame a endeuill\u00e9 le quartier. Ce dimanche 20\u00a0juillet, <a href=\"https:\/\/www.parismatch.com\/actu\/faits-divers\/fillette-de-3-ans-morte-dans-un-lave-linge-le-point-sur-le-drame-221045\" rel=\"nofollow noopener\" target=\"_blank\" data-ylk=\"slk:un enfant de trois ans est mort;elm:context_link;itc:0;sec:content-canvas\" class=\"link \">un enfant de trois ans est mort<\/a> apr\u00e8s avoir \u00e9t\u00e9 \u00e9cras\u00e9 par un camion poubelle rue Claude Decaen, dans le 12e arrondissement de la capitale, a appris Paris Match du parquet de <a href=\"https:\/\/www.parismatch.com\/culture\/spectacles\/bun-hay-mean-alias-le-chinois-marrant-retrouve-mort-a-paris-apres-une-chute-dun-immeuble-254061\" rel=\"nofollow noopener\" target=\"_blank\" data-ylk=\"slk:Paris;elm:context_link;itc:0;sec:content-canvas\" class=\"link \">Paris<\/a>. Les faits se sont d\u00e9roul\u00e9s en fin de journ\u00e9e, aux alentours de 18\u00a0heures, lorsque la victime, accompagn\u00e9e de sa tante, traversait \u00e0 un passage pi\u00e9ton avant d\u2019\u00eatre percut\u00e9e par le v\u00e9hicule.<\/p>\n<p>Pris en charge, l\u2019enfant est mort quelques heures apr\u00e8s<\/p>\n<p>D\u00e9p\u00each\u00e9s sur place rapidement, les secours ont pris en charge l&rsquo;enfant avant de le conduire \u00e0 l&rsquo;h\u00f4pital en urgence. Malgr\u00e9 les efforts des personnels soignants, le jeune gar\u00e7on de 3 ans a \u00e9t\u00e9 d\u00e9clar\u00e9 mort par les m\u00e9decins \u00ab dans la soir\u00e9e \u00bb, pr\u00e9cise le parquet.<\/p>\n<p>Ce dernier a annonc\u00e9 l&rsquo;ouverture d&rsquo;une enqu\u00eate des chefs d&rsquo;\u00ab homicide involontaire par conducteur \u00bb et les investigations ont \u00e9t\u00e9 confi\u00e9es au Service de traitement judiciaire des accidents de la pr\u00e9fecture de police. Le conducteur du camion, lui, a \u00e9t\u00e9 plac\u00e9 en garde \u00e0 vue. Les tests toxicologiques (alcool et stup\u00e9fiants), effectu\u00e9s sur lui se sont r\u00e9v\u00e9l\u00e9s n\u00e9gatifs.<\/p>\n<p><a href=\"https:\/\/www.parismatch.com\/actu\/faits-divers\/percute-par-un-camion-poubelle-un-enfant-de-3-ans-meurt-tragiquement-a-paris-254548?at_medium=affiliate&amp;at_campaign=Yahoo\" rel=\"nofollow noopener\" target=\"_blank\" data-ylk=\"slk:Retrouvez cet article sur ParisMatch;elm:context_link;itc:0;sec:content-canvas\" class=\"link \">Retrouvez cet article sur ParisMatch<\/a><\/p>\n","protected":false},"excerpt":{"rendered":"Le drame a endeuill\u00e9 le quartier. Ce dimanche 20\u00a0juillet, un enfant de trois ans est mort apr\u00e8s avoir&hellip;\n","protected":false},"author":2,"featured_media":263554,"comment_status":"","ping_status":"","sticky":false,"template":"","format":"standard","meta":{"footnotes":""},"categories":[1888],"tags":[11,1764,40300,1777,674,1011,27,3372,12,626,4524,25],"class_list":{"0":"post-263553","1":"post","2":"type-post","3":"status-publish","4":"format-standard","5":"has-post-thumbnail","7":"category-paris","8":"tag-actualites","9":"tag-ans","10":"tag-camion-poubelle","11":"tag-eu","12":"tag-europe","13":"tag-fr","14":"tag-france","15":"tag-lenfant","16":"tag-news","17":"tag-paris","18":"tag-prefecture-de-police","19":"tag-republique-francaise"},"share_on_mastodon":{"url":"https:\/\/pubeurope.com\/@fr\/114891762178834806","error":""},"_links":{"self":[{"href":"https:\/\/www.europesays.com\/fr\/wp-json\/wp\/v2\/posts\/263553","targetHints":{"allow":["GET"]}}],"collection":[{"href":"https:\/\/www.europesays.com\/fr\/wp-json\/wp\/v2\/posts"}],"about":[{"href":"https:\/\/www.europesays.com\/fr\/wp-json\/wp\/v2\/types\/post"}],"author":[{"embeddable":true,"href":"https:\/\/www.europesays.com\/fr\/wp-json\/wp\/v2\/users\/2"}],"replies":[{"embeddable":true,"href":"https:\/\/www.europesays.com\/fr\/wp-json\/wp\/v2\/comments?post=263553"}],"version-history":[{"count":0,"href":"https:\/\/www.europesays.com\/fr\/wp-json\/wp\/v2\/posts\/263553\/revisions"}],"wp:featuredmedia":[{"embeddable":true,"href":"https:\/\/www.europesays.com\/fr\/wp-json\/wp\/v2\/media\/263554"}],"wp:attachment":[{"href":"https:\/\/www.europesays.com\/fr\/wp-json\/wp\/v2\/media?parent=263553"}],"wp:term":[{"taxonomy":"category","embeddable":true,"href":"https:\/\/www.europesays.com\/fr\/wp-json\/wp\/v2\/categories?post=263553"},{"taxonomy":"post_tag","embeddable":true,"href":"https:\/\/www.europesays.com\/fr\/wp-json\/wp\/v2\/tags?post=263553"}],"curies":[{"name":"wp","href":"https:\/\/api.w.org\/{rel}","templated":true}]}}