{"id":263555,"date":"2025-07-21T14:45:15","date_gmt":"2025-07-21T14:45:15","guid":{"rendered":"https:\/\/www.europesays.com\/fr\/263555\/"},"modified":"2025-07-21T14:45:15","modified_gmt":"2025-07-21T14:45:15","slug":"la-reggia-di-caserta-annule-le-concert-du-chef-dorchestre-pro-poutine-valery-gergiev","status":"publish","type":"post","link":"https:\/\/www.europesays.com\/fr\/263555\/","title":{"rendered":"La Reggia di Caserta annule le concert du chef d&rsquo;orchestre pro-Poutine Valery Gergiev"},"content":{"rendered":"<p>            <img decoding=\"async\" class=\"c-ad__placeholder__logo\" src=\"https:\/\/static.euronews.com\/website\/images\/logos\/logo-euronews-grey-6-180x22.svg\" width=\"180\" height=\"22\" alt=\"\" loading=\"lazy\"\/><br \/>\n            PUBLICIT\u00c9<\/p>\n<p>Le concert symphonique controvers\u00e9 du chef d&rsquo;orchestre russe <strong>Valery Gergiev<\/strong><a href=\"https:\/\/it.euronews.com\/cultura\/2025\/07\/15\/navalnaya-chiede-allitalia-di-annullare-il-concerto-di-gergiev-a-caserta-complice-di-putin\" target=\"_blank\" rel=\"noopener\"> <\/a>n&rsquo;aura finalement pas lieu. La direction de la Reggia di Caserta a ordonn\u00e9 son annulation pure et silmple. L&rsquo;\u00e9v\u00e8nement \u00e9tait pr\u00e9vu le 27 juillet dans le cadre du festival Un&rsquo;Estate da Re (Un \u00e9t\u00e9 de roi), organis\u00e9 dans la cour du complexe Vanvitellian.<\/p>\n<p>La participation du c\u00e9l\u00e8bre maestro russe, <strong>r\u00e9put\u00e9 tr\u00e8s proche du pr\u00e9sident Vladimir Poutine<\/strong>, avait suscit\u00e9 une vive controverse et plusieurs appels aux institutions nationales et r\u00e9gionales pour qu&rsquo;elles ne l&rsquo;autorisent pas \u00e0 se produire, l&rsquo;un d&rsquo;entre eux ayant \u00e9t\u00e9 lanc\u00e9 mardi dernier par l&rsquo;activiste <strong>Ioulia Navalna\u00efa,<\/strong> \u00e9pouse du d\u00e9funt leader de l&rsquo;opposition russe Alexei Navalny.<\/p>\n<p>\u00ab\u00a0C&rsquo;est une bonne nouvelle. <strong>Aucun artiste qui soutient la dictature actuelle en Russie ne devrait \u00eatre le bienvenu en Europe<\/strong>. C&rsquo;est pr\u00e9cis\u00e9ment gr\u00e2ce \u00e0 des partisans du r\u00e9gime comme Gergiev que Poutine tente de promouvoir son image de &lsquo;personne d\u00e9cente&rsquo; en Occident\u00a0\u00bb, a \u00e9crit Ioulia Navalna\u00efa sur X en commentant l&rsquo;annulation du concert.<\/p>\n<p>Le ministre italien de la Culture <strong>Alessandro Giuli<\/strong>, qui \u00e9tait d\u00e9j\u00e0 intervenu sur la question, s&rsquo;est distanci\u00e9 de la d\u00e9cision d&rsquo;inviter Gergiev et s&rsquo;est rang\u00e9 du c\u00f4t\u00e9 de ceux qui consid\u00e9raient le concert comme une faveur faite \u00e0 la propagande russe.<\/p>\n<p>\u00ab\u00a0Tout en respectant la qualit\u00e9 artistique exceptionnelle de l&rsquo;\u00e9v\u00e9nement, l&rsquo;annulation du concert dirig\u00e9 par le le chef Valery Gergiev ob\u00e9it \u00e0 une logique de bon sens et de tension morale visant \u00e0 prot\u00e9ger les valeurs du monde libre\u00a0\u00bb, peut-on lire dans la note du minist\u00e8re.<\/p>\n<p>La vice-pr\u00e9sidente de l&rsquo;Euro Chamber, <strong>Pina Picierno<\/strong>, qui a \u00e9t\u00e9 l&rsquo;une des premi\u00e8res \u00e0 s&rsquo;\u00e9lever contre l&rsquo;accueil de Gergiev en Italie, a exprim\u00e9 sa satisfaction sur X : \u00ab\u00a0*Nous avons expliqu\u00e9, nous nous sommes battus, nous avons cru et nous avons gagn\u00e9 ! Gr\u00e2ce \u00e0 vous tous, la Campanie n&rsquo;accueillera pas d&rsquo;ambassadeur de Poutine. Pour ceux qui le souhaitent, nous vous donnons <strong>r<\/strong>endez-vous dimanche soir avec les drapeaux de l&rsquo;Europe, devant la Reggia, pour c\u00e9l\u00e9brer la force et la beaut\u00e9 de la d\u00e9mocratie*\u00a0\u00bb.<\/p>\n<p>L&rsquo;Association chr\u00e9tienne des Ukrainiens d&rsquo;Italie s&rsquo;est \u00e9galement r\u00e9jouie. \u00ab\u00a0C&rsquo;est une victoire du bon sens et des valeurs humaines et chr\u00e9tiennes sur la politique criminelle du Kremlin. C&rsquo;est une petite victoire, mais c&rsquo;est un pas de plus vers la victoire commune du bien sur le mal\u00a0\u00bb, a \u00e9crit le pr\u00e9sident Oles Horodetsky.<\/p>\n<p>L&rsquo;association \u00e9tait <strong>pr\u00eate \u00e0 organiser des initiatives de protestation<\/strong> et avait d\u00e9j\u00e0 achet\u00e9 des billets pour les premiers rangs du concert afin de faire sentir son d\u00e9saccord \u00e0 Gergiev.<\/p>\n<p>Toujours <strong>pas de commentaire du gouverneur de la Campanie, Vincenzo De Luca<\/strong>, qui avait qualifi\u00e9 l&rsquo;affaire de \u00ab\u00a0d\u00e9concertante\u00a0\u00bb, se demandant o\u00f9 \u00e9tait \u00ab\u00a0la limite entre la libert\u00e9 d&rsquo;expression d&rsquo;une opinion et la propagande\u00a0\u00bb et soulignant sa volont\u00e9 de confirmer le concert malgr\u00e9 les appels internationaux.<\/p>\n<p>Plusieurs prix Nobel s&rsquo;\u00e9taient m\u00eame \u00e9lev\u00e9s contre la participation du maestro russe, avec des lettres envoy\u00e9es \u00e0 la pr\u00e9sidente de la Commission europ\u00e9enne Ursula Von der Leyen, aux autorit\u00e9s italiennes et \u00e0 M. De Luca lui-m\u00eame. Une <strong>p\u00e9tition en ligne a recueilli plus de 16 000 signatures<\/strong>.<\/p>\n<p><strong>Valery Gergiev<\/strong> lui-m\u00eame a d\u00e9clar\u00e9 \u00e0 l&rsquo;agence russe TASS ignorer l&rsquo;annulation de sa prestation au festival\u00a0affirmant qu&rsquo;il n&rsquo;avait \u00ab\u00a0aucune information de ce type.\u00a0\u00bb<\/p>\n<p> <strong>L&rsquo;ambassade de Russie<\/strong> en Italie a qualifi\u00e9 l&rsquo;affaire Gergiev d&rsquo;\u00ab\u00a0<strong>inappropri\u00e9e<\/strong>\u00a0\u00bb. <\/p>\n<p>\u00ab\u00a0Cela d\u00e9montre clairement qu&rsquo;en Italie, avec la complicit\u00e9 des autorit\u00e9s, des forces destructrices peu nombreuses, mais actives et bruyantes, s&#8217;emploient \u00e0 cr\u00e9er une image n\u00e9gative de l&rsquo;Italie en Russie et de la Russie en Italie, et, de fait, \u00e0 provoquer des conflits entre les peuples de nos pays, russe et italien.\u00a0\u00bb <\/p>\n<p>\u00ab\u00a0ll est triste de voir l&rsquo;Italie dont le gouvernement, malgr\u00e9 ses promesses de prot\u00e9ger la souverainet\u00e9 et les int\u00e9r\u00eats nationaux du pays, subordonne sa politique culturelle aux revendications des immigr\u00e9s ukrainiens et autres, ainsi qu&rsquo;\u00e0 leur lobby politique au sein de l&rsquo;opposition\u00a0\u00bb, a d\u00e9clar\u00e9 l&rsquo;ambassade dans un communiqu\u00e9 sur sa page Facebook.\u00a0<\/p>\n<p>L&rsquo;affaire Romanovsky \u00e0 Bologne<\/p>\n<p>Entre-temps, l&rsquo;<strong>attention s&rsquo;est aussi port\u00e9 rapidement sur une affaire similaire cette fois ci \u00e0 Bologne.<\/strong> En effet, la ville se pr\u00e9pare \u00e0 accueillir le pianiste ukrainien naturalis\u00e9 italien <strong>Alexander Romanovsky<\/strong> dans le cadre du festival d&rsquo;\u00e9t\u00e9 CUBO, financ\u00e9 par Unipol.<\/p>\n<p>Romanovsky est devenu c\u00e9l\u00e8bre pour avoir <strong>jou\u00e9 devant les cam\u00e9ras (russes) sur les d\u00e9combres du th\u00e9\u00e2tre de Mariupol,<\/strong> que les forces de Moscou avaient bombard\u00e9 dans les premi\u00e8res semaines de l&rsquo;invasion de l&rsquo;Ukraine, tuant des centaines de civils qui s&rsquo;y \u00e9taient r\u00e9fugi\u00e9s.<\/p>\n<p>A cet \u00e9pisode, \u00e9galement d\u00e9nonc\u00e9 sur X par le journaliste <strong>Marco Setaccioli<\/strong> qui demande l&rsquo;annulation de l&rsquo;\u00e9v\u00e9nement pr\u00e9vu le 5 ao\u00fbt, \u00ab\u00a0s&rsquo;ajoutent d&rsquo;autres apparitions publiques dans des vid\u00e9os et du mat\u00e9riel audiovisuel diffus\u00e9s par des cha\u00eenes russes pro-gouvernementales, d\u00e9montrant la volont\u00e9 manifeste de Romanovsky de se pr\u00eater \u00e0 la machine de propagande du Kremlin\u00a0\u00bb, explique-t-il. <\/p>\n<p>En raison de ses positions pro-russes, d\u00e8s janvier 2024, sous la pression d&rsquo;activistes pro-Ukraine, d&rsquo;associations et de la soci\u00e9t\u00e9 civile, l&rsquo;Universit\u00e9 La Sapienza de Rome avait annul\u00e9 l&rsquo;un de ses concerts.**<\/p>\n","protected":false},"excerpt":{"rendered":"PUBLICIT\u00c9 Le concert symphonique controvers\u00e9 du chef d&rsquo;orchestre russe Valery Gergiev n&rsquo;aura finalement pas lieu. La direction de&hellip;\n","protected":false},"author":2,"featured_media":263556,"comment_status":"","ping_status":"","sticky":false,"template":"","format":"standard","meta":{"footnotes":""},"categories":[1591],"tags":[11,1887,22162,452,2936,12,1062,10512,1885,1886,132],"class_list":{"0":"post-263555","1":"post","2":"type-post","3":"status-publish","4":"format-standard","5":"has-post-thumbnail","7":"category-russie","8":"tag-actualites","9":"tag-federation-de-russie","10":"tag-festival-de-musique","11":"tag-italie","12":"tag-musique-classique","13":"tag-news","14":"tag-polemique","15":"tag-propagande","16":"tag-russia","17":"tag-russian-federation","18":"tag-russie"},"share_on_mastodon":{"url":"https:\/\/pubeurope.com\/@fr\/114891766219694625","error":""},"_links":{"self":[{"href":"https:\/\/www.europesays.com\/fr\/wp-json\/wp\/v2\/posts\/263555","targetHints":{"allow":["GET"]}}],"collection":[{"href":"https:\/\/www.europesays.com\/fr\/wp-json\/wp\/v2\/posts"}],"about":[{"href":"https:\/\/www.europesays.com\/fr\/wp-json\/wp\/v2\/types\/post"}],"author":[{"embeddable":true,"href":"https:\/\/www.europesays.com\/fr\/wp-json\/wp\/v2\/users\/2"}],"replies":[{"embeddable":true,"href":"https:\/\/www.europesays.com\/fr\/wp-json\/wp\/v2\/comments?post=263555"}],"version-history":[{"count":0,"href":"https:\/\/www.europesays.com\/fr\/wp-json\/wp\/v2\/posts\/263555\/revisions"}],"wp:featuredmedia":[{"embeddable":true,"href":"https:\/\/www.europesays.com\/fr\/wp-json\/wp\/v2\/media\/263556"}],"wp:attachment":[{"href":"https:\/\/www.europesays.com\/fr\/wp-json\/wp\/v2\/media?parent=263555"}],"wp:term":[{"taxonomy":"category","embeddable":true,"href":"https:\/\/www.europesays.com\/fr\/wp-json\/wp\/v2\/categories?post=263555"},{"taxonomy":"post_tag","embeddable":true,"href":"https:\/\/www.europesays.com\/fr\/wp-json\/wp\/v2\/tags?post=263555"}],"curies":[{"name":"wp","href":"https:\/\/api.w.org\/{rel}","templated":true}]}}