{"id":263557,"date":"2025-07-21T14:46:16","date_gmt":"2025-07-21T14:46:16","guid":{"rendered":"https:\/\/www.europesays.com\/fr\/263557\/"},"modified":"2025-07-21T14:46:16","modified_gmt":"2025-07-21T14:46:16","slug":"qui-est-ioulia-svyrydenko-la-nouvelle-premiere-ministre-ukrainienne-choisie-par-zelensky","status":"publish","type":"post","link":"https:\/\/www.europesays.com\/fr\/263557\/","title":{"rendered":"Qui est Ioulia Svyrydenko, la nouvelle Premi\u00e8re ministre ukrainienne, choisie par Zelensky ?"},"content":{"rendered":"<p class=\"article-p mdl\">\u00c0 39 ans, Ioulia Svyrydenko, est devenue, jeudi 17 juillet 2025, la Premi\u00e8re ministre ukrainienne. C&rsquo;est une nomination audacieuse voulue par Zelensky pour dynamiser le pays. Pr\u00e9c\u00e9demment, ministre de l\u2019\u00c9conomie et vice-Premi\u00e8re ministre, elle s\u2019est r\u00e9cemment illustr\u00e9e dans les n\u00e9gociations tendues ayant abouti \u00e0 un accord strat\u00e9gique sur les minerais avec les \u00c9tats-Unis.<\/p>\n<p class=\"article-p mdl\">\u00ab\u00a0J\u2019ai propos\u00e9 que Ioulia Svyrydenko prenne la t\u00eate du gouvernement de l\u2019Ukraine et en renouvelle le travail en profondeur\u00a0\u00bb, a d\u00e9clar\u00e9 le pr\u00e9sident ukrainien sur ses r\u00e9seaux sociaux. Ainsi, elle devient la <strong>deuxi\u00e8me femme cheffe du gouvernement <\/strong>dans l\u2019histoire du pays, apr\u00e8s\u00a0<a class=\"link\" href=\"https:\/\/www.rtl.fr\/actu\/politique\/ukraine-ioulia-timochenko-le-retour-de-l-emblematique-opposante-a-viktor-ianoukovitch-7769895890\" title=\"Ukraine : Ioulia Timochenko, le retour de l&#039;embl\u00e9matique opposante \u00e0 Viktor Ianoukovitch\" target=\"_blank\" rel=\"noopener\">Ioulia Timochenko.<\/a><\/p>\n<p class=\"article-p mdl\">Nomm\u00e9e ministre de l\u2019\u00c9conomie quelques mois avant l\u2019invasion russe \u00e0 grande \u00e9chelle, Ioulia Svyrydenko a d\u00fb g\u00e9rer un pays \u00e9conomiquement ravag\u00e9 par les bombardements et<a class=\"link\" href=\"https:\/\/www.rtl.fr\/sujet\/ukraine\" target=\"_blank\" rel=\"noopener\"> la guerre.\u00a0<\/a>Sa priorit\u00e9 aujourd\u00a0\u00bbhui sera de \u00ab\u00a0renforcer le potentiel \u00e9conomique de l\u2019Ukraine\u00a0\u00bb. Elle entend aussi acc\u00e9l\u00e9rer la production nationale d\u2019armement, alors que\u00a0Kiev\u00a0d\u00e9pend fortement de l&rsquo;approvisionnement de ses alli\u00e9s.<\/p>\n<p>            Un r\u00f4le cl\u00e9 dans les n\u00e9gociations am\u00e9ricaines<\/p>\n<p class=\"article-p mdl\">Proche d\u2019Andriy Yermak, le tout-puissant chef de cabinet de Zelensky, Ioulia Svyrydenko est consid\u00e9r\u00e9e par ses anciens coll\u00e8gues comme une professionnelle aguerrie. Tymofi\u00ef Mylovanov, ex-ministre de l\u2019\u00c9conomie, la d\u00e9crit comme \u00ab\u00a0tr\u00e8s efficace\u00a0\u00bb. Elle a jou\u00e9 un \u00ab\u00a0r\u00f4le cl\u00e9\u00a0\u00bb dans les n\u00e9gociations avec Washington, notamment lors de <strong>l\u2019accord sur les minerais<\/strong> qui a mis aux prises Zelensky et le pr\u00e9sident am\u00e9ricain Donald Trump\u00a0<a class=\"link\" href=\"https:\/\/www.rtl.fr\/actu\/international\/altercation-trump-zelensky-ce-qu-il-faut-retenir-de-la-rencontre-entre-les-deux-chefs-d-etat-7900478021\" title=\"Altercation Trump-Zelensky : ce qu\u2019il faut retenir de la rencontre entre les deux chefs d\u2019\u00c9tat\" target=\"_blank\" rel=\"noopener\">dans un \u00e9change tendu<\/a>\u00a0\u00e0 la Maison Blanche en f\u00e9vrier dernier. Elle avait affirm\u00e9 \u00e0 l&rsquo;\u00e9poque que ce texte offrait \u00ab\u00a0la possibilit\u00e9 de b\u00e9n\u00e9ficier d&rsquo;une nouvelle aide militaire (&#8230;) de la part de l&rsquo;administration am\u00e9ricaine\u00a0\u00bb.<\/p>\n<p class=\"article-p mdl\">Dans ce qui est le plus vaste remaniement depuis le d\u00e9but de l&rsquo;invasion russe, Volodymyr Zelensky souhaite \u00e9galement nommer le Premier ministre sortant, Denys Chmygal, <strong>au minist\u00e8re de la D\u00e9fense.<\/strong>\u00a0\u00c0 la suite de ces annonces, il avait d\u00e9pos\u00e9 sa d\u00e9mission en tant que Premier ministre. Une d\u00e9cision qui marque un tournant car Chmygal, en poste depuis 2020, a d\u00fb faire face \u00e0 la pand\u00e9mie de Covid-19 et \u00e0\u00a0<a class=\"link\" href=\"https:\/\/www.rtl.fr\/actu\/international\/guerre-en-ukraine-zelensky-accuse-la-russie-de-jouer-un-jeu-sale-et-politique-apres-une-nouvelle-attaque-7900513479\" title=\"Guerre en Ukraine : Zelensky accuse la Russie de jouer un jeu &quot;sale et politique&quot; apr\u00e8s une nouvelle attaque\" target=\"_blank\" rel=\"noopener\">plus de trois ann\u00e9es de guerre.<\/a>\u00a0<\/p>\n<p class=\"article-p mdl\">\u00ab\u00a0L\u2019immense exp\u00e9rience de Denys Chmygal sera certainement utile au poste de ministre de la D\u00e9fense de l\u2019Ukraine\u00a0\u00bb, a d\u00e9clar\u00e9 Zelensky dans son discours du soir, saluant la r\u00e9silience et le parcours de son Premier ministre.<\/p>\n<p>            Un besoin de renouveau<\/p>\n<p class=\"article-p mdl\">Ce changement de cap est aussi une r\u00e9ponse \u00e0 une certaine<strong> lassitude de la population.<\/strong>\u00a0Il est celui qui a occup\u00e9 ce poste le plus longtemps dans l&rsquo;histoire de l&rsquo;Ukraine. \u00ab\u00a0Le gouvernement a besoin de changement car les gens sont fatigu\u00e9s\u00a0\u00bb, juge Tymofi\u00ef Mylovanov, qui estime qu\u2019un remaniement pourrait apporter \u00ab\u00a0une forme de fra\u00eecheur\u00a0\u00bb au pouvoir ex\u00e9cutif.<\/p>\n<p class=\"article-p mdl\">Avec Ioulia Svyrydenko aux commandes, Zelensky mise sur une figure jeune, comp\u00e9tente et d\u00e9j\u00e0 aguerrie <strong>aux enjeux internationaux. <\/strong>Un pari pour revitaliser un gouvernement\u00a0<a class=\"link\" href=\"https:\/\/www.rtl.fr\/actu\/international\/guerre-en-ukraine-l-onu-condamne-l-attaque-de-drones-russes-la-plus-importante-depuis-le-debut-du-conflit-7900521652\" title=\"Guerre en Ukraine : l&#039;ONU &quot;condamne&quot; l&#039;attaque de drones russes la plus importante depuis le d\u00e9but du conflit\" target=\"_blank\" rel=\"noopener\">sous pression constante\u00a0<\/a>depuis le d\u00e9but du conflit.<\/p>\n<p>    La r\u00e9daction vous recommande<\/p>\n<p class=\"s-newsletter__title\">\n                L\u2019actualit\u00e9 par la r\u00e9daction de RTL dans votre bo\u00eete mail.\n            <\/p>\n<p class=\"s-newsletter__subtitle\">\n                Gr\u00e2ce \u00e0 votre compte RTL abonnez-vous \u00e0 la newsletter RTL info pour suivre toute l&rsquo;actualit\u00e9 au quotidien\n            <\/p>\n<p>\n                                    Lire la suite\n                                <\/p>\n","protected":false},"excerpt":{"rendered":"\u00c0 39 ans, Ioulia Svyrydenko, est devenue, jeudi 17 juillet 2025, la Premi\u00e8re ministre ukrainienne. C&rsquo;est une nomination&hellip;\n","protected":false},"author":2,"featured_media":263558,"comment_status":"","ping_status":"","sticky":false,"template":"","format":"standard","meta":{"footnotes":""},"categories":[1590],"tags":[40301,11,2120,1777,674,107,131,12,316,132,220,134],"class_list":{"0":"post-263557","1":"post","2":"type-post","3":"status-publish","4":"format-standard","5":"has-post-thumbnail","7":"category-ukraine","8":"tag-1er-ministre","9":"tag-actualites","10":"tag-conflit","11":"tag-eu","12":"tag-europe","13":"tag-fil-info","14":"tag-guerre-en-ukraine","15":"tag-news","16":"tag-politique","17":"tag-russie","18":"tag-ukraine","19":"tag-volodymyr-zelensky"},"share_on_mastodon":{"url":"https:\/\/pubeurope.com\/@fr\/114891769967810549","error":""},"_links":{"self":[{"href":"https:\/\/www.europesays.com\/fr\/wp-json\/wp\/v2\/posts\/263557","targetHints":{"allow":["GET"]}}],"collection":[{"href":"https:\/\/www.europesays.com\/fr\/wp-json\/wp\/v2\/posts"}],"about":[{"href":"https:\/\/www.europesays.com\/fr\/wp-json\/wp\/v2\/types\/post"}],"author":[{"embeddable":true,"href":"https:\/\/www.europesays.com\/fr\/wp-json\/wp\/v2\/users\/2"}],"replies":[{"embeddable":true,"href":"https:\/\/www.europesays.com\/fr\/wp-json\/wp\/v2\/comments?post=263557"}],"version-history":[{"count":0,"href":"https:\/\/www.europesays.com\/fr\/wp-json\/wp\/v2\/posts\/263557\/revisions"}],"wp:featuredmedia":[{"embeddable":true,"href":"https:\/\/www.europesays.com\/fr\/wp-json\/wp\/v2\/media\/263558"}],"wp:attachment":[{"href":"https:\/\/www.europesays.com\/fr\/wp-json\/wp\/v2\/media?parent=263557"}],"wp:term":[{"taxonomy":"category","embeddable":true,"href":"https:\/\/www.europesays.com\/fr\/wp-json\/wp\/v2\/categories?post=263557"},{"taxonomy":"post_tag","embeddable":true,"href":"https:\/\/www.europesays.com\/fr\/wp-json\/wp\/v2\/tags?post=263557"}],"curies":[{"name":"wp","href":"https:\/\/api.w.org\/{rel}","templated":true}]}}