{"id":263563,"date":"2025-07-21T14:49:16","date_gmt":"2025-07-21T14:49:16","guid":{"rendered":"https:\/\/www.europesays.com\/fr\/263563\/"},"modified":"2025-07-21T14:49:16","modified_gmt":"2025-07-21T14:49:16","slug":"le-gouvernement-allemand-veut-annuler-laugmentation-de-la-taxe-sur-le-transport-aerien","status":"publish","type":"post","link":"https:\/\/www.europesays.com\/fr\/263563\/","title":{"rendered":"le gouvernement allemand veut annuler \u00abl\u2019augmentation de la taxe sur le transport a\u00e9rien\u00bb"},"content":{"rendered":"<p>Face \u00e0 la grogne des compagnies et au risque de voir certaines liaisons dispara\u00eetre, Berlin envisage de revenir sur la hausse des taxes appliqu\u00e9es aux billets d\u2019avion depuis 2024. D\u2019autres pays, comme la France, ont r\u00e9cemment alourdi ces pr\u00e9l\u00e8vements.<\/p>\n<p class=\"fig-paragraph\">Le gouvernement allemand a d\u00e9clar\u00e9 lundi vouloir faire machine arri\u00e8re sur la hausse des taxes sur les\u00a0<a href=\"http:\/\/www.lefigaro.fr\/voyages\/conseils\/transavia-france-lance-une-plateforme-pour-revendre-ses-billets-d-avion-20250715\" target=\"_blank\" data-fig-type=\"NewsFlash\" rel=\"noopener\" data-gtm-custom-categorie=\"navigation\" data-gtm-custom-action=\"crossclick\" data-gtm-custom-label=\"Contextuel\" data-gtm-event=\"customEventSPE\" data-fig-domain=\"LEFIGARO\">billets d&rsquo;avion<\/a>\u00a0d\u00e9cid\u00e9e par la coalition pr\u00e9c\u00e9dente, fortement critiqu\u00e9e par les compagnies a\u00e9riennes qui y voient un frein \u00e0 leur comp\u00e9titivit\u00e9. \u00abL&rsquo;augmentation de la taxe sur le transport a\u00e9rien doit \u00eatre annul\u00e9e\u00bb, a d\u00e9clar\u00e9 le coordinateur du gouvernement en charge du tourisme, Christoph Ploss, dans une interview au quotidien Bild, en pr\u00e9cisant que cette question serait au menu des discussions sur le budget 2026.<\/p>\n<p class=\"fig-paragraph\">Issu des rangs conservateurs de la CDU, Christoph Ploss, membre de la coalition avec les sociaux-d\u00e9mocrates du SPD, souhaite \u00e9galement r\u00e9duire les redevances a\u00e9roportuaires allemandes, estimant que le maintien de co\u00fbts trop \u00e9lev\u00e9s menace les liaisons a\u00e9riennes au d\u00e9part de l&rsquo;Allemagne. La derni\u00e8re hausse de la taxe allemande sur les billets d&rsquo;avion est entr\u00e9e en vigueur en mai 2024, sous le gouvernement du chancelier social-d\u00e9mocrate Olaf Scholz. Son montant avait \u00e9t\u00e9 port\u00e9 \u00e0 15,53 euros (contre 12,73 euros auparavant) pour un vol court-courrier, 39,34 euros pour un vol moyen-courrier et 70,83 euros (contre 58,06 euros) pour un long-courrier. La taxe a rapport\u00e9 environ 1,9 milliard d&rsquo;euros \u00e0 l&rsquo;\u00c9tat cette ann\u00e9e-l\u00e0.<\/p>\n<p>                                    <a class=\"fig-a11y-skip a11y-hidden\" href=\"#fig-a11y-skip-main-inarticle\"><br \/>\n        Passer la publicit\u00e9<br \/>\n    <\/a><\/p>\n<p class=\"fig-paragraph\">Cette taxe visait \u00e9galement \u00e0 r\u00e9duire le nombre de vols et donc les \u00e9missions de gaz \u00e0 effet de serre alors le transport a\u00e9rien repr\u00e9sente 2,5% \u00e0 3% des \u00e9missions mondiales de CO2 dans le monde. En r\u00e9action, deux compagnies a\u00e9riennes \u00e0 bas co\u00fbts, l&rsquo;allemande Eurowings et l&rsquo;irlandaise Ryanair, avaient annonc\u00e9 \u00e0 l&rsquo;automne 2024 envisager de supprimer de nombreuses liaisons vers et depuis l&rsquo;Allemagne, pointant du doigt une fiscalit\u00e9 jug\u00e9e excessive.<\/p>\n<p class=\"fig-paragraph\">\u00abLes vacances bien m\u00e9rit\u00e9es \u00e0 Majorque ne doivent pas devenir inabordables\u00bb, a ajout\u00e9 Christoph Ploss dans Bild, en r\u00e9f\u00e9rence \u00e0 l&rsquo;une des destinations de vacances favorites des Allemands. En France, une augmentation de la taxe sur les billets d&rsquo;avion, de 2,63 euros \u00e0 7,30 euros pour un billet en classe \u00e9conomique vers la France ou l&rsquo;Europe, a \u00e9t\u00e9 inscrite dans le budget 2025.<\/p>\n","protected":false},"excerpt":{"rendered":"Face \u00e0 la grogne des compagnies et au risque de voir certaines liaisons dispara\u00eetre, Berlin envisage de revenir&hellip;\n","protected":false},"author":2,"featured_media":263564,"comment_status":"","ping_status":"","sticky":false,"template":"","format":"standard","meta":{"footnotes":""},"categories":[1587],"tags":[11,672,37,1804,1805,1803,1777,674,1801,12,1802,2549],"class_list":{"0":"post-263563","1":"post","2":"type-post","3":"status-publish","4":"format-standard","5":"has-post-thumbnail","7":"category-allemagne","8":"tag-actualites","9":"tag-allemagne","10":"tag-avion","11":"tag-bundesrepublik-deutschland","12":"tag-de","13":"tag-deutschland","14":"tag-eu","15":"tag-europe","16":"tag-germany","17":"tag-news","18":"tag-republique-federale-dallemagne","19":"tag-taxe"},"share_on_mastodon":{"url":"https:\/\/pubeurope.com\/@fr\/114891781788153447","error":""},"_links":{"self":[{"href":"https:\/\/www.europesays.com\/fr\/wp-json\/wp\/v2\/posts\/263563","targetHints":{"allow":["GET"]}}],"collection":[{"href":"https:\/\/www.europesays.com\/fr\/wp-json\/wp\/v2\/posts"}],"about":[{"href":"https:\/\/www.europesays.com\/fr\/wp-json\/wp\/v2\/types\/post"}],"author":[{"embeddable":true,"href":"https:\/\/www.europesays.com\/fr\/wp-json\/wp\/v2\/users\/2"}],"replies":[{"embeddable":true,"href":"https:\/\/www.europesays.com\/fr\/wp-json\/wp\/v2\/comments?post=263563"}],"version-history":[{"count":0,"href":"https:\/\/www.europesays.com\/fr\/wp-json\/wp\/v2\/posts\/263563\/revisions"}],"wp:featuredmedia":[{"embeddable":true,"href":"https:\/\/www.europesays.com\/fr\/wp-json\/wp\/v2\/media\/263564"}],"wp:attachment":[{"href":"https:\/\/www.europesays.com\/fr\/wp-json\/wp\/v2\/media?parent=263563"}],"wp:term":[{"taxonomy":"category","embeddable":true,"href":"https:\/\/www.europesays.com\/fr\/wp-json\/wp\/v2\/categories?post=263563"},{"taxonomy":"post_tag","embeddable":true,"href":"https:\/\/www.europesays.com\/fr\/wp-json\/wp\/v2\/tags?post=263563"}],"curies":[{"name":"wp","href":"https:\/\/api.w.org\/{rel}","templated":true}]}}