{"id":263565,"date":"2025-07-21T14:50:10","date_gmt":"2025-07-21T14:50:10","guid":{"rendered":"https:\/\/www.europesays.com\/fr\/263565\/"},"modified":"2025-07-21T14:50:10","modified_gmt":"2025-07-21T14:50:10","slug":"la-france-est-elle-vraiment-le-pays-le-plus-endette-de-lunion-europeenne","status":"publish","type":"post","link":"https:\/\/www.europesays.com\/fr\/263565\/","title":{"rendered":"La France est-elle vraiment \u00able pays le plus endett\u00e9 de l\u2019Union europ\u00e9enne\u00bb ?"},"content":{"rendered":"<p><strong>LA V\u00c9RIFICATION &#8211;<\/strong> \u00abNotre pays est devant un mur, qui est le mur de l\u2019endettement\u00bb, a jug\u00e9 la porte-parole du gouvernement Sophie Primas, affirmant que la France \u00e9tait le pire \u00e9l\u00e8ve de l\u2019UE en la mati\u00e8re. Est-ce vrai\u00a0?<\/p>\n<p class=\"fig-paragraph\">Pr\u00e8s d\u2019une semaine apr\u00e8s que Fran\u00e7ois Bayrou a pr\u00e9sent\u00e9\u00a0<a href=\"http:\/\/www.lefigaro.fr\/conjoncture\/impots-retraites-annee-blanche-jours-feries-ce-qu-il-faut-retenir-des-annonces-de-francois-bayrou-sur-le-budget-2026-20250715\" target=\"_blank\" data-fig-type=\"NewsFlash\" rel=\"noopener nofollow\" data-gtm-custom-categorie=\"navigation\" data-gtm-custom-action=\"crossclick\" data-gtm-custom-label=\"Contextuel\" data-gtm-event=\"customEventSPE\" data-fig-domain=\"LEFIGARO\">ses orientations budg\u00e9taires pour 2026<\/a>, le gouvernement continue \u00e0 faire le service apr\u00e8s-vente du plan de sauvetage des finances publiques du premier ministre. \u00abIl est (&#8230;) tr\u00e8s important que nous reprenions la ma\u00eetrise de cette dette\u00bb, a d\u00e9fendu la porte-parole de l\u2019ex\u00e9cutif Sophie Primas sur France 2 ce lundi matin, rappelant que \u00abnous sommes dans une situation tr\u00e8s difficile budg\u00e9tairement\u00bb. \u00abNotre pays est devant un mur, qui est le mur de l\u2019endettement\u00bb, a martel\u00e9 l\u2019ex-s\u00e9natrice LR, affirmant \u00e0 deux reprises que la France est \u00able pays le plus endett\u00e9 de l\u2019Union europ\u00e9enne\u00bb. Mais est-ce correct\u00a0?<\/p>\n<p class=\"fig-paragraph\">Publi\u00e9es ce lundi 21 juillet, les derni\u00e8res donn\u00e9es trimestrielles d\u2019Eurostat &#8211; l\u2019office statistique de l\u2019Union europ\u00e9enne &#8211; sur la dette publique dans l\u2019UE permettent justement de v\u00e9rifier les dires de Sophie Primas. Et de se rendre compte qu\u2019en pourcentage du PIB (produit int\u00e9rieur brut), la France n\u2019est pas la pire \u00e9l\u00e8ve du Vieux\u2026<\/p>\n<p class=\"fig-premium-paywall__infos\">\n        Cet article est r\u00e9serv\u00e9 aux abonn\u00e9s.        Il vous reste 76% \u00e0 d\u00e9couvrir.\n    <\/p>\n<p>                <img  data- alt=\"Le Figaro\" class=\"fig-img--complete fig-img\"\/><\/p>\n<p class=\"fig-premium-paywall__title\">Vous avez envie de lire la suite ?<\/p>\n<p class=\"fig-premium-paywall__subtitle\">D\u00e9bloquez tous les articles imm\u00e9diatement.<\/p>\n<p class=\"fig-premium-paywall__connect\">\n                D\u00e9j\u00e0 abonn\u00e9\u00a0?                <a class=\"fig-premium-paywall__connect-link\" href=\"https:\/\/connect.lefigaro.fr\/login?client=horizon_web&amp;type=main&amp;redirect_uri=https%3A%2F%2Fwww.lefigaro.fr%2Fconjoncture%2Fla-france-est-elle-vraiment-le-pays-le-plus-endette-de-l-union-europeenne-20250721\" data-js-gtm=\"{&quot;customCategorie&quot;: &quot;conversion&quot;, &quot;customAction&quot;: &quot;before_Landing_Connexion_paywall_auto&quot;, &quot;customLabel&quot;: &quot;bGVmaWdhcm8uZnJfXzFmMDY2MTc2LTQ4YTMtNjQ0MC05MzNhLTlkZDNiNmM3YzVjYl9fQXJ0aWNsZQ==_La France est-elle vraiment \u00able pays le plus endett\u00e9 de l\u2019Union europ\u00e9enne\u00bb\u00a0?_331&quot;, &quot;customIDSPE&quot;: &quot;bGVmaWdhcm8uZnJfXzFmMDY2MTc2LTQ4YTMtNjQ0MC05MzNhLTlkZDNiNmM3YzVjYl9fQXJ0aWNsZQ==&quot;, &quot;event&quot;: &quot;customEventSPE&quot;}\" rel=\"nofollow noopener\" target=\"_blank\"><br \/>\n                    Connectez-vous<br \/>\n                <\/a>\n            <\/p>\n","protected":false},"excerpt":{"rendered":"LA V\u00c9RIFICATION &#8211; \u00abNotre pays est devant un mur, qui est le mur de l\u2019endettement\u00bb, a jug\u00e9 la&hellip;\n","protected":false},"author":2,"featured_media":263566,"comment_status":"","ping_status":"","sticky":false,"template":"","format":"standard","meta":{"footnotes":""},"categories":[1586],"tags":[11,6327,1777,674,1011,27,12,25,364],"class_list":{"0":"post-263565","1":"post","2":"type-post","3":"status-publish","4":"format-standard","5":"has-post-thumbnail","7":"category-europe","8":"tag-actualites","9":"tag-dette","10":"tag-eu","11":"tag-europe","12":"tag-fr","13":"tag-france","14":"tag-news","15":"tag-republique-francaise","16":"tag-union-europeenne"},"share_on_mastodon":{"url":"https:\/\/pubeurope.com\/@fr\/114891786294757279","error":""},"_links":{"self":[{"href":"https:\/\/www.europesays.com\/fr\/wp-json\/wp\/v2\/posts\/263565","targetHints":{"allow":["GET"]}}],"collection":[{"href":"https:\/\/www.europesays.com\/fr\/wp-json\/wp\/v2\/posts"}],"about":[{"href":"https:\/\/www.europesays.com\/fr\/wp-json\/wp\/v2\/types\/post"}],"author":[{"embeddable":true,"href":"https:\/\/www.europesays.com\/fr\/wp-json\/wp\/v2\/users\/2"}],"replies":[{"embeddable":true,"href":"https:\/\/www.europesays.com\/fr\/wp-json\/wp\/v2\/comments?post=263565"}],"version-history":[{"count":0,"href":"https:\/\/www.europesays.com\/fr\/wp-json\/wp\/v2\/posts\/263565\/revisions"}],"wp:featuredmedia":[{"embeddable":true,"href":"https:\/\/www.europesays.com\/fr\/wp-json\/wp\/v2\/media\/263566"}],"wp:attachment":[{"href":"https:\/\/www.europesays.com\/fr\/wp-json\/wp\/v2\/media?parent=263565"}],"wp:term":[{"taxonomy":"category","embeddable":true,"href":"https:\/\/www.europesays.com\/fr\/wp-json\/wp\/v2\/categories?post=263565"},{"taxonomy":"post_tag","embeddable":true,"href":"https:\/\/www.europesays.com\/fr\/wp-json\/wp\/v2\/tags?post=263565"}],"curies":[{"name":"wp","href":"https:\/\/api.w.org\/{rel}","templated":true}]}}