{"id":263571,"date":"2025-07-21T14:53:10","date_gmt":"2025-07-21T14:53:10","guid":{"rendered":"https:\/\/www.europesays.com\/fr\/263571\/"},"modified":"2025-07-21T14:53:10","modified_gmt":"2025-07-21T14:53:10","slug":"attention-ces-herbes-de-cuisine-vendues-dans-toute-la-france-contiennent-des-metaux-lourds","status":"publish","type":"post","link":"https:\/\/www.europesays.com\/fr\/263571\/","title":{"rendered":"Attention, ces herbes de cuisine vendues dans toute la France contiennent des m\u00e9taux lourds"},"content":{"rendered":"<p>Prudence si vous avez r\u00e9cemment achet\u00e9 des flacons contenant du thym, de l\u2019estragon ou encore du gingembre moulu dans votre magasin <a href=\"https:\/\/www.20minutes.fr\/dossier\/auchan\" class=\"color-ultramarine c-link\" target=\"_blank\" rel=\"noopener\">Auchan<\/a>. Depuis vendredi, l\u2019enseigne proc\u00e8de en effet au <a href=\"https:\/\/www.20minutes.fr\/dossier\/rappel\" class=\"color-ultramarine c-link\" target=\"_blank\" rel=\"noopener\">rappel<\/a> de plusieurs articles de sa marque susceptibles de contenir des m\u00e9taux lourds et des r\u00e9sidus de pesticides, rapporte <a href=\"https:\/\/rappel.conso.gouv.fr\/fiche-rappel\/18927\/Interne\" target=\"_blank\" class=\"color-ultramarine c-link\" rel=\"noopener\">Rappel Conso<\/a>.<\/p>\n<p>En vente depuis d\u00e9cembre\u00a02024<\/p>\n<p>Conditionn\u00e9 dans des flacons de 7\u00a0g, l\u2019estragon vis\u00e9 par ce rappel porte le code-barres\u00a03596710518258. Sa date de durabilit\u00e9 minimale (DDM) est avril\u00a02028.<\/p>\n<p>Le thym \u00e9tait vendu pour sa part dans des flacons de 14\u00a0g portant le code GTIN\u00a03596710518166. Les DDM vont d\u2019octobre\u00a02026 \u00e0 f\u00e9vrier\u00a02027.<\/p>\n<p>M\u00e9taux lourds et pesticides<\/p>\n<p>Enfin, les flacons de 27\u00a0g de gingembre moulu portent le code-barres\u00a03596710518180. Les DDM vont d\u2019octobre\u00a02028 \u00e0 mars\u00a02029.<\/p>\n<p>Dans le d\u00e9tail, les autorit\u00e9s \u00e9voquent une \u00ab\u00a0pr\u00e9sence de traces m\u00e9talliques (m\u00e9taux lourds\u00a0: plomb, mercure, cadmium\u2026)\u00a0\u00bb ainsi qu\u2019un \u00ab\u00a0d\u00e9passement des limites autoris\u00e9es de pesticides\u00a0\u00bb. Ces herbes et plantes de la marque Auchan ont \u00e9t\u00e9 commercialis\u00e9es dans toute la France entre le 14\u00a0d\u00e9cembre 2024 et le 15\u00a0juillet 2025. De nombreux lots sont concern\u00e9s\u00a0: leur\u00a0<a href=\"https:\/\/rappel.conso.gouv.fr\/document\/28b7abdf-41a4-4028-acc8-12a698af1e55\/Interne\/ListeDesProduits\" rel=\"nofollow noopener\" class=\"color-ultramarine c-link\" target=\"_blank\">liste d\u00e9taill\u00e9e<\/a>\u00a0a \u00e9t\u00e9 diffus\u00e9e par le site du <a href=\"https:\/\/www.20minutes.fr\/dossier\/gouvernement\" class=\"color-ultramarine c-link\" target=\"_blank\" rel=\"noopener\">gouvernement<\/a>.<\/p>\n<p>Consulter un m\u00e9decin<\/p>\n<p>\u00ab\u00a0Les personnes qui auraient consomm\u00e9 les produits mentionn\u00e9s ci-dessus et qui pr\u00e9sentent des sympt\u00f4mes (maux de t\u00eate, naus\u00e9e, vomissement) sont invit\u00e9es \u00e0 consulter leur m\u00e9decin traitant en lui signalant cette consommation, pr\u00e9cise le site sp\u00e9cialis\u00e9. Les femmes enceintes doivent \u00eatre particuli\u00e8rement attentives \u00e0 ces sympt\u00f4mes, ainsi que les personnes immunod\u00e9prim\u00e9es, les personnes \u00e2g\u00e9es et les enfants.\u00a0\u00bb<\/p>\n<p>Les clients qui d\u00e9tiendraient l\u2019un de ces produits sont invit\u00e9s \u00e0 ne plus le consommer et \u00e0 le rapporter en magasin pour obtenir un <a href=\"https:\/\/www.20minutes.fr\/dossier\/remboursement\" class=\"color-ultramarine c-link\" target=\"_blank\" rel=\"noopener\">remboursement<\/a> avant le 14\u00a0septembre prochain, date \u00e0 laquelle ce rappel prendra fin. Ils peuvent \u00e9galement contacter le service consommateur au 07\u00a088\u00a019\u00a046\u00a020 pour toute information compl\u00e9mentaire.<\/p>\n","protected":false},"excerpt":{"rendered":"Prudence si vous avez r\u00e9cemment achet\u00e9 des flacons contenant du thym, de l\u2019estragon ou encore du gingembre moulu&hellip;\n","protected":false},"author":2,"featured_media":263572,"comment_status":"","ping_status":"","sticky":false,"template":"","format":"standard","meta":{"footnotes":""},"categories":[2],"tags":[47,11,254,4511,1011,27,12,25575,25,71,104],"class_list":{"0":"post-263571","1":"post","2":"type-post","3":"status-publish","4":"format-standard","5":"has-post-thumbnail","7":"category-actualites","8":"tag-actualite","9":"tag-actualites","10":"tag-conso","11":"tag-danger","12":"tag-fr","13":"tag-france","14":"tag-news","15":"tag-rappel-de-produit","16":"tag-republique-francaise","17":"tag-sante","18":"tag-societe"},"share_on_mastodon":{"url":"https:\/\/pubeurope.com\/@fr\/114891797688739499","error":""},"_links":{"self":[{"href":"https:\/\/www.europesays.com\/fr\/wp-json\/wp\/v2\/posts\/263571","targetHints":{"allow":["GET"]}}],"collection":[{"href":"https:\/\/www.europesays.com\/fr\/wp-json\/wp\/v2\/posts"}],"about":[{"href":"https:\/\/www.europesays.com\/fr\/wp-json\/wp\/v2\/types\/post"}],"author":[{"embeddable":true,"href":"https:\/\/www.europesays.com\/fr\/wp-json\/wp\/v2\/users\/2"}],"replies":[{"embeddable":true,"href":"https:\/\/www.europesays.com\/fr\/wp-json\/wp\/v2\/comments?post=263571"}],"version-history":[{"count":0,"href":"https:\/\/www.europesays.com\/fr\/wp-json\/wp\/v2\/posts\/263571\/revisions"}],"wp:featuredmedia":[{"embeddable":true,"href":"https:\/\/www.europesays.com\/fr\/wp-json\/wp\/v2\/media\/263572"}],"wp:attachment":[{"href":"https:\/\/www.europesays.com\/fr\/wp-json\/wp\/v2\/media?parent=263571"}],"wp:term":[{"taxonomy":"category","embeddable":true,"href":"https:\/\/www.europesays.com\/fr\/wp-json\/wp\/v2\/categories?post=263571"},{"taxonomy":"post_tag","embeddable":true,"href":"https:\/\/www.europesays.com\/fr\/wp-json\/wp\/v2\/tags?post=263571"}],"curies":[{"name":"wp","href":"https:\/\/api.w.org\/{rel}","templated":true}]}}