{"id":263573,"date":"2025-07-21T14:54:09","date_gmt":"2025-07-21T14:54:09","guid":{"rendered":"https:\/\/www.europesays.com\/fr\/263573\/"},"modified":"2025-07-21T14:54:09","modified_gmt":"2025-07-21T14:54:09","slug":"vise-par-une-enquete-en-france-le-reseau-x-denonce-un-agenda-politique-liberation","status":"publish","type":"post","link":"https:\/\/www.europesays.com\/fr\/263573\/","title":{"rendered":"vis\u00e9 par une enqu\u00eate en France, le r\u00e9seau X d\u00e9nonce un \u00abagenda politique\u00bb \u2013 Lib\u00e9ration"},"content":{"rendered":"<p class=\"sc-ksZaOG ehjQrN text-element\">X fait de la r\u00e9sistance. Vis\u00e9e par <a href=\"https:\/\/www.liberation.fr\/economie\/medias\/enquete-ouverte-en-france-contre-le-reseau-social-x-pour-ingerence-etrangere-20250711_B3DJOF6CAZCTZBJHDXE2KALETQ\/\" target=\"_blank\" rel=\"noreferrer nofollow noopener\" title=\"https:\/\/www.liberation.fr\/economie\/medias\/enquete-ouverte-en-france-contre-le-reseau-social-x-pour-ingerence-etrangere-20250711_B3DJOF6CAZCTZBJHDXE2KALETQ\/\">une enqu\u00eate p\u00e9nale de la justice fran\u00e7aise<\/a>, la plateforme, suspect\u00e9e d\u2019avoir biais\u00e9 son algorithme apr\u00e8s des accusations d\u2019ing\u00e9rence \u00e9trang\u00e8re, a d\u00e9nonc\u00e9 ce lundi 21 juillet un \u00abagenda politique\u00bb, et dit avoir refus\u00e9 d\u2019acc\u00e9der aux demandes du parquet de Paris requ\u00e9rant l\u2019acc\u00e8s \u00e0 son algorithme.<\/p>\n<p class=\"sc-ksZaOG ehjQrN text-element\">\u00abSur la base de ce que nous savons jusqu\u2019\u00e0 pr\u00e9sent, X estime que cette enqu\u00eate d\u00e9forme le droit fran\u00e7ais afin de servir un agenda politique et, en fin de compte, de restreindre la libert\u00e9 d\u2019expression\u00bb, \u00e9crit dans un post sur X le d\u00e9partement des affaires publiques du r\u00e9seau social am\u00e9ricain,<a href=\"https:\/\/www.liberation.fr\/economie\/medias\/linda-yaccarino-quitte-son-poste-de-directrice-generale-du-reseau-social-x-20250709_534IBTF2RNEKNG5VV277H2SPCE\/\" target=\"_blank\" rel=\"noreferrer nofollow noopener\" title=\"https:\/\/www.liberation.fr\/economie\/medias\/linda-yaccarino-quitte-son-poste-de-directrice-generale-du-reseau-social-x-20250709_534IBTF2RNEKNG5VV277H2SPCE\/\"> propri\u00e9t\u00e9 d\u2019Elon Musk<\/a>. \u00abPour ces raisons, X n\u2019a pas acc\u00e9d\u00e9 aux demandes des autorit\u00e9s fran\u00e7aises, comme nous avons le droit l\u00e9gal de le faire\u00bb, pr\u00e9cise-t-il.<\/p>\n<p class=\"sc-ksZaOG ehjQrN text-element\">Selon X, les autorit\u00e9s fran\u00e7aises ont requis l\u2019acc\u00e8s \u00e0 son algorithme de recommandation ainsi qu\u2019aux donn\u00e9es en temps r\u00e9el concernant toutes les publications des utilisateurs de la plateforme. Le parquet de Paris avait indiqu\u00e9 le 11 juillet qu\u2019une enqu\u00eate avait \u00e9t\u00e9 confi\u00e9e \u00e0 la gendarmerie concernant<a href=\"https:\/\/www.liberation.fr\/economie\/medias\/liberation-quitte-x-on-vous-explique-pourquoi-en-direct-sur-twitch-a-12h30-20250124_A5GGNGZ7JBGTVL6OV56WPDA3KA\/\" target=\"_blank\" rel=\"noreferrer nofollow noopener\" title=\"https:\/\/www.liberation.fr\/economie\/medias\/liberation-quitte-x-on-vous-explique-pourquoi-en-direct-sur-twitch-a-12h30-20250124_A5GGNGZ7JBGTVL6OV56WPDA3KA\/\"> le r\u00e9seau X,<\/a> en tant que personne morale, et contre les \u00abpersonnes physiques\u00bb qui le dirigent.<\/p>\n<p class=\"sc-ksZaOG ehjQrN text-element\">Cette enqu\u00eate, confi\u00e9e \u00e0 la Direction g\u00e9n\u00e9rale de la gendarmerie nationale, porte \u00abnotamment\u00bb sur l\u2019alt\u00e9ration du fonctionnement d\u2019un syst\u00e8me de traitement automatis\u00e9 de donn\u00e9es en bande organis\u00e9e et l\u2019extraction frauduleuse de donn\u00e9es d\u2019un syst\u00e8me de traitement automatis\u00e9 de donn\u00e9es en bande organis\u00e9e. L\u2019enqu\u00eate intervient apr\u00e8s deux signalements re\u00e7us en janvier qui \u00abfaisaient \u00e9tat de l\u2019utilisation suppos\u00e9e de l\u2019algorithme de X (ex-Twitter) \u00e0 des fins d\u2019ing\u00e9rence \u00e9trang\u00e8re\u00bb, selon le minist\u00e8re public.<\/p>\n<p class=\"sc-ksZaOG ehjQrN text-element\">L\u2019un de ces signalements provenait d\u2019un d\u00e9put\u00e9 sp\u00e9cialiste de ces questions, \u00c9ric Bothorel, membre du parti du pr\u00e9sident Emmanuel Macron, qui avait alert\u00e9 la justice sur \u00ables r\u00e9cents changements d\u2019algorithme de X, ainsi que les ing\u00e9rences apparentes dans sa gestion depuis son acquisition par Elon Musk\u00bb en 2022. X \u00abnie cat\u00e9goriquement\u00bb les accusations de manipulation de son algorithme \u00e0 des fins d\u2019ing\u00e9rence \u00e9trang\u00e8re, \u00abune all\u00e9gation qui est totalement fausse\u00bb, a r\u00e9pondu le r\u00e9seau social lundi.<\/p>\n<p class=\"sc-ksZaOG ehjQrN text-element\">\u00abCette enqu\u00eate, initi\u00e9e par le politicien fran\u00e7ais \u00c9ric Bothorel, porte gravement atteinte au droit fondamental de X \u00e0 une proc\u00e9dure r\u00e9guli\u00e8re et menace les droits de nos utilisateurs \u00e0 la vie priv\u00e9e et \u00e0 la libert\u00e9 d\u2019expression\u00bb, a-t-il \u00e9galement fait valoir, tout en regrettant le recours des autorit\u00e9s fran\u00e7aises \u00e0 deux experts qu\u2019il accuse de lui \u00eatre hostile. \u00abL\u2019implication de ces personnes soul\u00e8ve de s\u00e9rieuses inqui\u00e9tudes quant \u00e0 l\u2019impartialit\u00e9, l\u2019\u00e9quit\u00e9 et les motivations politiques de cette enqu\u00eate\u00bb, estime la plateforme.<\/p>\n<p class=\"sc-ksZaOG ehjQrN text-element\">De son c\u00f4t\u00e9, le d\u00e9put\u00e9 \u00c9ric Bothorel a r\u00e9pondu \u00e0 la plateforme dans un communiqu\u00e9 transmis \u00e0 l\u2019AFP lundi. \u00abVous seriez bien inspir\u00e9 de r\u00e9pondre \u00e0 la justice car, en France, \u2018nul n\u2019est au-dessus des lois\u2019\u00bb, \u00e9crit-il en s\u2019adressant \u00e0 X. \u00abIl n\u2019y a pas de libert\u00e9 sans responsabilit\u00e9 et sans contr\u00f4le. L\u2019absence de responsabilit\u00e9 et de contr\u00f4le met autant la libert\u00e9 en danger que les interdictions et les censures, a-t-il poursuivi. Les droits de l\u2019homme et nos d\u00e9mocraties doivent rester au-dessus des droits de vos machines et algorithmes.\u00bb<\/p>\n","protected":false},"excerpt":{"rendered":"X fait de la r\u00e9sistance. Vis\u00e9e par une enqu\u00eate p\u00e9nale de la justice fran\u00e7aise, la plateforme, suspect\u00e9e d\u2019avoir&hellip;\n","protected":false},"author":2,"featured_media":263574,"comment_status":"","ping_status":"","sticky":false,"template":"","format":"standard","meta":{"footnotes":""},"categories":[4],"tags":[11,46,1011,27,12,25,16427],"class_list":{"0":"post-263573","1":"post","2":"type-post","3":"status-publish","4":"format-standard","5":"has-post-thumbnail","7":"category-france","8":"tag-actualites","9":"tag-elon-musk","10":"tag-fr","11":"tag-france","12":"tag-news","13":"tag-republique-francaise","14":"tag-x-twitter"},"share_on_mastodon":{"url":"https:\/\/pubeurope.com\/@fr\/114891801399636067","error":""},"_links":{"self":[{"href":"https:\/\/www.europesays.com\/fr\/wp-json\/wp\/v2\/posts\/263573","targetHints":{"allow":["GET"]}}],"collection":[{"href":"https:\/\/www.europesays.com\/fr\/wp-json\/wp\/v2\/posts"}],"about":[{"href":"https:\/\/www.europesays.com\/fr\/wp-json\/wp\/v2\/types\/post"}],"author":[{"embeddable":true,"href":"https:\/\/www.europesays.com\/fr\/wp-json\/wp\/v2\/users\/2"}],"replies":[{"embeddable":true,"href":"https:\/\/www.europesays.com\/fr\/wp-json\/wp\/v2\/comments?post=263573"}],"version-history":[{"count":0,"href":"https:\/\/www.europesays.com\/fr\/wp-json\/wp\/v2\/posts\/263573\/revisions"}],"wp:featuredmedia":[{"embeddable":true,"href":"https:\/\/www.europesays.com\/fr\/wp-json\/wp\/v2\/media\/263574"}],"wp:attachment":[{"href":"https:\/\/www.europesays.com\/fr\/wp-json\/wp\/v2\/media?parent=263573"}],"wp:term":[{"taxonomy":"category","embeddable":true,"href":"https:\/\/www.europesays.com\/fr\/wp-json\/wp\/v2\/categories?post=263573"},{"taxonomy":"post_tag","embeddable":true,"href":"https:\/\/www.europesays.com\/fr\/wp-json\/wp\/v2\/tags?post=263573"}],"curies":[{"name":"wp","href":"https:\/\/api.w.org\/{rel}","templated":true}]}}