{"id":263577,"date":"2025-07-21T14:57:10","date_gmt":"2025-07-21T14:57:10","guid":{"rendered":"https:\/\/www.europesays.com\/fr\/263577\/"},"modified":"2025-07-21T14:57:10","modified_gmt":"2025-07-21T14:57:10","slug":"world-rugby-confirme-louverture-dune-enquete-apres-des-insultes-racistes-en-argentine","status":"publish","type":"post","link":"https:\/\/www.europesays.com\/fr\/263577\/","title":{"rendered":"World Rugby confirme l\u2019ouverture d\u2019une enqu\u00eate apr\u00e8s des insultes racistes en Argentine"},"content":{"rendered":"<p>                          <img loading=\"lazy\" decoding=\"async\" src=\"https:\/\/www.europesays.com\/fr\/wp-content\/uploads\/2025\/07\/6909922_ftp-import-images-1-sv0fdwnhw4bm-448d0c9012914cf1bbd9b37a3039fe89-0-39c785069e0e495fa42e3511.jpeg\" alt=\"Les joueurs anglais au d\u00e9but du test-match de rugby contre l\u2019Argentine \u00e0 San Juan, le 12\u00a0juillet 2025. \"   width=\"664\" height=\"443\"\/>    Les joueurs anglais au d\u00e9but du test-match de rugby contre l\u2019Argentine \u00e0 San Juan, le 12\u00a0juillet 2025.  NICOLAS AGUILERA \/ AP                   <\/p>\n<p class=\"article__paragraph  \">World Rugby, la f\u00e9d\u00e9ration internationale de la discipline, a confirm\u00e9, lundi 21\u00a0juillet <a href=\"https:\/\/www.world.rugby\/news\/1002071\/world-rugby-statement-argentina-v-england\" target=\"_blank\" rel=\"noopener nofollow\" title=\"Nouvelle fen\u00eatre\">dans un communiqu\u00e9<\/a>, avoir ouvert une enqu\u00eate, sur demande de la f\u00e9d\u00e9ration anglaise, apr\u00e8s que plusieurs joueurs du XV de la Rose ont \u00e9t\u00e9 la cible d\u2019insultes racistes de la part du public, lors de sa tourn\u00e9e estivale en Argentine. Les faits se sont d\u00e9roul\u00e9s lors d\u2019un test-match face aux Pumas, le 12\u00a0juillet, au stade du Bicentenaire \u00e0 San Juan, dans le centre-ouest du pays. Le 15\u00a0juillet, l\u2019Angleterre d\u00e9posait une plainte aupr\u00e8s de l\u2019instance.<\/p>\n<p class=\"article__paragraph  \">\u00ab\u00a0La discrimination, les abus et les discours haineux n\u2019ont pas leur place dans le rugby ni dans la soci\u00e9t\u00e9, et toute plainte pour discrimination est prise tr\u00e8s au s\u00e9rieux\u00a0\u00bb, insiste la f\u00e9d\u00e9ration internationale dans son texte. Malgr\u00e9 une \u00ab\u00a0enqu\u00eate imm\u00e9diate et approfondie\u00a0\u00bb, avec notamment des d\u00e9clarations de t\u00e9moins et une analyse vid\u00e9o qui attestent \u00ab\u00a0qu\u2019un incident a eu lieu\u00a0\u00bb, celle-ci n\u2019a pas \u00e9t\u00e9 en mesure d\u2019identifier, \u00e0 ce jour, les auteurs.<\/p>\n<p class=\"article__paragraph  \">Des investigations ont \u00e9galement \u00e9t\u00e9 men\u00e9es par l\u2019Union argentine de rugby, sans plus de succ\u00e8s. Cit\u00e9 dans le communiqu\u00e9 de la f\u00e9d\u00e9ration internationale, son pr\u00e9sident, Gabriel Travaglini, a condamn\u00e9 fermement de tels comportements\u00a0: \u00ab\u00a0D\u2019intenses efforts ont \u00e9t\u00e9 d\u00e9ploy\u00e9s pour identifier le petit groupe de cinq ou sept individus responsables au sein d\u2019une foule de plus de 20\u00a0000 spectateurs. Nous continuerons \u00e0 collaborer avec World Rugby afin de sensibiliser les supporteurs et d\u2019\u00e9radiquer toute manifestation similaire \u00e0 l\u2019avenir, en veillant \u00e0 ce que nos \u00e9v\u00e9nements soient des espaces de respect et d\u2019inclusion pour tous.\u00a0\u00bb<\/p>\n<p class=\"author__detail\">  Le Monde avec AFP  <\/p>\n","protected":false},"excerpt":{"rendered":"Les joueurs anglais au d\u00e9but du test-match de rugby contre l\u2019Argentine \u00e0 San Juan, le 12\u00a0juillet 2025. NICOLAS&hellip;\n","protected":false},"author":2,"featured_media":263578,"comment_status":"","ping_status":"","sticky":false,"template":"","format":"standard","meta":{"footnotes":""},"categories":[1416],"tags":[1011,27,479,1468,60],"class_list":{"0":"post-263577","1":"post","2":"type-post","3":"status-publish","4":"format-standard","5":"has-post-thumbnail","7":"category-rugby","8":"tag-fr","9":"tag-france","10":"tag-rugby","11":"tag-rugby-football","12":"tag-sports"},"share_on_mastodon":{"url":"https:\/\/pubeurope.com\/@fr\/114891813398859728","error":""},"_links":{"self":[{"href":"https:\/\/www.europesays.com\/fr\/wp-json\/wp\/v2\/posts\/263577","targetHints":{"allow":["GET"]}}],"collection":[{"href":"https:\/\/www.europesays.com\/fr\/wp-json\/wp\/v2\/posts"}],"about":[{"href":"https:\/\/www.europesays.com\/fr\/wp-json\/wp\/v2\/types\/post"}],"author":[{"embeddable":true,"href":"https:\/\/www.europesays.com\/fr\/wp-json\/wp\/v2\/users\/2"}],"replies":[{"embeddable":true,"href":"https:\/\/www.europesays.com\/fr\/wp-json\/wp\/v2\/comments?post=263577"}],"version-history":[{"count":0,"href":"https:\/\/www.europesays.com\/fr\/wp-json\/wp\/v2\/posts\/263577\/revisions"}],"wp:featuredmedia":[{"embeddable":true,"href":"https:\/\/www.europesays.com\/fr\/wp-json\/wp\/v2\/media\/263578"}],"wp:attachment":[{"href":"https:\/\/www.europesays.com\/fr\/wp-json\/wp\/v2\/media?parent=263577"}],"wp:term":[{"taxonomy":"category","embeddable":true,"href":"https:\/\/www.europesays.com\/fr\/wp-json\/wp\/v2\/categories?post=263577"},{"taxonomy":"post_tag","embeddable":true,"href":"https:\/\/www.europesays.com\/fr\/wp-json\/wp\/v2\/tags?post=263577"}],"curies":[{"name":"wp","href":"https:\/\/api.w.org\/{rel}","templated":true}]}}