{"id":263579,"date":"2025-07-21T14:58:10","date_gmt":"2025-07-21T14:58:10","guid":{"rendered":"https:\/\/www.europesays.com\/fr\/263579\/"},"modified":"2025-07-21T14:58:10","modified_gmt":"2025-07-21T14:58:10","slug":"atp-wta-alexander-zverev-si-javais-pu-jouer-contre-ou-avec-nimporte-quel-joueur-homme-ou-femme-actuel-ou-retraite-je-choisirais-steffi-graf-cest-une-legende-absolue","status":"publish","type":"post","link":"https:\/\/www.europesays.com\/fr\/263579\/","title":{"rendered":"ATP &#8211; WTA > Alexander Zverev : \u00ab\u00a0Si j&rsquo;avais pu jouer contre ou avec n&rsquo;importe quel joueur, homme ou femme, actuel ou retrait\u00e9, je choisirais Steffi Graf. C&rsquo;est une l\u00e9gende absolue\u00a0\u00bb"},"content":{"rendered":"<p>Alexander Zverev a de bons\u00a0go\u00fbts.<\/p>\n<p>Lors d\u2019un r\u00e9cent entre\u00adtien avec le cr\u00e9a\u00adteur Gareth Richman, le joueur alle\u00admand a d\u00e9sign\u00e9 sans trop h\u00e9siter la joueuse avec qui, ou contre qui, il aurait aim\u00e9\u00a0jouer.\u00a0<\/p>\n<p><strong>\u00ab\u202fJ\u2019ai jou\u00e9 contre et avec Roger Federer. J\u2019ai jou\u00e9 en double avec lui et en simple contre lui. C\u2019\u00e9tait le r\u00eave de mon enfance, c\u2019est s\u00fbr. C\u2019\u00e9tait surr\u00e9a\u00adliste quand j\u2019ai jou\u00e9 en double avec lui. J\u2019aurais aim\u00e9 jouer avec Steffi Graf. Cela aurait \u00e9t\u00e9 telle\u00adment amusant. C\u2019est une h\u00e9ro\u00efne absolue, une l\u00e9gende absolue. J\u2019aurais ador\u00e9 jouer contre elle ou avec\u00a0elle.\u202f\u00bb<\/strong><\/p>\n<p class=\"post-published-date\" style=\"color: silver; font-size: 75%; text-align: left;\">Publi\u00e9 le lundi 21 juillet 2025 \u00e0 15:37<\/p>\n","protected":false},"excerpt":{"rendered":"Alexander Zverev a de bons\u00a0go\u00fbts. Lors d\u2019un r\u00e9cent entre\u00adtien avec le cr\u00e9a\u00adteur Gareth Richman, le joueur alle\u00admand a&hellip;\n","protected":false},"author":2,"featured_media":263580,"comment_status":"","ping_status":"","sticky":false,"template":"","format":"standard","meta":{"footnotes":""},"categories":[1415],"tags":[2199,1011,27,60,1467,4542],"class_list":{"0":"post-263579","1":"post","2":"type-post","3":"status-publish","4":"format-standard","5":"has-post-thumbnail","7":"category-tennis","8":"tag-federer","9":"tag-fr","10":"tag-france","11":"tag-sports","12":"tag-tennis","13":"tag-zverev"},"share_on_mastodon":{"url":"https:\/\/pubeurope.com\/@fr\/114891817212651915","error":""},"_links":{"self":[{"href":"https:\/\/www.europesays.com\/fr\/wp-json\/wp\/v2\/posts\/263579","targetHints":{"allow":["GET"]}}],"collection":[{"href":"https:\/\/www.europesays.com\/fr\/wp-json\/wp\/v2\/posts"}],"about":[{"href":"https:\/\/www.europesays.com\/fr\/wp-json\/wp\/v2\/types\/post"}],"author":[{"embeddable":true,"href":"https:\/\/www.europesays.com\/fr\/wp-json\/wp\/v2\/users\/2"}],"replies":[{"embeddable":true,"href":"https:\/\/www.europesays.com\/fr\/wp-json\/wp\/v2\/comments?post=263579"}],"version-history":[{"count":0,"href":"https:\/\/www.europesays.com\/fr\/wp-json\/wp\/v2\/posts\/263579\/revisions"}],"wp:featuredmedia":[{"embeddable":true,"href":"https:\/\/www.europesays.com\/fr\/wp-json\/wp\/v2\/media\/263580"}],"wp:attachment":[{"href":"https:\/\/www.europesays.com\/fr\/wp-json\/wp\/v2\/media?parent=263579"}],"wp:term":[{"taxonomy":"category","embeddable":true,"href":"https:\/\/www.europesays.com\/fr\/wp-json\/wp\/v2\/categories?post=263579"},{"taxonomy":"post_tag","embeddable":true,"href":"https:\/\/www.europesays.com\/fr\/wp-json\/wp\/v2\/tags?post=263579"}],"curies":[{"name":"wp","href":"https:\/\/api.w.org\/{rel}","templated":true}]}}