{"id":263581,"date":"2025-07-21T14:59:17","date_gmt":"2025-07-21T14:59:17","guid":{"rendered":"https:\/\/www.europesays.com\/fr\/263581\/"},"modified":"2025-07-21T14:59:17","modified_gmt":"2025-07-21T14:59:17","slug":"sept-equipes-francaises-dans-lattente-du-tirage","status":"publish","type":"post","link":"https:\/\/www.europesays.com\/fr\/263581\/","title":{"rendered":"Sept \u00e9quipes fran\u00e7aises dans l&rsquo;attente du tirage"},"content":{"rendered":"<p>La FIBA proc\u00e8dera ce mercredi 23 juillet \u00e0 11h00 au tirage au sort du premier tour de l&rsquo;Euroleague Women et de l&rsquo;Eurocup Women, avec sept \u00e9quipes fran\u00e7aises concern\u00e9es.<\/p>\n<p><strong>EuroLeague Women<\/strong><\/p>\n<p>Les t\u00eates de s\u00e9rie pour la saison r\u00e9guli\u00e8re 2025-26 de l&rsquo;Euroligue f\u00e9minine sont donc connues. Prague, champion en titre, figure parmi les t\u00eates de s\u00e9rie, aux c\u00f4t\u00e9s de Fenerbahce, Mersin et Schio, tous trois pr\u00e9sents lors Final Six la saison derni\u00e8re. Champion de France en mai dernier, <strong>Basket Landes<\/strong> a \u00e9t\u00e9 plac\u00e9 dans le chapeau n\u00b02,\u00a0 tandis que <strong>Charleville-M\u00e9zi\u00e8res<\/strong>, vainqueur de la Coupe de France 2025, se situe dans le chapeau n\u00b03.<br \/>Les 16 clubs seront r\u00e9partis en quatre groupes de quatre \u00e9quipes pour la saison r\u00e9guli\u00e8re.\u00a0Onze \u00e9quipes sont d&rsquo;ores et d\u00e9j\u00e0 qualifi\u00e9es pour ce premier tour, tandis que les cinq autres devront passer par une phase de qualification.\u00a0<\/p>\n<p>\u00a0<\/p>\n<p><img decoding=\"async\" title=\"\u00a9\" src=\"https:\/\/www.europesays.com\/fr\/wp-content\/uploads\/2025\/07\/b4e3256a-4603-434d-a6f9-d081fce9c519.webp\" alt=\"\u00a9\" data-asset-id=\"b4e3256a-4603-434d-a6f9-d081fce9c519\"\/><\/p>\n<p>\u00a9<\/p>\n<p>\u00a0<\/p>\n<p>Le <strong>Tango Bourges Basket<\/strong>, premier de la saison r\u00e9guli\u00e8re, devra passer par la phase de qualification, pr\u00e9vue les 17 et 24 septembre prochain.<\/p>\n<p>\u00a0<\/p>\n<p><img decoding=\"async\" title=\"\u00a9\" src=\"https:\/\/www.europesays.com\/fr\/wp-content\/uploads\/2025\/07\/5237b4e1-083f-406e-ab61-42e38b2b7680.jpg\" alt=\"\u00a9\" data-asset-id=\"5237b4e1-083f-406e-ab61-42e38b2b7680\"\/><\/p>\n<p>\u00a9<\/p>\n<p>\u00a0<\/p>\n<p>\u00a0<\/p>\n<p><strong>EuroCup Women<\/strong><\/p>\n<p>Les clubs participant \u00e0 la saison r\u00e9guli\u00e8re de l&rsquo;EuroCup f\u00e9minine 2025-26 ont \u00e9t\u00e9 d\u00e9voil\u00e9s, ainsi que les t\u00eates de s\u00e9rie. <strong>Villeneuve d&rsquo;Ascq<\/strong>, vainqueur de l&rsquo;\u00e9dition 2025, est rejointe par le BAXI Ferrol, finaliste de la saison derni\u00e8re, parmi les t\u00eates de s\u00e9rie, qui comprendront \u00e9galement les cinq clubs perdants des qualifications \u00e0 l&rsquo;EuroLeague f\u00e9minine.<br \/><strong>Lattes-Montpellier<\/strong> et <strong>Angers <\/strong>font \u00e9galement partie du chapeau n\u00b01, tandis que <strong>Charnay <\/strong>figure dans le chapeau n\u00b03.<\/p>\n<p>\u00a0<\/p>\n<p><img decoding=\"async\" title=\"\u00a9\" src=\"https:\/\/www.europesays.com\/fr\/wp-content\/uploads\/2025\/07\/6ea133b9-2a5f-420f-ae34-8b7ce0872a46.jpg\" alt=\"\u00a9\" data-asset-id=\"6ea133b9-2a5f-420f-ae34-8b7ce0872a46\"\/><\/p>\n<p>\u00a9<\/p>\n<p>\u00a0<\/p>\n<p>\u00a0<\/p>\n<p><strong>Suivez le tirage au sort du 1er tour de l&rsquo;Euroleague et de l&rsquo;EuroCup en direct ce mercredi 23 juillet d\u00e8s 11h00\u00a0<\/strong><\/p>\n<p><strong><\/strong><\/p>\n","protected":false},"excerpt":{"rendered":"La FIBA proc\u00e8dera ce mercredi 23 juillet \u00e0 11h00 au tirage au sort du premier tour de l&rsquo;Euroleague&hellip;\n","protected":false},"author":2,"featured_media":263582,"comment_status":"","ping_status":"","sticky":false,"template":"","format":"standard","meta":{"footnotes":""},"categories":[1414],"tags":[1465,1464,1011,27,60],"class_list":{"0":"post-263581","1":"post","2":"type-post","3":"status-publish","4":"format-standard","5":"has-post-thumbnail","7":"category-basket","8":"tag-basket","9":"tag-basketball","10":"tag-fr","11":"tag-france","12":"tag-sports"},"share_on_mastodon":{"url":"https:\/\/pubeurope.com\/@fr\/114891821246804480","error":""},"_links":{"self":[{"href":"https:\/\/www.europesays.com\/fr\/wp-json\/wp\/v2\/posts\/263581","targetHints":{"allow":["GET"]}}],"collection":[{"href":"https:\/\/www.europesays.com\/fr\/wp-json\/wp\/v2\/posts"}],"about":[{"href":"https:\/\/www.europesays.com\/fr\/wp-json\/wp\/v2\/types\/post"}],"author":[{"embeddable":true,"href":"https:\/\/www.europesays.com\/fr\/wp-json\/wp\/v2\/users\/2"}],"replies":[{"embeddable":true,"href":"https:\/\/www.europesays.com\/fr\/wp-json\/wp\/v2\/comments?post=263581"}],"version-history":[{"count":0,"href":"https:\/\/www.europesays.com\/fr\/wp-json\/wp\/v2\/posts\/263581\/revisions"}],"wp:featuredmedia":[{"embeddable":true,"href":"https:\/\/www.europesays.com\/fr\/wp-json\/wp\/v2\/media\/263582"}],"wp:attachment":[{"href":"https:\/\/www.europesays.com\/fr\/wp-json\/wp\/v2\/media?parent=263581"}],"wp:term":[{"taxonomy":"category","embeddable":true,"href":"https:\/\/www.europesays.com\/fr\/wp-json\/wp\/v2\/categories?post=263581"},{"taxonomy":"post_tag","embeddable":true,"href":"https:\/\/www.europesays.com\/fr\/wp-json\/wp\/v2\/tags?post=263581"}],"curies":[{"name":"wp","href":"https:\/\/api.w.org\/{rel}","templated":true}]}}