{"id":263583,"date":"2025-07-21T15:00:14","date_gmt":"2025-07-21T15:00:14","guid":{"rendered":"https:\/\/www.europesays.com\/fr\/263583\/"},"modified":"2025-07-21T15:00:14","modified_gmt":"2025-07-21T15:00:14","slug":"nouveau-podium-et-3e-place-au-championnat-pour-barry-baltus-je-ne-me-focalise-pas-encore-sur-le-titre","status":"publish","type":"post","link":"https:\/\/www.europesays.com\/fr\/263583\/","title":{"rendered":"Nouveau podium et 3e place au championnat pour Barry Baltus\u00a0: \u00ab\u00a0Je ne me focalise pas encore sur le titre\u00a0\u00bb"},"content":{"rendered":"<p class=\"ap-StoryElement ap-StoryElement--mb js-paywall-target ap-StoryText\">En course, il n&rsquo;y allait en avoir que pour le prot\u00e9g\u00e9 de Z\u00e9los mais aussi pour Joe Roberts qui s&rsquo;est rappel\u00e9 au bon souvenir de tous. Il faut dire que l&rsquo;Am\u00e9ricain, au contraire de ses petits camarades, a pu effectuer des essais suppl\u00e9mentaires en R\u00e9publique tch\u00e8que. Un avantage qui allait se r\u00e9v\u00e9ler d\u00e9cisif. Malgr\u00e9 des pneumatiques th\u00e9oriques plus performants que son rival dans les derniers tours, Baltus n&rsquo;allait jamais trouver la solution sur le motard aux couleurs d&rsquo;OnlyFans.<\/p>\n<blockquote class=\"ap-StoryQuote ap-StoryQuote--pullquote\"><p>guillement<\/p>\n<p class=\"ap-StoryQuote-text\">Joe Roberts \u00e9tait tout simplement trop rapide.<\/p>\n<\/blockquote>\n<p class=\"ap-StoryElement ap-StoryElement--mb ap-StoryText\">\u00ab\u00a0Joe \u00e9tait juste \u00e0 un autre niveau. Au d\u00e9but de la course, j&rsquo;ai men\u00e9 les premiers tours, et chaque fois que quelqu&rsquo;un m&rsquo;a d\u00e9pass\u00e9, j&rsquo;ai imm\u00e9diatement ripost\u00e9 pour revenir devant et imposer mon propre rythme. Mais Joe \u00e9tait tout simplement trop rapide.\u00a0\u00bb<\/p>\n<p class=\"ap-StoryElement ap-StoryElement--mb ap-StoryText\">Avec cette nouvelle m\u00e9daille d&rsquo;argent et profitant des scores nuls de Canet et Moreira, Baltus fait une bonne op\u00e9ration comptable et acc\u00e8de \u00e0 la 3e place du championnat.<\/p>\n<p class=\"ap-StoryElement ap-StoryElement--mb ap-StoryText\">\u00ab\u00a0Je suis maintenant \u00e0 seulement 54 points du leader Gonzalez mais je ne me focalise pas encore sur le titre. Je continue d&rsquo;aborder la saison course par course, et nous verrons o\u00f9 nous en sommes lors de la finale de Valence.\u00a0\u00bb<\/p>\n","protected":false},"excerpt":{"rendered":"En course, il n&rsquo;y allait en avoir que pour le prot\u00e9g\u00e9 de Z\u00e9los mais aussi pour Joe Roberts&hellip;\n","protected":false},"author":2,"featured_media":263584,"comment_status":"","ping_status":"","sticky":false,"template":"","format":"standard","meta":{"footnotes":""},"categories":[1413],"tags":[1011,27,1457,8978,1456,60],"class_list":{"0":"post-263583","1":"post","2":"type-post","3":"status-publish","4":"format-standard","5":"has-post-thumbnail","7":"category-moto","8":"tag-fr","9":"tag-france","10":"tag-moto","11":"tag-moto2","12":"tag-motocycle","13":"tag-sports"},"share_on_mastodon":{"url":"https:\/\/pubeurope.com\/@fr\/114891825028587816","error":""},"_links":{"self":[{"href":"https:\/\/www.europesays.com\/fr\/wp-json\/wp\/v2\/posts\/263583","targetHints":{"allow":["GET"]}}],"collection":[{"href":"https:\/\/www.europesays.com\/fr\/wp-json\/wp\/v2\/posts"}],"about":[{"href":"https:\/\/www.europesays.com\/fr\/wp-json\/wp\/v2\/types\/post"}],"author":[{"embeddable":true,"href":"https:\/\/www.europesays.com\/fr\/wp-json\/wp\/v2\/users\/2"}],"replies":[{"embeddable":true,"href":"https:\/\/www.europesays.com\/fr\/wp-json\/wp\/v2\/comments?post=263583"}],"version-history":[{"count":0,"href":"https:\/\/www.europesays.com\/fr\/wp-json\/wp\/v2\/posts\/263583\/revisions"}],"wp:featuredmedia":[{"embeddable":true,"href":"https:\/\/www.europesays.com\/fr\/wp-json\/wp\/v2\/media\/263584"}],"wp:attachment":[{"href":"https:\/\/www.europesays.com\/fr\/wp-json\/wp\/v2\/media?parent=263583"}],"wp:term":[{"taxonomy":"category","embeddable":true,"href":"https:\/\/www.europesays.com\/fr\/wp-json\/wp\/v2\/categories?post=263583"},{"taxonomy":"post_tag","embeddable":true,"href":"https:\/\/www.europesays.com\/fr\/wp-json\/wp\/v2\/tags?post=263583"}],"curies":[{"name":"wp","href":"https:\/\/api.w.org\/{rel}","templated":true}]}}