{"id":263587,"date":"2025-07-21T15:02:12","date_gmt":"2025-07-21T15:02:12","guid":{"rendered":"https:\/\/www.europesays.com\/fr\/263587\/"},"modified":"2025-07-21T15:02:12","modified_gmt":"2025-07-21T15:02:12","slug":"tdf-tour-de-france-quand-kevin-vauquelin-se-revelait-en-cadets-a-templeuve-en-2017","status":"publish","type":"post","link":"https:\/\/www.europesays.com\/fr\/263587\/","title":{"rendered":"TDF. Tour de France &#8211; Quand K\u00e9vin Vauquelin se r\u00e9v\u00e9lait en Cadets \u00e0 Templeuve&#8230; en 2017"},"content":{"rendered":"<p>En huit ans, le gamin de Normandie a bien grandi et pris une toute nouvelle dimension ! Mais avant de devenir le chouchou des Fran\u00e7ais en\u00a0rivaliser avec les cadors sur ce\u00a0<strong>Tour de France 2025<\/strong>, dont il occupe encore la 5e place du g\u00e9n\u00e9ral avant la derni\u00e8re semaine,\u00a0<strong><a href=\"https:\/\/www.cyclismactu.net\/..\/news-tour-de-france-route-kevin-vauquelin-pas-de-journee-facile-on-a-bien-cravache-89107.html\" target=\"_blank\" rel=\"nofollow noopener\">K\u00e9vin Vauquelin<\/a><\/strong> a bien \u00e9videmment d\u00fb faire ses gammes dans les cat\u00e9gories jeunes. Et <strong>Cyclism&rsquo;Actu<\/strong> a justement d\u00e9nich\u00e9 pour vous quelques images d&rsquo;archive du coureur de Bayeux, sous la forme d&rsquo;un film r\u00e9alis\u00e9 en 2017 par <strong>Jean-Michel Guidez<\/strong>. A l&rsquo;occasion d&rsquo;une \u00e9preuve Inter-r\u00e9gion cadets Nord-Ouest organis\u00e9e le 1er mai 2017\u00a0\u00e0 Templeuve, <strong>K\u00e9vin Vauquelin<\/strong> n&rsquo;est encore qu&rsquo;un Cadet et vient tout juste de f\u00eater ses 16 ans.\u00a094 coureurs s&rsquo;\u00e9lancent se jour-l\u00e0 \u00e0 l&rsquo;assaut des pav\u00e9s,\u00a0sur les traces de <strong>Paris-Roubaix<\/strong>, avec 12 tours de circuit et 70 km \u00e0 parcourir. Et d\u00e9j\u00e0,\u00a0<strong>Vauquelin<\/strong>\u00a0fait preuve d&rsquo;un temp\u00e9rament offensif, \u00e0 l&rsquo;image de ce qu&rsquo;il a d\u00e9montr\u00e9 en ce mois de juillet !<\/p>\n<p>\u00a0<\/p>\n<p>Un gros num\u00e9ro mais seulement 4e \u00e0 l&rsquo;arriv\u00e9e&#8230; une d\u00e9ception<\/p>\n<p>D\u2019entr\u00e9e de jeu, le coureur du Calvados se fait la malle sur les deux secteurs pav\u00e9s du circuit :\u00a0celui de Wachemy suivi de\u00a0celui du Moulin de Vertain. Longtemps seul en t\u00eate avec un peloton secou\u00e9 par des chutes et des crevaisons, <strong>Vauquelin<\/strong> doit attendre la mi-course pour enfin recevoir du renfort, avec le retour d&rsquo;un certain\u00a0<strong>Hugo Toumire<\/strong> (Seine-Maritime), aujourd&rsquo;hui professonnel chez <strong>Cofidis<\/strong>, suivi par <strong>Bastien Lechantre<\/strong> (Nord).\u00a0Il reste alors cinq tours et le peloton est d\u00e9j\u00e0 point\u00e9 \u00e0 50\u2019\u2019. <\/p>\n<p>Mais suite \u00e0 une crevaison,\u00a0<strong>Lechantre<\/strong> d\u00e9chante, et c&rsquo;est donc un duo qui ouvre la route dans le final. Mais devant la pression des poursuivants,\u00a0<strong>Toumire <\/strong>d\u00e9cide d&rsquo;acc\u00e9l\u00e9rer et l\u00e2che \u00e0 12 km un <strong>Vauquelin<\/strong> forc\u00e9ment en bout de course apr\u00e8s son num\u00e9ro en solitaire \u00e0 l&rsquo;avant. Malheuresement pour ce dernier, \u00e9puis\u00e9, il finira repris par le contre et battu au sprint, 4e au pied du podium. Une d\u00e9ception immense pour le grand animateur de la journ\u00e9e, \u00ab\u00a0bris\u00e9e physiquement et mentalement\u00a0\u00bb apr\u00e8s cet \u00e9chec. D\u00e9j\u00e0, le Fran\u00e7ais fait preuve d&rsquo;une mentalit\u00e9 de gagneur et d&rsquo;attaquant qu&rsquo;on lui retrouve sur les routes du <strong>Tour de France<\/strong> et toute l&rsquo;ann\u00e9e chez <strong>Ark\u00e9a-B&amp;B Hotels<\/strong>. La phrase par laquelle se conclut ce petit film aura finalement vu juste : \u00ab\u00a0T&rsquo;inqui\u00e8tes gamin, il y aura des jours meilleurs\u00a0\u00bb. C&rsquo;est le cas de le dire en ce mois de juillet 2025 !<\/p>\n","protected":false},"excerpt":{"rendered":"En huit ans, le gamin de Normandie a bien grandi et pris une toute nouvelle dimension ! Mais&hellip;\n","protected":false},"author":2,"featured_media":263588,"comment_status":"","ping_status":"","sticky":false,"template":"","format":"standard","meta":{"footnotes":""},"categories":[1411],"tags":[1154,207,211,1011,27,209,60,210,212,208,213],"class_list":{"0":"post-263587","1":"post","2":"type-post","3":"status-publish","4":"format-standard","5":"has-post-thumbnail","7":"category-cyclisme","8":"tag-cycling","9":"tag-cyclisme","10":"tag-ffc","11":"tag-fr","12":"tag-france","13":"tag-route","14":"tag-sports","15":"tag-tour-de-france","16":"tag-uci","17":"tag-velo","18":"tag-world-tour"},"share_on_mastodon":{"url":"https:\/\/pubeurope.com\/@fr\/114891832930390646","error":""},"_links":{"self":[{"href":"https:\/\/www.europesays.com\/fr\/wp-json\/wp\/v2\/posts\/263587","targetHints":{"allow":["GET"]}}],"collection":[{"href":"https:\/\/www.europesays.com\/fr\/wp-json\/wp\/v2\/posts"}],"about":[{"href":"https:\/\/www.europesays.com\/fr\/wp-json\/wp\/v2\/types\/post"}],"author":[{"embeddable":true,"href":"https:\/\/www.europesays.com\/fr\/wp-json\/wp\/v2\/users\/2"}],"replies":[{"embeddable":true,"href":"https:\/\/www.europesays.com\/fr\/wp-json\/wp\/v2\/comments?post=263587"}],"version-history":[{"count":0,"href":"https:\/\/www.europesays.com\/fr\/wp-json\/wp\/v2\/posts\/263587\/revisions"}],"wp:featuredmedia":[{"embeddable":true,"href":"https:\/\/www.europesays.com\/fr\/wp-json\/wp\/v2\/media\/263588"}],"wp:attachment":[{"href":"https:\/\/www.europesays.com\/fr\/wp-json\/wp\/v2\/media?parent=263587"}],"wp:term":[{"taxonomy":"category","embeddable":true,"href":"https:\/\/www.europesays.com\/fr\/wp-json\/wp\/v2\/categories?post=263587"},{"taxonomy":"post_tag","embeddable":true,"href":"https:\/\/www.europesays.com\/fr\/wp-json\/wp\/v2\/tags?post=263587"}],"curies":[{"name":"wp","href":"https:\/\/api.w.org\/{rel}","templated":true}]}}