{"id":263595,"date":"2025-07-21T15:06:15","date_gmt":"2025-07-21T15:06:15","guid":{"rendered":"https:\/\/www.europesays.com\/fr\/263595\/"},"modified":"2025-07-21T15:06:15","modified_gmt":"2025-07-21T15:06:15","slug":"tous-les-prix-litteraires-de-la-rentree-2025","status":"publish","type":"post","link":"https:\/\/www.europesays.com\/fr\/263595\/","title":{"rendered":"Tous les prix litt\u00e9raires de la rentr\u00e9e 2025"},"content":{"rendered":"<p>Parmi les romans publi\u00e9s en cette rentr\u00e9e litt\u00e9raire 2025, qui succ\u00e8dera aux \u00c2mes f\u00e9roces de Marie Vingtras (Prix du Roman Fnac 2024) ou encore \u00e0 Sandrine Collette et son Madelaine avant l\u2019aube (Prix Goncourt des Lyc\u00e9ens 2024) ?<br \/>En attendant les remises de ces prestigieux prix litt\u00e9raires, d\u00e9couvrez le calendrier et les dates cl\u00e9s.<\/p>\n<p>Retrouvez<strong> toutes les s\u00e9lections, mises \u00e0 jour au fil de l\u2019actualit\u00e9 et l\u2019int\u00e9gralit\u00e9 du calendrier des <a href=\"https:\/\/www.fnac.com\/s196407\/Roman-et-Nouvelles\/Tous-les-prix-litteraires\" target=\"_blank\" rel=\"noopener\">prix litt\u00e9raires<\/a>.<\/strong><\/p>\n<p><strong>Le Calendrier des prix litt\u00e9raires 2025<\/strong><\/p>\n<p>Voici la liste des dates de remise des prix les plus importants :<\/p>\n<ul>\n<li><strong>Prix du Roman Fnac<\/strong> \u2013 22 septembre 2025<\/li>\n<li><strong>Prix de l\u2019Acad\u00e9mie fran\u00e7aise<\/strong>\u00a0\u2013 30 octobre 2025<\/li>\n<li><strong>Prix Goncourt<\/strong> \u2013 4 novembre 2025<\/li>\n<li><strong>Prix Renaudot<\/strong> \u2013 4 Novembre 2025<\/li>\n<li><strong>Prix D\u00e9cembre<\/strong> \u2013 28 octobre 2025<\/li>\n<li><strong>Prix F\u00e9mina<\/strong>\u00a0\u2013 3 novembre 2025<\/li>\n<li><strong>Prix M\u00e9dicis<\/strong>\u00a0\u2013 6 novembre 2025<\/li>\n<li><strong><strong>Prix Interalli\u00e9 \u2013 <\/strong><\/strong>12 novembre 2025<\/li>\n<li><strong>Prix Goncourt des Lyc\u00e9ens<\/strong>\u00a0\u2013 27 novembre 2025<\/li>\n<\/ul>\n<p><strong><strong>Prix du Roman Fnac 2024<\/strong><\/strong><\/p>\n<p>La laur\u00e9ate\u00a0<\/p>\n<p>La romanci\u00e8re et avocate Marie Vingtras remporte le 23\u00e8 <a href=\"https:\/\/www.fnac.com\/prix-du-roman-fnac\" target=\"_blank\" rel=\"noopener\">Prix du roman Fnac<\/a> avec <strong>Les \u00e2mes f\u00e9roces\u00a0<\/strong><\/p>\n<p>Les \u00e2mes f\u00e9roces, Marie Vingtras (Editions De L\u2019Olivier)<\/p>\n<p>Sous couvert d\u2019une enqu\u00eate polici\u00e8re,\u00a0<a href=\"https:\/\/www.fnac.com\/ia10062709\/Marie-Vingtras\" target=\"_blank\" rel=\"noopener\">Marie Vingtras<\/a>\u00a0d\u00e9crypte la noirceur de l\u2019\u00e2me humaine.<\/p>\n<p><strong class=\"small\">En stock<\/strong><\/p>\n<p>        Acheter sur Fnac.com<\/p>\n<p><strong>Prix du Roman Fnac 2025<\/strong><\/p>\n<p><strong>Premi\u00e8re s\u00e9lection\u00a0<\/strong>: 11 juillet 2025<\/p>\n<p><strong>Les finalistes<\/strong> : 28 ao\u00fbt 2025<\/p>\n<p><strong>Le laur\u00e9at<\/strong> : 22 septembre 2025<\/p>\n<p><strong>Premi\u00e8re s\u00e9lection<\/strong> : 2 octobre 2025<\/p>\n<p><strong>Deuxi\u00e8me s\u00e9lection<\/strong> : 16 octobre 2025<\/p>\n<p><strong>Le laur\u00e9at :<\/strong> 30 octobre 2025\u00a0<\/p>\n<p><strong\/><strong style=\"\">Premi\u00e8re s\u00e9lection <\/strong>:<strong style=\"\">\u00a0<\/strong>3 septembre 2025<\/p>\n<p><strong>Deuxi\u00e8me s\u00e9lection <\/strong>:<strong>\u00a0<\/strong>7 octobre 2025<\/p>\n<p><strong>Troisi\u00e8me s\u00e9lection : <\/strong>28 octobre 2025<\/p>\n<p><strong>Le laur\u00e9at :\u00a0<\/strong>4 novembre 2025<\/p>\n<p><strong>Premi\u00e8re s\u00e9lection : <\/strong>4 septembre 2025<\/p>\n<p><strong>Deuxi\u00e8me s\u00e9lection\u00a0 : <\/strong>date\u00a0non communiqu\u00e9e<\/p>\n<p><strong>Troisi\u00e8me s\u00e9lection : <\/strong>date non communiqu\u00e9e<\/p>\n<p><strong>Le laur\u00e9at : <\/strong>4 novembre 2025<\/p>\n<p><strong>Premi\u00e8re s\u00e9lection <\/strong>:<strong>\u00a0<\/strong>3 septembre 2025<\/p>\n<p><strong>Deuxi\u00e8me s\u00e9lection<\/strong> : 8 octobre 2025<\/p>\n<p><strong>Le laur\u00e9at : <\/strong>28 octobre 2025<\/p>\n<p><strong>Premi\u00e8re s\u00e9lection : <\/strong>9 septembre 2025<\/p>\n<p><strong>Deuxi\u00e8me s\u00e9lection<\/strong> <strong>: <\/strong>30 septembre 2025<\/p>\n<p><strong>Troisi\u00e8me s\u00e9lection<\/strong>\u00a0<strong>:<\/strong> 21 octobre 2025<\/p>\n<p><strong>Le laur\u00e9at : <\/strong>3 novembre 2025\u00a0<\/p>\n<p><strong>Premi\u00e8re s\u00e9lection<\/strong> : 12 septembre 2025<\/p>\n<p><strong>Le laur\u00e9at : <\/strong>6 novembre 2025<\/p>\n<p><strong>Premi\u00e8re s\u00e9lection : <\/strong>date non communiqu\u00e9e<\/p>\n<p><strong>Deuxi\u00e8me s\u00e9lection : <\/strong>date non communiqu\u00e9e<\/p>\n<p><strong>Troisi\u00e8me s\u00e9lection : <\/strong>date non communiqu\u00e9e<\/p>\n<p><strong>Le laur\u00e9at : <\/strong>12 novembre 2025<strong><br \/><\/strong><\/p>\n<p><strong>Premi\u00e8re s\u00e9lection<\/strong> : 3 novembre 2025<\/p>\n<p><strong>Les finalistes<\/strong> : lundi 24 novembre<\/p>\n<p><strong>Le laur\u00e9at<\/strong> : 27 novembre 2025<\/p>\n","protected":false},"excerpt":{"rendered":"Parmi les romans publi\u00e9s en cette rentr\u00e9e litt\u00e9raire 2025, qui succ\u00e8dera aux \u00c2mes f\u00e9roces de Marie Vingtras (Prix&hellip;\n","protected":false},"author":2,"featured_media":263596,"comment_status":"","ping_status":"","sticky":false,"template":"","format":"standard","meta":{"footnotes":""},"categories":[1357],"tags":[1379,58,59,1011,27,1380,37337,40304,37338,2004],"class_list":{"0":"post-263595","1":"post","2":"type-post","3":"status-publish","4":"format-standard","5":"has-post-thumbnail","7":"category-livres","8":"tag-books","9":"tag-divertissement","10":"tag-entertainment","11":"tag-fr","12":"tag-france","13":"tag-livres","14":"tag-prix-du-roman-fnac","15":"tag-prix-litteraire","16":"tag-rentree-litteraire","17":"tag-roman"},"share_on_mastodon":{"url":"https:\/\/pubeurope.com\/@fr\/114891848716405320","error":""},"_links":{"self":[{"href":"https:\/\/www.europesays.com\/fr\/wp-json\/wp\/v2\/posts\/263595","targetHints":{"allow":["GET"]}}],"collection":[{"href":"https:\/\/www.europesays.com\/fr\/wp-json\/wp\/v2\/posts"}],"about":[{"href":"https:\/\/www.europesays.com\/fr\/wp-json\/wp\/v2\/types\/post"}],"author":[{"embeddable":true,"href":"https:\/\/www.europesays.com\/fr\/wp-json\/wp\/v2\/users\/2"}],"replies":[{"embeddable":true,"href":"https:\/\/www.europesays.com\/fr\/wp-json\/wp\/v2\/comments?post=263595"}],"version-history":[{"count":0,"href":"https:\/\/www.europesays.com\/fr\/wp-json\/wp\/v2\/posts\/263595\/revisions"}],"wp:featuredmedia":[{"embeddable":true,"href":"https:\/\/www.europesays.com\/fr\/wp-json\/wp\/v2\/media\/263596"}],"wp:attachment":[{"href":"https:\/\/www.europesays.com\/fr\/wp-json\/wp\/v2\/media?parent=263595"}],"wp:term":[{"taxonomy":"category","embeddable":true,"href":"https:\/\/www.europesays.com\/fr\/wp-json\/wp\/v2\/categories?post=263595"},{"taxonomy":"post_tag","embeddable":true,"href":"https:\/\/www.europesays.com\/fr\/wp-json\/wp\/v2\/tags?post=263595"}],"curies":[{"name":"wp","href":"https:\/\/api.w.org\/{rel}","templated":true}]}}