{"id":263599,"date":"2025-07-21T15:08:10","date_gmt":"2025-07-21T15:08:10","guid":{"rendered":"https:\/\/www.europesays.com\/fr\/263599\/"},"modified":"2025-07-21T15:08:10","modified_gmt":"2025-07-21T15:08:10","slug":"charles-consigny-tacle-alain-souchon","status":"publish","type":"post","link":"https:\/\/www.europesays.com\/fr\/263599\/","title":{"rendered":"Charles Consigny tacle Alain Souchon"},"content":{"rendered":"<p>                             Par Marine Cassan<\/p>\n<p>                Le 21 juillet 2025 \u00e0 16h36<\/p>\n<p>    Charles Consigny dans \u00abLes Grandes Gueules\u00bb sur RMC story<br \/>\n                Capture d&rsquo;\u00e9cran<\/p>\n<p>Alors qu\u2019une p\u00e9tition contre l\u2019arriv\u00e9e d\u2019un Carrefour City aurait \u00e9t\u00e9 sign\u00e9e par plusieurs personnalit\u00e9s habitant dans le 6e arrondissement de Paris, le chroniqueur des \u00abGrandes Gueules\u00bb a attaqu\u00e9 le chanteur, signataire pr\u00e9sum\u00e9.<\/p>\n<p class=\"fig-paragraph\">Mais qui a sign\u00e9 la p\u00e9tition\u00a0? Ce lundi 21 juillet, c\u2019est la possible implantation d\u2019un Carrefour City dans un quartier parisien qui d\u00e9cha\u00eene les internautes. Plusieurs habitants du 6e arrondissement auraient sign\u00e9 une tribune contre l\u2019arriv\u00e9e de l\u2019\u00e9picerie, craignant des \u00abnuisances\u00bb et pour leur \u00abs\u00e9curit\u00e9\u00bb. Les auteurs de la p\u00e9tition auraient pr\u00e9f\u00e9r\u00e9 \u00abun truc un peu classe\u00bb, moins populaire.<\/p>\n<p class=\"fig-paragraph\">Un texte qui a provoqu\u00e9 un toll\u00e9, jug\u00e9 comme le geste d\u2019un repli sur soi d\u2019une certaine bourgeoisie, d\u2019autant que plusieurs signataires seraient des figures artistiques connues pour leur engagement pour les classes populaires. D\u00e9battu ce matin dans\u00a0<a href=\"https:\/\/tvmag.lefigaro.fr\/programme-tv\/programme\/les-grandes-gueules-d1292146167\" target=\"_blank\" rel=\"noopener\" data-gtm-custom-categorie=\"navigation\" data-gtm-custom-action=\"crossclick\" data-gtm-custom-label=\"Contextuel\" data-gtm-event=\"customEventSPE\">\u00abLes Grandes Gueules\u00bb<\/a>\u00a0sur RMC, le sujet a particuli\u00e8rement int\u00e9ress\u00e9\u00a0<a href=\"https:\/\/www.lefigaro.fr\/tag\/charles-consigny\" target=\"_blank\" rel=\"noopener\" data-gtm-custom-categorie=\"navigation\" data-gtm-custom-action=\"crossclick\" data-gtm-custom-label=\"Contextuel\" data-gtm-event=\"customEventSPE\"><strong>Charles Consigny<\/strong><\/a> .<\/p>\n<p>                                    <a class=\"fig-a11y-skip a11y-hidden\" href=\"#fig-a11y-skip-main-inarticle\"><br \/>\n        Passer la publicit\u00e9<br \/>\n    <\/a><\/p>\n<p class=\"fig-paragraph\">\u00abCe qui m\u2019amuse, c\u2019est qu\u2019<a href=\"https:\/\/www.lefigaro.fr\/tag\/alain-souchon\" target=\"_blank\" rel=\"noopener\" data-gtm-custom-categorie=\"navigation\" data-gtm-custom-action=\"crossclick\" data-gtm-custom-label=\"Contextuel\" data-gtm-event=\"customEventSPE\"><strong>Alain Souchon<\/strong> <\/a><strong>\u00a0<\/strong>l\u2019ait sign\u00e9e (la p\u00e9tition contre Carrefour City, NDLR). Alors qu\u2019il \u00e9tait pourtant le premier donneur de le\u00e7ons aux bourgeois. Sa fameuse chanson \u201cmais comprenez-moi, sous mes persiennes, etc. Dans les poulaillers d\u2019acajou, c\u2019est la volaille qui fit l\u2019opinion\u201d. Il se moquait beaucoup des bourgeois, il en est devenu un\u00bb, a vivement d\u00e9clar\u00e9 la grande gueule.<\/p>\n<blockquote class=\"fig-quote&#10;    \">\n<p class=\"fig-quote__text\">Ces gens sont tranquillement de droite et c\u2019est tr\u00e8s bien.<\/p>\n<p>            Charles Consigny dans \u00abLes Grandes Gueules\u00bb\n    <\/p><\/blockquote>\n<p class=\"fig-paragraph\">Et l\u2019avocat ne s\u2019arr\u00eate pas en si bon chemin. Il poursuit\u00a0: \u00abC\u2019est marrant comme c\u2019est souvent comme \u00e7a la gauche caviar, qui ne veut pas en bas de chez elle ce qu\u2019elle professe pour les autres. \u00c7a m\u2019amuse franchement parce que ce sont les m\u00eames, qui, sur les plateaux de t\u00e9l\u00e9visions, vont insulter celui qui osera dire qu\u2019il souhaite vivre dans un environnement calme, pr\u00e9serv\u00e9 des ka\u00efras et des ivrognes. Ce qui m\u2019amuse, c\u2019est leur tartufferie. Il faut qu\u2019ils assument\u00a0: ces gens sont tranquillement de droite et c\u2019est tr\u00e8s bien\u00a0! Ils ont le droit de l\u2019\u00eatre, mais sur le fond, qu\u2019ils ne nous fassent pas croire autre chose\u00bb.<\/p>\n<p class=\"fig-body-link\">\n            \u00c0 lire aussi<br \/>\n        <a class=\"fig-body-link__link\" href=\"http:\/\/tvmag.lefigaro.fr\/programme-tv\/actu-tele\/vous-ne-dites-pas-khmers-verts-accrochage-entre-marine-tondelier-et-charles-consigny-sur-rmc-20250624\" target=\"_blank\" data-fig-type=\"Article\" rel=\"noopener\" data-gtm-custom-categorie=\"navigation\" data-gtm-custom-action=\"crossclick\" data-gtm-custom-label=\"Contextuel\" data-gtm-event=\"customEventSPE\" data-fig-domain=\"TVMAG\">\u00abVous ne dites pas \u201cKhmers verts\u201d\u00bb\u00a0: accrochage entre Marine Tondelier et Charles Consigny sur RMC<br \/>\n    <\/a>\n<\/p>\n<p class=\"fig-paragraph\">Une prise de parole \u00e9gale aux id\u00e9es politiques affich\u00e9es du chroniqueur et appuy\u00e9es par le pr\u00e9sentateur,\u00a0<a href=\"https:\/\/www.lefigaro.fr\/tag\/olivier-truchot\" target=\"_blank\" rel=\"noopener\" data-gtm-custom-categorie=\"navigation\" data-gtm-custom-action=\"crossclick\" data-gtm-custom-label=\"Contextuel\" data-gtm-event=\"customEventSPE\">Olivier Truchot<\/a>\u00a0: \u00abrien n\u2019est populaire aujourd\u2019hui \u00e0 Paris. Mais c\u2019est vrai, tu as raison, c\u2019est plut\u00f4t la gauche bourgeoise, caviar qui manifeste\u00bb.<\/p>\n<p class=\"fig-paragraph\">Pour l\u2019heure, Alain Souchon ne s\u2019est pas exprim\u00e9 sur l\u2019affaire, contrairement \u00e0 Ruth Elkrief ou Pierre Richard &#8211; tous deux cit\u00e9s dans la p\u00e9tition comme signataires &#8211; qui ont d\u00e9menti leur lien avec cette histoire.<\/p>\n","protected":false},"excerpt":{"rendered":"Par Marine Cassan Le 21 juillet 2025 \u00e0 16h36 Charles Consigny dans \u00abLes Grandes Gueules\u00bb sur RMC story&hellip;\n","protected":false},"author":2,"featured_media":263600,"comment_status":"","ping_status":"","sticky":false,"template":"","format":"standard","meta":{"footnotes":""},"categories":[1355],"tags":[36362,40305,58,59,1011,27,1361,873,10319],"class_list":{"0":"post-263599","1":"post","2":"type-post","3":"status-publish","4":"format-standard","5":"has-post-thumbnail","7":"category-musique","8":"tag-alain-souchon","9":"tag-charles-consigny","10":"tag-divertissement","11":"tag-entertainment","12":"tag-fr","13":"tag-france","14":"tag-music","15":"tag-musique","16":"tag-rmc"},"share_on_mastodon":{"url":"https:\/\/pubeurope.com\/@fr\/114891856798017333","error":""},"_links":{"self":[{"href":"https:\/\/www.europesays.com\/fr\/wp-json\/wp\/v2\/posts\/263599","targetHints":{"allow":["GET"]}}],"collection":[{"href":"https:\/\/www.europesays.com\/fr\/wp-json\/wp\/v2\/posts"}],"about":[{"href":"https:\/\/www.europesays.com\/fr\/wp-json\/wp\/v2\/types\/post"}],"author":[{"embeddable":true,"href":"https:\/\/www.europesays.com\/fr\/wp-json\/wp\/v2\/users\/2"}],"replies":[{"embeddable":true,"href":"https:\/\/www.europesays.com\/fr\/wp-json\/wp\/v2\/comments?post=263599"}],"version-history":[{"count":0,"href":"https:\/\/www.europesays.com\/fr\/wp-json\/wp\/v2\/posts\/263599\/revisions"}],"wp:featuredmedia":[{"embeddable":true,"href":"https:\/\/www.europesays.com\/fr\/wp-json\/wp\/v2\/media\/263600"}],"wp:attachment":[{"href":"https:\/\/www.europesays.com\/fr\/wp-json\/wp\/v2\/media?parent=263599"}],"wp:term":[{"taxonomy":"category","embeddable":true,"href":"https:\/\/www.europesays.com\/fr\/wp-json\/wp\/v2\/categories?post=263599"},{"taxonomy":"post_tag","embeddable":true,"href":"https:\/\/www.europesays.com\/fr\/wp-json\/wp\/v2\/tags?post=263599"}],"curies":[{"name":"wp","href":"https:\/\/api.w.org\/{rel}","templated":true}]}}