{"id":263611,"date":"2025-07-21T15:14:11","date_gmt":"2025-07-21T15:14:11","guid":{"rendered":"https:\/\/www.europesays.com\/fr\/263611\/"},"modified":"2025-07-21T15:14:11","modified_gmt":"2025-07-21T15:14:11","slug":"un-incident-tres-rare-le-conducteur-du-tgv-oublie-de-sarreter-et-laisse-80-personnes-a-quai","status":"publish","type":"post","link":"https:\/\/www.europesays.com\/fr\/263611\/","title":{"rendered":"Un incident tr\u00e8s rare\u2026 Le conducteur du TGV oublie de s\u2019arr\u00eater et laisse 80 personnes \u00e0 quai"},"content":{"rendered":"<p>La boulette. Samedi 19\u00a0juillet, un train qui reliait Brest \u00e0 Paris ne s\u2019est pas arr\u00eat\u00e9 en gare de Lamballe, laissant 80 voyageurs sur le carreau dans la petite gare des <a href=\"https:\/\/www.20minutes.fr\/dossier\/cotes_d_armor-2\" class=\"color-ultramarine c-link\" target=\"_blank\" rel=\"noopener\">C\u00f4tes-d\u2019Armor<\/a>. A l\u2019int\u00e9rieur du train, une dizaine de passagers a \u00e9galement eu la surprise de voir le TGV poursuivre sa route sans s\u2019arr\u00eater. Un d\u00e9faut technique\u00a0? M\u00eame pas\u00a0! \u00ab\u00a0Nous sommes face \u00e0 une erreur humaine. Le conducteur n\u2019a pas r\u00e9alis\u00e9 l\u2019arr\u00eat qui \u00e9tait pr\u00e9vu\u00a0\u00bb, assure la direction de la SNCF, qui \u00ab\u00a0pr\u00e9sente ses excuses\u00a0\u00bb \u00e0 tous les passagers qui ont subi les cons\u00e9quences de cet oubli.<\/p>\n<p>D\u2019apr\u00e8s la SNCF, aucun signal ni alarme ne sont enclench\u00e9s \u00e0 l\u2019approche des gares, et il appartient donc au conducteur de m\u00e9moriser son trajet et les arr\u00eats \u00e0 effectuer. \u00ab\u00a0C\u2019est un incident tr\u00e8s rare, quasi inexistant\u00a0\u00bb, assure la soci\u00e9t\u00e9 ferroviaire \u00e0 20 Minutes, confirmant <a href=\"https:\/\/www.letelegramme.fr\/bretagne\/le-conducteur-du-tgv-brest-paris-oublie-de-sarreter-80-personnes-restent-a-quai-en-gare-de-lamballe-6858249.php\" rel=\"nofollow noopener\" target=\"_blank\" class=\"color-ultramarine c-link\">l\u2019information du T\u00e9l\u00e9gramme<\/a>.<\/p>\n<\/p>\n<p>Il \u00e9tait un peu plus de 17h30 quand le train a travers\u00e9 la gare de Lamballe sans s\u2019y arr\u00eater. Sur le quai, les passagers sont m\u00e9dus\u00e9s et voient leur train filer sous leurs yeux. Heureusement pour eux, ils seront pris en charge rapidement. Alert\u00e9e, la <a href=\"https:\/\/www.20minutes.fr\/dossier\/sncf\" class=\"color-ultramarine c-link\" target=\"_blank\" rel=\"noopener\">SNCF <\/a>a r\u00e9veill\u00e9 un TER qui n\u2019\u00e9tait pas pr\u00e9vu au planning pour emmener les 80 voyageurs jusqu\u2019\u00e0 Rennes, avant de r\u00e9server des places pour ces naufrag\u00e9s dans un TGV roulant vers Paris. D\u2019apr\u00e8s la soci\u00e9t\u00e9 ferroviaire, les voyageurs auraient accus\u00e9 un simple retard d\u2019une trentaine de minutes.<\/p>\n<p>Un aller-retour en plus\u2026<\/p>\n<p>Quant aux voyageurs qui esp\u00e9raient descendre en Lamballe, ils ont d\u00fb poursuivre leur route jusqu\u2019\u00e0 Rennes, o\u00f9 ils ont pris un train faisant le chemin inverse. \u00ab\u00a0Nous leur avons propos\u00e9 un bon taxi pour ramener ceux qui en avaient besoin\u00a0\u00bb, promet la SNCF, qui salue la r\u00e9activit\u00e9 de ses \u00e9quipes pour traiter ce couac.<\/p>\n","protected":false},"excerpt":{"rendered":"La boulette. Samedi 19\u00a0juillet, un train qui reliait Brest \u00e0 Paris ne s\u2019est pas arr\u00eat\u00e9 en gare de&hellip;\n","protected":false},"author":2,"featured_media":263612,"comment_status":"","ping_status":"","sticky":false,"template":"","format":"standard","meta":{"footnotes":""},"categories":[6],"tags":[47,3450,829,35,8057,2171,33,34,118,3321,1011,27,7533,662,848,626,584,2215,6472,2214,926],"class_list":{"0":"post-263611","1":"post","2":"type-post","3":"status-publish","4":"format-standard","5":"has-post-thumbnail","7":"category-economie","8":"tag-actualite","9":"tag-brest","10":"tag-bretagne","11":"tag-business","12":"tag-conducteur","13":"tag-cotes-darmor","14":"tag-economie","15":"tag-economy","16":"tag-faits-divers","17":"tag-finistere","18":"tag-fr","19":"tag-france","20":"tag-gare","21":"tag-ile-de-france","22":"tag-ille-et-vilaine","23":"tag-paris","24":"tag-rennes","25":"tag-sncf","26":"tag-ter","27":"tag-tgv","28":"tag-train"},"share_on_mastodon":{"url":"https:\/\/pubeurope.com\/@fr\/114891880168603494","error":""},"_links":{"self":[{"href":"https:\/\/www.europesays.com\/fr\/wp-json\/wp\/v2\/posts\/263611","targetHints":{"allow":["GET"]}}],"collection":[{"href":"https:\/\/www.europesays.com\/fr\/wp-json\/wp\/v2\/posts"}],"about":[{"href":"https:\/\/www.europesays.com\/fr\/wp-json\/wp\/v2\/types\/post"}],"author":[{"embeddable":true,"href":"https:\/\/www.europesays.com\/fr\/wp-json\/wp\/v2\/users\/2"}],"replies":[{"embeddable":true,"href":"https:\/\/www.europesays.com\/fr\/wp-json\/wp\/v2\/comments?post=263611"}],"version-history":[{"count":0,"href":"https:\/\/www.europesays.com\/fr\/wp-json\/wp\/v2\/posts\/263611\/revisions"}],"wp:featuredmedia":[{"embeddable":true,"href":"https:\/\/www.europesays.com\/fr\/wp-json\/wp\/v2\/media\/263612"}],"wp:attachment":[{"href":"https:\/\/www.europesays.com\/fr\/wp-json\/wp\/v2\/media?parent=263611"}],"wp:term":[{"taxonomy":"category","embeddable":true,"href":"https:\/\/www.europesays.com\/fr\/wp-json\/wp\/v2\/categories?post=263611"},{"taxonomy":"post_tag","embeddable":true,"href":"https:\/\/www.europesays.com\/fr\/wp-json\/wp\/v2\/tags?post=263611"}],"curies":[{"name":"wp","href":"https:\/\/api.w.org\/{rel}","templated":true}]}}