{"id":263622,"date":"2025-07-21T15:20:30","date_gmt":"2025-07-21T15:20:30","guid":{"rendered":"https:\/\/www.europesays.com\/fr\/263622\/"},"modified":"2025-07-21T15:20:30","modified_gmt":"2025-07-21T15:20:30","slug":"meurthe-et-moselle-retour-au-moyen-age-dans-les-contrees-de-liverdun","status":"publish","type":"post","link":"https:\/\/www.europesays.com\/fr\/263622\/","title":{"rendered":"Meurthe-et-Moselle. Retour au Moyen-\u00c2ge dans les contr\u00e9es de Liverdun"},"content":{"rendered":"<p>\u00ab\u00a0Nous n\u2019avons pas besoin de partir en vacances quand on habite \u00e0 Liverdun\u00a0\u00bb affirme sans h\u00e9sitation Fran\u00e7oise, guide touristique dans le bassin de Pompey. Au regard des activit\u00e9s touristiques, difficile de contredire celle qui conna\u00eet la ville comme personne. Randonn\u00e9es, rivi\u00e8re, patrimoine et gastronomie, il est impossible de s\u2019ennuyer dans ce petit bourg lorrain.<\/p>\n<p>  Au carrefour de l\u2019Histoire<\/p>\n<p>Le XIIe\u00a0si\u00e8cle est une p\u00e9riode charni\u00e8re pour <a href=\"https:\/\/www.estrepublicain.fr\/edition-de-nancy-ville\/2015\/07\/16\/nancy-serie-d-ete-les-villages-de-charme\" target=\"_blank\" rel=\"noopener\">Liverdun<\/a>. L\u2019\u00e9v\u00eaque de Toul, Pierre de Brixey, fait construire de vastes fortifications et la ville compte alors une douzaine de tours \u00e0 son paroxysme. Ces travaux permettaient de prot\u00e9ger l\u2019\u00e9v\u00each\u00e9. Aujourd\u2019hui, plusieurs \u00e9difices de cette \u00e9poque peuvent \u00eatre visit\u00e9s. C\u2019est le cas de la Porte Haute class\u00e9e Monument Historique et de l\u2019\u00c9glise Saint-Pierre, qui abrite le tombeau de saint Euchaire.<\/p>\n<p>Liverdun est aussi avant-gardiste dans les m\u0153urs du Moyen \u00c2ge. Pierre Brixey, d\u00e9cid\u00e9ment bienfaiteur des lieux, cr\u00e9e une charte de franchise de p\u00eache et de chasse, une premi\u00e8re en Lorraine\u00a0! Elle permettait aux habitants de p\u00eacher et de chasser sans m\u00eame payer l\u2019imp\u00f4t, fait singulier pour l\u2019\u00e9poque.<\/p>\n<p>Au tournant du XXe\u00a0si\u00e8cle, la cit\u00e9 se transforme et devient un v\u00e9ritable lieu de vill\u00e9giature. Apr\u00e8s la cr\u00e9ation du canal de la Marne au Rhin et la r\u00e9novation du ch\u00e2teau par la famille Corbin, la cit\u00e9 m\u00e9di\u00e9vale attire la Haute soci\u00e9t\u00e9. La Reine m\u00e8re d\u2019Angleterre Marie a m\u00eame s\u00e9journ\u00e9 dans le tr\u00e8s pr\u00e9cis\u00e9 H\u00f4tel des Vannes.<\/p>\n<p>Ce contenu est bloqu\u00e9 car vous n&rsquo;avez pas accept\u00e9 les cookies et autres traceurs.<\/p>\n<p>En cliquant sur \u00ab J\u2019accepte \u00bb, les cookies et autres traceurs seront d\u00e9pos\u00e9s et vous pourrez visualiser les contenus  (<a href=\"\" class=\"consentModule_policy\" target=\"_blank\" title=\"Consulter la politique de protection des donn\u00e9es du fournisseur\">plus d&rsquo;informations<\/a>).<\/p>\n<p>En cliquant sur \u00ab J\u2019accepte tous les cookies \u00bb, vous autorisez des d\u00e9p\u00f4ts de cookies et autres traceurs pour le stockage de vos donn\u00e9es sur nos sites et applications \u00e0 des fins de personnalisation et de ciblage publicitaire.<\/p>\n<p class=\"consentModule_secondaryText\">Vous gardez la possibilit\u00e9 de retirer votre consentement \u00e0 tout moment en consultant notre <a href=\"https:\/\/www.estrepublicain.fr\/protection-des-donnees\" target=\"_blank\" title=\"Consulter notre politique de protection des donn\u00e9es\" rel=\"noopener\">politique de protection des donn\u00e9es<\/a>. <br \/>&#13;<br \/>\n            <a href=\"https:\/\/www.estrepublicain.fr\/magazine-tourisme-et-patrimoine\/2025\/07\/21\/javascript:Didomi.notice.show()\" class=\"consentModule_cmp\" target=\"_blank\" rel=\"noopener\">G\u00e9rer mes choix<\/a>&#13;\n        <\/p>\n<p>&#13;<br \/>\n                        J&rsquo;accepte&#13;<br \/>\n            J&rsquo;accepte tous les cookies&#13;\n        <\/p>\n<p>  De quoi s\u2019occuper<\/p>\n<p>\u00c0 la recherche d\u2019activit\u00e9s pour l\u2019\u00e9t\u00e9\u00a0? Vous \u00eates au bon endroit. Apr\u00e8s la d\u00e9gustation des merveilleuses <a href=\"https:\/\/www.estrepublicain.fr\/economie\/2022\/11\/27\/les-madeleines-de-liverdun-passent-a-la-cadence-superieure\" target=\"_blank\" rel=\"noopener\">madeleines de Liverdun<\/a> , il est possible de faire un tour guid\u00e9 de la Ville Haute. Comptez deux heures pour cette plong\u00e9e dans le pass\u00e9.<\/p>\n<p>Les amoureux de la nature trouveront aussi leur bonheur puisqu\u2019il existe plus de quatre-vingts kilom\u00e8tres de parcours balis\u00e9s. Trois boucles en bordure de Moselle attendent randonneurs et cyclistes.<\/p>\n<p>Enfin, Liverdun n\u2019a certainement pas oubli\u00e9 les \u00e2mes d\u2019artistes. Le mus\u00e9e d\u2019Art et d\u2019Histoire de Toul organise un parcours autour de <a href=\"https:\/\/www.estrepublicain.fr\/pour-sortir\/loisirs\/Randonnee-balade-visite-guidee-orientation\/Visites-guidees\/Lorraine\/Meurthe-et-moselle\/Liverdun\/2025\/06\/28\/Visite-guidee-sur-les-pas-de-lucien-quintard\" target=\"_blank\" rel=\"noopener\"> l\u2019exposition Lucien Quintard<\/a> , \u00e9minent peintre nanc\u00e9ien ayant mis sur toile \u00e0 de nombreuses reprises cette bastide. Ce n\u2019est pas pour rien que l\u2019historien \u00c9mile Badel la surnommait \u00ab\u00a0la perle de Lorraine\u00a0\u00bb.<\/p>\n","protected":false},"excerpt":{"rendered":"\u00ab\u00a0Nous n\u2019avons pas besoin de partir en vacances quand on habite \u00e0 Liverdun\u00a0\u00bb affirme sans h\u00e9sitation Fran\u00e7oise, guide&hellip;\n","protected":false},"author":2,"featured_media":263623,"comment_status":"","ping_status":"","sticky":false,"template":"","format":"standard","meta":{"footnotes":""},"categories":[9635],"tags":[1111,11,7782,9661,1704,1777,674,1011,27,775,31022,13318,20065,1702,12,25],"class_list":{"0":"post-263622","1":"post","2":"type-post","3":"status-publish","4":"format-standard","5":"has-post-thumbnail","7":"category-nancy","8":"tag-actu","9":"tag-actualites","10":"tag-balades-et-randonnees","11":"tag-cc-du-bassin-de-pompey-54b1","12":"tag-edition-nancy-et-agglomeration","13":"tag-eu","14":"tag-europe","15":"tag-fr","16":"tag-france","17":"tag-grand-est","18":"tag-le-guide-de-lete-lorraine","19":"tag-liverdun","20":"tag-magazine-tourisme-et-patrimoine","21":"tag-nancy","22":"tag-news","23":"tag-republique-francaise"},"share_on_mastodon":{"url":"https:\/\/pubeurope.com\/@fr\/114891903712795535","error":""},"_links":{"self":[{"href":"https:\/\/www.europesays.com\/fr\/wp-json\/wp\/v2\/posts\/263622","targetHints":{"allow":["GET"]}}],"collection":[{"href":"https:\/\/www.europesays.com\/fr\/wp-json\/wp\/v2\/posts"}],"about":[{"href":"https:\/\/www.europesays.com\/fr\/wp-json\/wp\/v2\/types\/post"}],"author":[{"embeddable":true,"href":"https:\/\/www.europesays.com\/fr\/wp-json\/wp\/v2\/users\/2"}],"replies":[{"embeddable":true,"href":"https:\/\/www.europesays.com\/fr\/wp-json\/wp\/v2\/comments?post=263622"}],"version-history":[{"count":0,"href":"https:\/\/www.europesays.com\/fr\/wp-json\/wp\/v2\/posts\/263622\/revisions"}],"wp:featuredmedia":[{"embeddable":true,"href":"https:\/\/www.europesays.com\/fr\/wp-json\/wp\/v2\/media\/263623"}],"wp:attachment":[{"href":"https:\/\/www.europesays.com\/fr\/wp-json\/wp\/v2\/media?parent=263622"}],"wp:term":[{"taxonomy":"category","embeddable":true,"href":"https:\/\/www.europesays.com\/fr\/wp-json\/wp\/v2\/categories?post=263622"},{"taxonomy":"post_tag","embeddable":true,"href":"https:\/\/www.europesays.com\/fr\/wp-json\/wp\/v2\/tags?post=263622"}],"curies":[{"name":"wp","href":"https:\/\/api.w.org\/{rel}","templated":true}]}}