{"id":263624,"date":"2025-07-21T15:21:16","date_gmt":"2025-07-21T15:21:16","guid":{"rendered":"https:\/\/www.europesays.com\/fr\/263624\/"},"modified":"2025-07-21T15:21:16","modified_gmt":"2025-07-21T15:21:16","slug":"violents-orages-a-nancy-la-pluie-souleve-la-chaussee-de-cette-rue-frequentee-et-provoque-des-perturbations","status":"publish","type":"post","link":"https:\/\/www.europesays.com\/fr\/263624\/","title":{"rendered":"Violents orages \u00e0 Nancy. La pluie soul\u00e8ve la chauss\u00e9e de cette rue fr\u00e9quent\u00e9e et provoque des perturbations"},"content":{"rendered":"<p>            Par<br \/>\n        <strong><br \/>\n            <a href=\"https:\/\/actu.fr\/auteur\/pierre-emile-bouchy-actu-fr\" title=\"Consulter tous les articles de Paul-Emile Bouchy\" rel=\"nofollow noopener\" target=\"_blank\">Paul-Emile Bouchy<\/a><br \/>\n        <\/strong><\/p>\n<p>        Publi\u00e9 le<\/p>\n<p>            21 juil. 2025 \u00e0 16h34        <\/p>\n<p>Dimanche 20\u00a0juillet 2025, de violents <a href=\"https:\/\/actu.fr\/tag\/orages\" rel=\"nofollow noopener\" target=\"_blank\">orages<\/a> ont touch\u00e9 Nancy, entra\u00eenant des <a href=\"https:\/\/actu.fr\/grand-est\/nancy_54395\/video-routes-inondees-arbres-arraches-les-images-de-l-orage-qui-a-frappe-nancy_62935197.html\" rel=\"nofollow noopener\" target=\"_blank\">routes inond\u00e9es et des arbres arrach\u00e9s<\/a>. Les rafales ont \u00e9galement <a href=\"https:\/\/actu.fr\/grand-est\/nancy_54395\/place-stanislas-pourquoi-des-barrieres-ont-ete-installees-devant-l-hotel-de-ville-de-nancy_62936637.html\" rel=\"nofollow noopener\" target=\"_blank\">ab\u00eem\u00e9 l\u2019horloge de l\u2019h\u00f4tel de ville place Stanislas<\/a>.<\/p>\n<p class=\" wall-content\">Depuis dimanche soir, <strong>une partie de l\u2019avenue de Boufflers est coup\u00e9e \u00e0 la circulation<\/strong>. La raison\u2009: <strong>les fortes pluies qui ont soulev\u00e9 la chauss\u00e9e<\/strong>.<\/p>\n<p>Des travaux n\u00e9cessaires pour r\u00e9parer la route<\/p>\n<p class=\" wall-content\">Sur cet axe reliant Laxou et Nancy, la route est <strong>ferm\u00e9e entre la rue Marquette et la rue du Beauregard<\/strong>. La chauss\u00e9e porte les stigmates du passage orageux.<\/p>\n<p class=\" wall-content\">Les pr\u00e9cipitations soudaines et volumineuses ont impact\u00e9 le r\u00e9seau d\u2019assainissement et provoqu\u00e9 <strong>un soul\u00e8vement de la route<\/strong>.<\/p>\n<p class=\" wall-content\">Si des ouvriers s\u2019affairent d\u00e9j\u00e0, une expertise doit \u00eatre r\u00e9alis\u00e9e dans le courant de la semaine pour planifier les travaux n\u00e9cessaires.<\/p>\n<p>    <img   decoding=\"async\" loading=\"lazy\" src=\"https:\/\/www.europesays.com\/fr\/wp-content\/uploads\/2025\/07\/travaux-nancy-avenue-boufflers-960x640.jpg\" alt=\"Si des ouvriers sont d\u00e9j\u00e0 sur place, la dur\u00e9e des travaux avenue de Boufflers reste ind\u00e9termin\u00e9e.\" width=\"960\" height=\"640\"\/><br \/>\n    Si des ouvriers sont d\u00e9j\u00e0 sur place, la dur\u00e9e des travaux avenue de Boufflers reste ind\u00e9termin\u00e9e. (\u00a9Paul-Emile Bouchy \/ Lorraine Actu)Vid\u00e9os : en ce moment sur ActuLes bus de la ligne Tempo 4 d\u00e9vi\u00e9s<\/p>\n<p class=\" wall-content\">En attendant la r\u00e9ouverture de l\u2019avenue de Boufflers, les <strong>bus de la ligne T4<\/strong> du <a href=\"https:\/\/actu.fr\/tag\/reseau-stan\" rel=\"nofollow noopener\" target=\"_blank\">r\u00e9seau Stan<\/a> <strong>sont d\u00e9vi\u00e9s<\/strong>. Ils empruntent l\u2019<strong>avenue de la Lib\u00e9ration<\/strong> pour rejoindre Laxou Champ le B\u0153uf\u2009:<\/p>\n<ul class=\" wall-content\">\n<li><strong>vers Laxou Champ le B\u0153uf<\/strong>\u2009: arr\u00eats de Saint-L\u00e9on \u00e0 Beauregard Sainte-Anne inclus non desservis<\/li>\n<li><strong>vers Houdemont Porte Sud<\/strong>\u2009: arr\u00eats de Beauregard Sainte-Anne \u00e0 Commanderie inclus non desservis<\/li>\n<\/ul>\n<p class=\" wall-content\">Une d\u00e9viation a aussi \u00e9t\u00e9 mise en place pour les automobilistes.<\/p>\n<p class=\" wall-content\">Suivez toute l\u2019actualit\u00e9 de vos villes et m\u00e9dias favoris en vous inscrivant \u00e0 <a href=\"https:\/\/moncompte.actu.fr\" title=\"D\u00e9couvez Mon Actu\" rel=\"nofollow noopener\" data-trk=\"{&quot;cta&quot;:{&quot;action&quot;:&quot;https:\\\/\\\/moncompte.actu.fr&quot;,&quot;category&quot;:&quot;mon compte&quot;,&quot;from&quot;:&quot;article footer&quot;,&quot;name&quot;:&quot;Mon actu&quot;,&quot;type&quot;:&quot;cta&quot;}}\" target=\"_blank\">Mon Actu<\/a>.<\/p>\n","protected":false},"excerpt":{"rendered":"Par Paul-Emile Bouchy Publi\u00e9 le 21 juil. 2025 \u00e0 16h34 Dimanche 20\u00a0juillet 2025, de violents orages ont touch\u00e9&hellip;\n","protected":false},"author":2,"featured_media":263625,"comment_status":"","ping_status":"","sticky":false,"template":"","format":"standard","meta":{"footnotes":""},"categories":[9635],"tags":[1111,11,1777,674,1011,27,775,1702,12,4594,25,104,2086],"class_list":{"0":"post-263624","1":"post","2":"type-post","3":"status-publish","4":"format-standard","5":"has-post-thumbnail","7":"category-nancy","8":"tag-actu","9":"tag-actualites","10":"tag-eu","11":"tag-europe","12":"tag-fr","13":"tag-france","14":"tag-grand-est","15":"tag-nancy","16":"tag-news","17":"tag-orages","18":"tag-republique-francaise","19":"tag-societe","20":"tag-travaux"},"share_on_mastodon":{"url":"https:\/\/pubeurope.com\/@fr\/114891907710356188","error":""},"_links":{"self":[{"href":"https:\/\/www.europesays.com\/fr\/wp-json\/wp\/v2\/posts\/263624","targetHints":{"allow":["GET"]}}],"collection":[{"href":"https:\/\/www.europesays.com\/fr\/wp-json\/wp\/v2\/posts"}],"about":[{"href":"https:\/\/www.europesays.com\/fr\/wp-json\/wp\/v2\/types\/post"}],"author":[{"embeddable":true,"href":"https:\/\/www.europesays.com\/fr\/wp-json\/wp\/v2\/users\/2"}],"replies":[{"embeddable":true,"href":"https:\/\/www.europesays.com\/fr\/wp-json\/wp\/v2\/comments?post=263624"}],"version-history":[{"count":0,"href":"https:\/\/www.europesays.com\/fr\/wp-json\/wp\/v2\/posts\/263624\/revisions"}],"wp:featuredmedia":[{"embeddable":true,"href":"https:\/\/www.europesays.com\/fr\/wp-json\/wp\/v2\/media\/263625"}],"wp:attachment":[{"href":"https:\/\/www.europesays.com\/fr\/wp-json\/wp\/v2\/media?parent=263624"}],"wp:term":[{"taxonomy":"category","embeddable":true,"href":"https:\/\/www.europesays.com\/fr\/wp-json\/wp\/v2\/categories?post=263624"},{"taxonomy":"post_tag","embeddable":true,"href":"https:\/\/www.europesays.com\/fr\/wp-json\/wp\/v2\/tags?post=263624"}],"curies":[{"name":"wp","href":"https:\/\/api.w.org\/{rel}","templated":true}]}}