{"id":26363,"date":"2025-04-15T11:10:10","date_gmt":"2025-04-15T11:10:10","guid":{"rendered":"https:\/\/www.europesays.com\/fr\/26363\/"},"modified":"2025-04-15T11:10:10","modified_gmt":"2025-04-15T11:10:10","slug":"des-associations-tirent-la-sonnette-dalarme","status":"publish","type":"post","link":"https:\/\/www.europesays.com\/fr\/26363\/","title":{"rendered":"des associations tirent la sonnette d&rsquo;alarme"},"content":{"rendered":"<p>            Par<br \/>\n        <strong><br \/>\n            <a href=\"https:\/\/actu.fr\/auteur\/annesophie-2\" title=\"Consulter tous les articles de Anne-Sophie Hourdeaux\" rel=\"nofollow noopener\" target=\"_blank\">Anne-Sophie Hourdeaux<\/a><br \/>\n        <\/strong><\/p>\n<p>        Publi\u00e9 le<\/p>\n<p>            15 avr. 2025 \u00e0 12h40        <\/p>\n<p>20 associations nordistes viennent de sortir un <b>document sur l\u2019h\u00e9bergement des exil\u00e9s dans la m\u00e9tropole de Lille. <\/b>L\u2019\u00e9tat des lieux pointe <b>un manque de places criant, y compris pour les mineurs et \u00e7a s\u2019aggrave. <\/b>Elles d\u00e9noncent \u00ab\u2009la non-assistance \u00e0 personne mal log\u00e9e\u2009\u00bb. Des propositions sont \u00e9galement faites pour avancer vers plus de dignit\u00e9. <b>De juillet\u00a02022 \u00e0 mars\u00a02025,<\/b> une vaste \u00e9tude a \u00e9t\u00e9 r\u00e9alis\u00e9e dans la m\u00e9tropole lilloise sur les <b>conditions d\u2019h\u00e9bergement et de logement des \u00e9trangers<\/b>. Difficile d\u2019avoir des chiffres pr\u00e9cis, les associations ne pouvant se baser que sur les personnes faisant appel \u00e0 elles. Les chiffres \u00e9voqu\u00e9s sont donc \u00ab\u2009a minima\u2009\u00bb.<\/p>\n<p>1821 personnes dorment \u00e0 la rue, +\u00a023\u2009%<\/p>\n<p class=\" wall-content\">On compte <b>300 mineurs \u00e9trangers \u00e0 Lille en 2024.<\/b> Le R\u00e9seau Solidarit\u00e9 Sant\u00e9 a rep\u00e9r\u00e9, entre janvier et septembre\u00a02024, 120 femmes sortant de maternit\u00e9 avec leur b\u00e9b\u00e9 sans solution de logement (94\u2009% sont de nationalit\u00e9 \u00e9trang\u00e8re). Les bidonvilles de la m\u00e9tropole lilloise comportent environ 1000 personnes dont la moiti\u00e9 de mineurs, sur 73 campements.<\/p>\n<p class=\" wall-content\">\u00ab\u2009En mars\u00a02023, dans la M\u00e9tropole Europ\u00e9enne de Lille, 1\u2009821\u00a0personnes diff\u00e9rentes ont appel\u00e9 le 115 et d\u00e9clar\u00e9 avoir dormi \u00e0 la rue, dont 630\u00a0enfants, soit une hausse de 23\u2009% par rapport \u00e0 mars\u00a02019\u2009\u00bb dit H\u00e9lo\u00efse, du RAIL.<\/p>\n<p>Le cas \u00e9pineux des mineurs \u00e9trangers<\/p>\n<p class=\" wall-content\">L\u2019\u00e9tat de l\u2019accueil des mineurs \u00e9trangers, pourtant de la comp\u00e9tence du D\u00e9partement du Nord, est particuli\u00e8rement point\u00e9 du doigt, comme l\u2019explique Lucile, d\u2019Utopia\u2009: \u00ab\u2009Dans la loi, l\u2019\u00e9valuation de leur minorit\u00e9 doit se faire dans les 5 jours, o\u00f9 ils doivent \u00eatre h\u00e9berg\u00e9s. D\u00e8s la pr\u00e9somption de minorit\u00e9, ils devraient \u00eatre mis \u00e0 l\u2019abri. Ce n\u2019est pas le cas. Il y a eu plusieurs campements, le dernier c\u2019\u00e9tait aux Bois Blancs. La mobilisation a permis de les h\u00e9berger ponctuellement. 50 le sont dans les paroisses jusqu\u2019au 28 avril, car ce n\u2019est propos\u00e9 que durant l\u2019hiver. Actuellement, 289, reconnus \u2018non mineurs\u2019, sont en recours, ne sont toujours pas h\u00e9berg\u00e9s par le D\u00e9partement\u2026\u2009\u00bb<\/p>\n<p class=\" wall-content\">Daouda, originaire de Guin\u00e9e, et Salia de C\u00f4te d\u2019Ivoire, sont concern\u00e9s. Ils lancent un appel.<\/p>\n<blockquote class=\"ac-article-quote wall-content\">\n<p>Notre minorit\u00e9 n\u2019a pas \u00e9t\u00e9 reconnue, on est en recours de cette d\u00e9cision. Les crit\u00e8res sont abstraits, on ne prend pas en compte nos papiers d\u2019identit\u00e9, nos dires ne sont pas repris dans les comptes rendus administratifs. Nous ne pouvons pas \u00eatre scolaris\u00e9s, c\u2019est l\u2019errance. Nous demandons \u00e0 la ville de Lille et au D\u00e9partement de r\u00e9agir.<\/p>\n<p>Daouda et Salia<\/p><\/blockquote>\n<p>Des propositions<\/p>\n<p class=\" wall-content\">Il existe quand m\u00eame des actions positives\u2009: \u00ab\u2009La ville de Lille met \u00e0 disposition des logements appartenant \u00e0 la ville pour les familles notamment, elle finance aussi l\u2019accompagnement social dans certains cas\u2009\u00bb.<\/p>\n<p class=\" wall-content\">Ce document propose aussi des solutions et demande\u2009: la mobilisation des logements vacants, des efforts administratifs pour \u00e9viter les ruptures de droits li\u00e9s aux d\u00e9lais de renouvellement des titres de s\u00e9jour, un accueil physique du 115, la prise en charge effective du public le plus fragile (femmes enceintes, enfants)\u2026<\/p>\n<p class=\" wall-content\">Parmi les \u00e9volutions \u00e0 venir, sont not\u00e9es\u2009: la participation des premiers concern\u00e9s \u00e0 une r\u00e9flexion globale d\u2019accompagnement, la cr\u00e9ation de lieux d\u2019\u00e9change entre associations et pouvoirs publics, la mise en place d\u2019une coordination du r\u00e9seau des citoyens h\u00e9bergeurs\u2026<\/p>\n<p>Et apr\u00e8s\u2009?<\/p>\n<p class=\" wall-content\">Que va devenir ce document\u2009? Des \u00e9lections approchent, \u00ab\u2009on pourra interpeller les candidats\u2009\u00bb dit l\u2019un. \u00ab\u2009Ce document est une base pour aller plus loin. Il nous a permis de mieux nous conna\u00eetre entre associations\u2009\u00bb analyse un autre.<\/p>\n<p><a href=\"https:\/\/www.lacimade.org\/plaidoyer-pour-un-acces-effectif-a-lhebergement-des-personnes-exilees-sur-la-mel\/\" rel=\"nofollow noopener\" target=\"_blank\">Pour consulter le document, cliquez sur ce lien.<\/a><\/p>\n<p class=\" wall-content\">Suivez toute l\u2019actualit\u00e9 de vos villes et m\u00e9dias favoris en vous inscrivant \u00e0 <a href=\"https:\/\/moncompte.actu.fr\" title=\"D\u00e9couvez Mon Actu\" rel=\"nofollow noopener\" data-trk=\"{&quot;cta&quot;:{&quot;action&quot;:&quot;https:\\\/\\\/moncompte.actu.fr&quot;,&quot;category&quot;:&quot;mon compte&quot;,&quot;from&quot;:&quot;article footer&quot;,&quot;name&quot;:&quot;Mon actu&quot;,&quot;type&quot;:&quot;cta&quot;}}\" target=\"_blank\">Mon Actu<\/a>.<\/p>\n","protected":false},"excerpt":{"rendered":"Par Anne-Sophie Hourdeaux Publi\u00e9 le 15 avr. 2025 \u00e0 12h40 20 associations nordistes viennent de sortir un document&hellip;\n","protected":false},"author":2,"featured_media":26364,"comment_status":"","ping_status":"","sticky":false,"template":"","format":"standard","meta":{"footnotes":""},"categories":[2815],"tags":[1111,11,1777,674,1011,27,811,1307,1908,1251,12,25,104],"class_list":{"0":"post-26363","1":"post","2":"type-post","3":"status-publish","4":"format-standard","5":"has-post-thumbnail","7":"category-lille","8":"tag-actu","9":"tag-actualites","10":"tag-eu","11":"tag-europe","12":"tag-fr","13":"tag-france","14":"tag-hauts-de-france","15":"tag-lille","16":"tag-logement","17":"tag-migrants","18":"tag-news","19":"tag-republique-francaise","20":"tag-societe"},"share_on_mastodon":{"url":"https:\/\/pubeurope.com\/@fr\/114341676655459939","error":""},"_links":{"self":[{"href":"https:\/\/www.europesays.com\/fr\/wp-json\/wp\/v2\/posts\/26363","targetHints":{"allow":["GET"]}}],"collection":[{"href":"https:\/\/www.europesays.com\/fr\/wp-json\/wp\/v2\/posts"}],"about":[{"href":"https:\/\/www.europesays.com\/fr\/wp-json\/wp\/v2\/types\/post"}],"author":[{"embeddable":true,"href":"https:\/\/www.europesays.com\/fr\/wp-json\/wp\/v2\/users\/2"}],"replies":[{"embeddable":true,"href":"https:\/\/www.europesays.com\/fr\/wp-json\/wp\/v2\/comments?post=26363"}],"version-history":[{"count":0,"href":"https:\/\/www.europesays.com\/fr\/wp-json\/wp\/v2\/posts\/26363\/revisions"}],"wp:featuredmedia":[{"embeddable":true,"href":"https:\/\/www.europesays.com\/fr\/wp-json\/wp\/v2\/media\/26364"}],"wp:attachment":[{"href":"https:\/\/www.europesays.com\/fr\/wp-json\/wp\/v2\/media?parent=26363"}],"wp:term":[{"taxonomy":"category","embeddable":true,"href":"https:\/\/www.europesays.com\/fr\/wp-json\/wp\/v2\/categories?post=26363"},{"taxonomy":"post_tag","embeddable":true,"href":"https:\/\/www.europesays.com\/fr\/wp-json\/wp\/v2\/tags?post=26363"}],"curies":[{"name":"wp","href":"https:\/\/api.w.org\/{rel}","templated":true}]}}