{"id":263640,"date":"2025-07-21T15:29:09","date_gmt":"2025-07-21T15:29:09","guid":{"rendered":"https:\/\/www.europesays.com\/fr\/263640\/"},"modified":"2025-07-21T15:29:09","modified_gmt":"2025-07-21T15:29:09","slug":"pres-de-grenoble-dans-cette-commune-les-ecoles-vont-produire-de-lelectricite","status":"publish","type":"post","link":"https:\/\/www.europesays.com\/fr\/263640\/","title":{"rendered":"Pr\u00e8s de Grenoble. Dans cette commune, les \u00e9coles vont produire de l&rsquo;\u00e9lectricit\u00e9"},"content":{"rendered":"<p>            Par<br \/>\n        <strong><br \/>\n            <a href=\"https:\/\/actu.fr\/auteur\/lisa-rodrigues\" title=\"Consulter tous les articles de Lisa Rodrigues\" target=\"_blank\" rel=\"noopener\">Lisa Rodrigues<\/a><br \/>\n        <\/strong><\/p>\n<p>        Publi\u00e9 le<\/p>\n<p>            21 juil. 2025 \u00e0 17h22        <\/p>\n<p>Depuis plusieurs ann\u00e9es, les communes sont appel\u00e9es \u00e0 la sobri\u00e9t\u00e9 \u00e9nerg\u00e9tique et \u00e0 la diminution de leur d\u00e9pendance aux \u00e9nergies fossiles. La Ville de Pont-de-Claix, au sud de <a href=\"https:\/\/actu.fr\/auvergne-rhone-alpes\/grenoble_38185\" target=\"_blank\" rel=\"noopener\">Grenoble<\/a>, ne fait pas exception \u00e0 la r\u00e8gle.<\/p>\n<p class=\" wall-content\">Apr\u00e8s le raccordement d\u2019une partie de son territoire au r\u00e9seau de chaleur urbain, la municipalit\u00e9 vient d\u2019annoncer l\u2019installation prochaine de <strong>245 panneaux solaires<\/strong> sur deux b\u00e2timents communaux.<\/p>\n<p>25 000 euros d\u2019\u00e9conomies sur la facture d\u2019\u00e9lectricit\u00e9<\/p>\n<p class=\" wall-content\">Apr\u00e8s la piscine municipale Flottibulle, l\u2019\u00e9cole \u00e9l\u00e9mentaire \u00celes-de-Mars et la cantine de l\u2019\u00e9cole Jean-Moulin vont respectivement accueillir 173 et 72 panneaux solaires sur leur toit. Le tout pour un <strong>co\u00fbt total de 200 000 euros<\/strong> \u2013 frais d\u2019installation et de mise aux normes du syst\u00e8me \u00e9lectrique de la cantine compris -, selon les chiffres pr\u00e9sent\u00e9s aux habitants en mai dernier.<\/p>\n<p class=\" wall-content\">Le co\u00fbt d\u2019exploitation annuel des deux centrales solaires est, lui, estim\u00e9 \u00e0 3 750 euros.<\/p>\n<p class=\" wall-content\">L\u2019installation de ces panneaux solaires doit permettre \u00ab\u00a0sur les 25 prochaines ann\u00e9es, [une] \u00e9conomie estim\u00e9e sur la facture d\u2019\u00e9lectricit\u00e9 communale \u00e0 25 000 \u20ac par an en moyenne\u00a0\u00bb, chiffre la mairie.\u00a0<\/p>\n<p>Vid\u00e9os : en ce moment sur Actu7% de la consommation totale couverte<\/p>\n<p class=\" wall-content\">Surtout, ces \u00ab\u00a0deux projets photovolta\u00efques couvriront 7% de la consommation totale\u00a0\u00bb de la commune en \u00e9lectricit\u00e9. Car l\u2019\u00e9nergie produite couvrira non seulement les besoins des b\u00e2timents \u00e9quip\u00e9s, mais aussi\u00a0\u00ab\u00a0l\u2019ensemble des b\u00e2timents communaux dans un rayon de deux kilom\u00e8tres\u00a0\u00bb, soit environ une quinzaine d\u2019\u00e9difices, pr\u00e9cise la Ville de <a href=\"https:\/\/actu.fr\/auvergne-rhone-alpes\/le-pont-de-claix_38317\" target=\"_blank\" rel=\"noopener\">Pont-de-Claix<\/a>.<\/p>\n<p class=\" wall-content\">Les panneaux solaires vont \u00eatre install\u00e9s <strong>courant ao\u00fbt<\/strong> et pendant les vacances de la Toussaint.<\/p>\n<p class=\" wall-content\">Suivez toute l\u2019actualit\u00e9 de vos villes et m\u00e9dias favoris en vous inscrivant \u00e0 <a href=\"https:\/\/moncompte.actu.fr\" title=\"D\u00e9couvez Mon Actu\" rel=\"nofollow noopener\" data-trk=\"{&quot;cta&quot;:{&quot;action&quot;:&quot;https:\\\/\\\/moncompte.actu.fr&quot;,&quot;category&quot;:&quot;mon compte&quot;,&quot;from&quot;:&quot;article footer&quot;,&quot;name&quot;:&quot;Mon actu&quot;,&quot;type&quot;:&quot;cta&quot;}}\" target=\"_blank\">Mon Actu<\/a>.<\/p>\n","protected":false},"excerpt":{"rendered":"Par Lisa Rodrigues Publi\u00e9 le 21 juil. 2025 \u00e0 17h22 Depuis plusieurs ann\u00e9es, les communes sont appel\u00e9es \u00e0&hellip;\n","protected":false},"author":2,"featured_media":263641,"comment_status":"","ping_status":"","sticky":false,"template":"","format":"standard","meta":{"footnotes":""},"categories":[9566],"tags":[1111,11,2430,4019,579,4427,1777,674,1011,27,2731,12,52,25,4426],"class_list":{"0":"post-263640","1":"post","2":"type-post","3":"status-publish","4":"format-standard","5":"has-post-thumbnail","7":"category-grenoble","8":"tag-actu","9":"tag-actualites","10":"tag-auvergne-rhone-alpes","11":"tag-ecoles","12":"tag-electricite","13":"tag-energies","14":"tag-eu","15":"tag-europe","16":"tag-fr","17":"tag-france","18":"tag-grenoble","19":"tag-news","20":"tag-planete","21":"tag-republique-francaise","22":"tag-transition-energetique"},"share_on_mastodon":{"url":"https:\/\/pubeurope.com\/@fr\/114891939074514795","error":""},"_links":{"self":[{"href":"https:\/\/www.europesays.com\/fr\/wp-json\/wp\/v2\/posts\/263640","targetHints":{"allow":["GET"]}}],"collection":[{"href":"https:\/\/www.europesays.com\/fr\/wp-json\/wp\/v2\/posts"}],"about":[{"href":"https:\/\/www.europesays.com\/fr\/wp-json\/wp\/v2\/types\/post"}],"author":[{"embeddable":true,"href":"https:\/\/www.europesays.com\/fr\/wp-json\/wp\/v2\/users\/2"}],"replies":[{"embeddable":true,"href":"https:\/\/www.europesays.com\/fr\/wp-json\/wp\/v2\/comments?post=263640"}],"version-history":[{"count":0,"href":"https:\/\/www.europesays.com\/fr\/wp-json\/wp\/v2\/posts\/263640\/revisions"}],"wp:featuredmedia":[{"embeddable":true,"href":"https:\/\/www.europesays.com\/fr\/wp-json\/wp\/v2\/media\/263641"}],"wp:attachment":[{"href":"https:\/\/www.europesays.com\/fr\/wp-json\/wp\/v2\/media?parent=263640"}],"wp:term":[{"taxonomy":"category","embeddable":true,"href":"https:\/\/www.europesays.com\/fr\/wp-json\/wp\/v2\/categories?post=263640"},{"taxonomy":"post_tag","embeddable":true,"href":"https:\/\/www.europesays.com\/fr\/wp-json\/wp\/v2\/tags?post=263640"}],"curies":[{"name":"wp","href":"https:\/\/api.w.org\/{rel}","templated":true}]}}