{"id":263646,"date":"2025-07-21T15:32:11","date_gmt":"2025-07-21T15:32:11","guid":{"rendered":"https:\/\/www.europesays.com\/fr\/263646\/"},"modified":"2025-07-21T15:32:11","modified_gmt":"2025-07-21T15:32:11","slug":"geispolsheim-defile-vide-greniers-la-fete-de-la-choucroute-est-de-retour-avec-son-cortege-danimations","status":"publish","type":"post","link":"https:\/\/www.europesays.com\/fr\/263646\/","title":{"rendered":"Geispolsheim. D\u00e9fil\u00e9, vide-greniers&#8230; la F\u00eate de la choucroute est de retour avec son cort\u00e8ge d\u2019animations"},"content":{"rendered":"<p>Toute l\u2019\u00e9quipe de <a href=\"https:\/\/www.dna.fr\/culture-loisirs\/2025\/06\/25\/la-fete-de-la-choucroute-et-du-folklore\" target=\"_blank\" rel=\"nofollow noopener\">l\u2019association Festi\u2019Geis<\/a> , organisatrice de la f\u00eate avec la commune, travaille \u00e0 terminer les derniers pr\u00e9paratifs de cette journ\u00e9e qui se tiendra dimanche 31\u00a0juillet. Au menu, de la <a href=\"https:\/\/www.dna.fr\/economie\/2024\/08\/22\/la-culture-du-chou-a-choucroute-abandonnee-a-cause-des-secheresses\" target=\"_blank\" rel=\"nofollow noopener\">choucroute<\/a> bien s\u00fbr, mais aussi de nombreuses animations, dont un imposant d\u00e9fil\u00e9 au c\u0153ur du village, dans un d\u00e9cor de carte postale, avec ses rues bord\u00e9es de maisons \u00e0 colombages. Le cort\u00e8ge, compos\u00e9 d\u2019environ 400 b\u00e9n\u00e9voles v\u00eatus de leurs costumes, de huit chars d\u00e9cor\u00e9s par des associations de la commune, ainsi que d\u2019une dizaine d\u2019ensembles de musique et de groupes folkloriques, s\u2019\u00e9lancera \u00e0 15 heures. Vingt-cinq tableaux seront d\u00e9clin\u00e9s autour du th\u00e8me des \u00ab\u00a0m\u00e9tiers ext\u00e9rieurs d\u2019autrefois\u00a0\u00bb.<\/p>\n<p>  Une imposante noce villageoise<\/p>\n<p>\u00ab\u00a0Un mara\u00eecher, un r\u00e9mouleur, un charpentier, mais aussi des sc\u00e8nes de vendanges et un poulailler seront repr\u00e9sent\u00e9s\u00a0\u00bb, d\u00e9crit Luc Kronbacher, pr\u00e9sident de Festi\u2019Geis. L\u2019association proposera \u00e9galement une promenade en costumes traditionnels et un tableau sur le retour des champs \u00e0 pied ou \u00e0 v\u00e9lo. Lucie Nuss pr\u00e9sentera son traditionnel tableau sur une noce villageoise alsacienne. Deux mari\u00e9s en costume de mariage pr\u00e9c\u00e9deront un cort\u00e8ge de 70 b\u00e9n\u00e9voles costum\u00e9s et un char confectionn\u00e9 par son \u00e9poux Robert, mettant en sc\u00e8ne la dot de la mari\u00e9e. Ce dernier pr\u00e9sentera \u00e9galement trois machines agricoles anciennes\u00a0: une faucheuse, une vanneuse et un r\u00e2teau de ramassage.<\/p>\n<p>  La choucroute cuisin\u00e9e \u00e0 toutes les sauces<\/p>\n<p>Sur le parcours, les chars et les participants passeront devant les stands du vide-greniers, install\u00e9s dans quatre rues au c\u0153ur du village (de 6\u00a0h \u00e0 18\u00a0h), ceux du march\u00e9 du terroir sur la place de l\u2019\u00c9glise et la rue du Maire-Fran\u00e7ois-Nuss, ainsi que du march\u00e9 de l\u2019artisanat, rue du G\u00e9n\u00e9ral-de-Gaulle (de 10\u00a0h \u00e0 18\u00a0h). Sur ce parcours, une exposition d\u2019autobus anciens sera visible place Schweitzer et des animations foraines amuseront les plus jeunes. L\u2019ensemble musical Chez L\u2019Fred et le groupe pop La Mini-fanfare des Balcons se succ\u00e9deront sur le podium (de 11\u00a0h \u00e0 15\u00a0h) pour animer les rues.<\/p>\n<p>Ce contenu est bloqu\u00e9 car vous n&rsquo;avez pas accept\u00e9 les cookies et autres traceurs.<\/p>\n<p>En cliquant sur \u00ab J\u2019accepte \u00bb, les cookies et autres traceurs seront d\u00e9pos\u00e9s et vous pourrez visualiser les contenus  (<a href=\"\" class=\"consentModule_policy\" target=\"_blank\" title=\"Consulter la politique de protection des donn\u00e9es du fournisseur\">plus d&rsquo;informations<\/a>).<\/p>\n<p>En cliquant sur \u00ab J\u2019accepte tous les cookies \u00bb, vous autorisez des d\u00e9p\u00f4ts de cookies et autres traceurs pour le stockage de vos donn\u00e9es sur nos sites et applications \u00e0 des fins de personnalisation et de ciblage publicitaire.<\/p>\n<p class=\"consentModule_secondaryText\">Vous gardez la possibilit\u00e9 de retirer votre consentement \u00e0 tout moment en consultant notre <a href=\"https:\/\/www.dna.fr\/protection-des-donnees\" target=\"_blank\" title=\"Consulter notre politique de protection des donn\u00e9es\" rel=\"nofollow noopener\">politique de protection des donn\u00e9es<\/a>. <br \/>&#13;<br \/>\n            <a href=\"https:\/\/www.dna.fr\/culture-loisirs\/2025\/07\/21\/javascript:Didomi.notice.show()\" class=\"consentModule_cmp\" rel=\"nofollow noopener\" target=\"_blank\">G\u00e9rer mes choix<\/a>&#13;\n        <\/p>\n<p>&#13;<br \/>\n                        J&rsquo;accepte&#13;<br \/>\n            J&rsquo;accepte tous les cookies&#13;\n        <\/p>\n<p>Que les amateurs de choucroute se rassurent\u00a0: le met star du jour, cuisin\u00e9 par le chef Matthieu et son \u00e9quipe avec des produits du coin, sera disponible dans l\u2019assiette d\u00e8s midi, dans deux points de restauration \u2013 places du Moulin et de l\u2019Ancienne-Laiterie \u2013 et \u00e0 l\u2019Espace Malraux (sur r\u00e9servation). Le soir, \u00e0 partir de 18\u00a0h\u00a030, on remettra le couvert \u00e0 l\u2019Espace Malraux. Un stand de burgers \u00e0 la choucroute ravira les papilles au croisement des rues du G\u00e9n\u00e9ral-de-Gaulle et de la R\u00e9publique. La musique municipale de Geispolsheim assurera l\u2019animation \u00e0 midi, l\u2019harmonie et le groupe folklorique de Blaesheim en soir\u00e9e.<\/p>\n<p class=\"note\">Possibilit\u00e9 de r\u00e9server une assiette froide ou de choucroute garnie \u00e0 l\u2019Espace Malraux les dimanches 3, 10, 17 et 24\u00a0ao\u00fbt de 10\u00a0h \u00e0 12\u00a0h, du lundi\u00a025 au vendredi 29\u00a0ao\u00fbt de 19\u00a0h \u00e0 21\u00a0h, et dimanche 31\u00a0ao\u00fbt \u00e0 partir de 10\u00a0h. Informations\u00a0: 06\u00a014\u00a043\u00a072\u00a005 et festigeis@gmail.com<\/p>\n","protected":false},"excerpt":{"rendered":"Toute l\u2019\u00e9quipe de l\u2019association Festi\u2019Geis , organisatrice de la f\u00eate avec la commune, travaille \u00e0 terminer les derniers&hellip;\n","protected":false},"author":2,"featured_media":263647,"comment_status":"","ping_status":"","sticky":false,"template":"","format":"standard","meta":{"footnotes":""},"categories":[2820],"tags":[1111,11,1687,2880,1777,674,3326,107,1011,27,4076,775,12,25,640,3089],"class_list":{"0":"post-263646","1":"post","2":"type-post","3":"status-publish","4":"format-standard","5":"has-post-thumbnail","7":"category-strasbourg","8":"tag-actu","9":"tag-actualites","10":"tag-culture-loisirs","11":"tag-edition-strasbourg","12":"tag-eu","13":"tag-europe","14":"tag-fete-locale","15":"tag-fil-info","16":"tag-fr","17":"tag-france","18":"tag-geispolsheim","19":"tag-grand-est","20":"tag-news","21":"tag-republique-francaise","22":"tag-strasbourg","23":"tag-strasbourg-sud"},"share_on_mastodon":{"url":"https:\/\/pubeurope.com\/@fr\/114891950833861240","error":""},"_links":{"self":[{"href":"https:\/\/www.europesays.com\/fr\/wp-json\/wp\/v2\/posts\/263646","targetHints":{"allow":["GET"]}}],"collection":[{"href":"https:\/\/www.europesays.com\/fr\/wp-json\/wp\/v2\/posts"}],"about":[{"href":"https:\/\/www.europesays.com\/fr\/wp-json\/wp\/v2\/types\/post"}],"author":[{"embeddable":true,"href":"https:\/\/www.europesays.com\/fr\/wp-json\/wp\/v2\/users\/2"}],"replies":[{"embeddable":true,"href":"https:\/\/www.europesays.com\/fr\/wp-json\/wp\/v2\/comments?post=263646"}],"version-history":[{"count":0,"href":"https:\/\/www.europesays.com\/fr\/wp-json\/wp\/v2\/posts\/263646\/revisions"}],"wp:featuredmedia":[{"embeddable":true,"href":"https:\/\/www.europesays.com\/fr\/wp-json\/wp\/v2\/media\/263647"}],"wp:attachment":[{"href":"https:\/\/www.europesays.com\/fr\/wp-json\/wp\/v2\/media?parent=263646"}],"wp:term":[{"taxonomy":"category","embeddable":true,"href":"https:\/\/www.europesays.com\/fr\/wp-json\/wp\/v2\/categories?post=263646"},{"taxonomy":"post_tag","embeddable":true,"href":"https:\/\/www.europesays.com\/fr\/wp-json\/wp\/v2\/tags?post=263646"}],"curies":[{"name":"wp","href":"https:\/\/api.w.org\/{rel}","templated":true}]}}