{"id":263656,"date":"2025-07-21T15:37:13","date_gmt":"2025-07-21T15:37:13","guid":{"rendered":"https:\/\/www.europesays.com\/fr\/263656\/"},"modified":"2025-07-21T15:37:13","modified_gmt":"2025-07-21T15:37:13","slug":"a-nantes-la-maire-socialiste-se-prononce-contre-le-futur-cra-mais-a-titre-personnel","status":"publish","type":"post","link":"https:\/\/www.europesays.com\/fr\/263656\/","title":{"rendered":"\u00e0 Nantes, la maire socialiste se prononce contre le futur CRA&#8230; mais \u00e0 titre personnel"},"content":{"rendered":"<p>Dans un \u00e9tonnant num\u00e9ro d\u2019\u00e9quilibrisme politique, Johanna Rolland a fait savoir, dans un communiqu\u00e9 publi\u00e9 en son nom propre, son \u00abopposition de principe\u00bb aux centres de r\u00e9tention administrative, \u00abprisons du d\u00e9sespoir o\u00f9 la dignit\u00e9 humaine est pi\u00e9tin\u00e9e\u00bb.<\/p>\n<p class=\"fig-paragraph\">Sabre au clair, mais avec une lame \u00e9mouss\u00e9e. Press\u00e9e par sa gauche de clarifier sa position sur l\u2019installation prochaine,\u00a0<a href=\"https:\/\/www.lefigaro.fr\/nantes\" target=\"_blank\" data-fig-type=\"Section\" rel=\"noopener nofollow\" data-gtm-custom-categorie=\"navigation\" data-gtm-custom-action=\"crossclick\" data-gtm-custom-label=\"Contextuel\" data-gtm-event=\"customEventSPE\" data-fig-domain=\"LEFIGARO\">\u00e0 Nantes<\/a>, d\u2019un\u00a0<a href=\"http:\/\/www.lefigaro.fr\/nantes\/cela-va-nous-changer-la-vie-a-nantes-les-espoirs-des-policiers-vis-a-vis-du-futur-cra-20241017\" target=\"_blank\" data-fig-type=\"NewsFlash\" rel=\"noopener nofollow\" data-gtm-custom-categorie=\"navigation\" data-gtm-custom-action=\"crossclick\" data-gtm-custom-label=\"Contextuel\" data-gtm-event=\"customEventSPE\" data-fig-domain=\"LEFIGARO\">centre de r\u00e9tention administrative (CRA)<\/a>, la maire socialiste de la cit\u00e9 des ducs,\u00a0<a href=\"http:\/\/www.lefigaro.fr\/vox\/societe\/explosion-de-l-insecurite-ecologie-punitive-johanna-rolland-est-a-nantes-ce-qu-anne-hidalgo-est-a-paris-20240327\" target=\"_blank\" data-fig-type=\"Article\" rel=\"noopener nofollow\" data-gtm-custom-categorie=\"navigation\" data-gtm-custom-action=\"crossclick\" data-gtm-custom-label=\"Contextuel\" data-gtm-event=\"customEventSPE\" data-fig-domain=\"LEFIGARO\">Johanna Rolland<\/a>, s\u2019est prononc\u00e9e &#8211; apr\u00e8s trois ann\u00e9es de statu quo &#8211; contre ce dossier devenu un point de crispation entre les forces de gauche. \u00abAu vu des conditions de d\u00e9tention, je dis ici mon opposition de principe, dans le pays, aux CRA\u00bb, a annonc\u00e9 l\u2019\u00e9dile, le 10 juillet, dans un communiqu\u00e9 diffus\u00e9 en son nom propre. Une position qu\u2019elle assume \u00abcomme responsable politique de gauche, comme femme\u00bb et \u00abcomme citoyenne\u00bb &#8211; mais qui est aussi une mani\u00e8re de claironner, tout en s\u2019avouant pieds et poings li\u00e9s. Car, pr\u00e9cise-t-elle\u00a0: \u00abComme maire, je n\u2019ai pas de levier juridique pour m\u2019y opposer\u00bb.<\/p>\n<p class=\"fig-paragraph\">Par ces explications, Johanna Rolland laisse entendre que l\u2019annonce de l\u2019installation du CRA, pr\u00e9sent\u00e9e en octobre 2022 par\u00a0<a href=\"https:\/\/www.interieur.gouv.fr\/archives\/actualites\/communiques-de-presse\/reunion-entre-maire-de-nantes-et-ministre-de-linterieur-et-des\" target=\"_blank\" rel=\"sponsored noopener nofollow\" data-gtm-custom-categorie=\"navigation\" data-gtm-custom-action=\"crossclick\" data-gtm-custom-label=\"Contextuel\" data-gtm-event=\"customEventSPE\">un communiqu\u00e9 commun de la ville de Nantes et du minist\u00e8re de l\u2019Int\u00e9rieur<\/a>, se serait faite au d\u00e9triment de ses convictions. La mise en chantier \u00e9tait mentionn\u00e9e \u00e0 la fin d\u2019une s\u00e9rie de mesures prises \u00abpour la s\u00e9curit\u00e9 des Nantaises et des Nantais\u00bb, dont des renforts de CRS. L\u2019ensemble avait \u00e9t\u00e9 pr\u00e9sent\u00e9, main dans la main, apr\u00e8s la rencontre entre l\u2019\u00e9dile et le ministre de l\u2019Int\u00e9rieur de l\u2019\u00e9poque,\u00a0<a href=\"http:\/\/www.lefigaro.fr\/actualite-france\/gerald-darmanin-obtient-une-legere-baisse-de-la-population-carcerale-20250717\" target=\"_blank\" data-fig-type=\"NewsFlash\" rel=\"noopener nofollow\" data-gtm-custom-categorie=\"navigation\" data-gtm-custom-action=\"crossclick\" data-gtm-custom-label=\"Contextuel\" data-gtm-event=\"customEventSPE\" data-fig-domain=\"LEFIGARO\">G\u00e9rald Darmanin<\/a>. Depuis, alors que la gauche radicale nantaise s\u2019indignait\u00a0<a href=\"http:\/\/www.lefigaro.fr\/nantes\/creation-d-un-centre-de-retention-administrative-a-nantes-l-ambiguite-de-la-maire-critiquee-20240413\" target=\"_blank\" data-fig-type=\"NewsFlash\" rel=\"noopener nofollow\" data-gtm-custom-categorie=\"navigation\" data-gtm-custom-action=\"crossclick\" data-gtm-custom-label=\"Contextuel\" data-gtm-event=\"customEventSPE\" data-fig-domain=\"LEFIGARO\">en tribune et dans la rue<\/a>\u00a0du chantier \u00e0 venir, l\u2019\u00e9dile se contentait de faire profil bas au sujet de ce CRA,\u00a0<a href=\"http:\/\/www.lefigaro.fr\/nantes\/a-nantes-la-creation-du-cra-embarrasse-les-socialistes-20240603\" target=\"_blank\" data-fig-type=\"NewsFlash\" rel=\"noopener nofollow\" data-gtm-custom-categorie=\"navigation\" data-gtm-custom-action=\"crossclick\" data-gtm-custom-label=\"Contextuel\" data-gtm-event=\"customEventSPE\" data-fig-domain=\"LEFIGARO\">source de divergences parmi les barons socialistes locaux<\/a>.<\/p>\n<p>                                    <a class=\"fig-a11y-skip a11y-hidden\" href=\"#fig-a11y-skip-main-inarticle\"><br \/>\n        Passer la publicit\u00e9<br \/>\n    <\/a><\/p>\n<p>Une parole sans action<\/p>\n<p class=\"fig-paragraph\">Mais c\u2019\u00e9tait sans compter sur\u00a0<a href=\"http:\/\/www.lefigaro.fr\/nantes\/municipales-a-nantes-les-ecologistes-veulent-unir-les-gauches-contre-le-camp-reactionnaire-20250520\" target=\"_blank\" data-fig-type=\"NewsFlash\" rel=\"noopener nofollow\" data-gtm-custom-categorie=\"navigation\" data-gtm-custom-action=\"crossclick\" data-gtm-custom-label=\"Contextuel\" data-gtm-event=\"customEventSPE\" data-fig-domain=\"LEFIGARO\">l\u2019ambition partag\u00e9e, \u00e0 gauche, de former une liste commune<\/a>\u00a0pour le premier tour des \u00e9lections municipales, en mars 2026. Les param\u00e8tres de cette hypoth\u00e9tique alliance sont en cours de n\u00e9gociation. D\u00e9lest\u00e9e de sa cocarde d\u2019\u00e9lue, la maire de Nantes peut distribuer en toute libert\u00e9 des gages id\u00e9ologiques \u00e0 ses partenaires. Co\u00efncidant avec\u00a0<a href=\"http:\/\/www.lefigaro.fr\/politique\/la-loi-sur-l-allongement-de-la-retention-d-etrangers-juges-dangereux-enterinee-par-le-parlement-20250709\" target=\"_blank\" data-fig-type=\"NewsFlash\" rel=\"noopener nofollow\" data-gtm-custom-categorie=\"navigation\" data-gtm-custom-action=\"crossclick\" data-gtm-custom-label=\"Contextuel\" data-gtm-event=\"customEventSPE\" data-fig-domain=\"LEFIGARO\">l\u2019adoption, le 9 juillet, de l\u2019\u00e9largissement de la dur\u00e9e de maintien en r\u00e9tention<\/a>\u00a0administrative d\u2019\u00e9trangers en instance d\u2019expulsion, sa prise de position contre les CRA &#8211; assimil\u00e9s \u00e0 \u00abdes prisons du d\u00e9sespoir o\u00f9 la dignit\u00e9 humaine est pi\u00e9tin\u00e9e\u00bb &#8211; a ainsi donn\u00e9 satisfaction \u00e0 des \u00e9cologistes nantais, heureux de voir Johanna Rolland montre patte blanche &#8211; ne serait-ce qu\u2019\u00e0 titre personnel.<\/p>\n<p class=\"fig-paragraph\"><a href=\"http:\/\/www.lefigaro.fr\/nantes\/harcelement-racisme-couverture-d-un-viol-a-nantes-de-graves-accusations-secouent-la-france-insoumise-20250715\" target=\"_blank\" data-fig-type=\"NewsFlash\" rel=\"noopener nofollow\" data-gtm-custom-categorie=\"navigation\" data-gtm-custom-action=\"crossclick\" data-gtm-custom-label=\"Contextuel\" data-gtm-event=\"customEventSPE\" data-fig-domain=\"LEFIGARO\">Bien qu\u2019englu\u00e9 dans une crise interne depuis quelques semaines<\/a>, le mouvement insoumis nantais prend \u00e9galement acte de la d\u00e9claration du 10 juillet. Le num\u00e9ro d\u2019\u00e9quilibriste de Johanna Rolland est cependant plus fra\u00eechement accueilli par William Aucant, co-chef de file de La France insoumise dans la cit\u00e9 des ducs, partisan d\u2019une ligne claire et sans ambigu\u00eft\u00e9. Et de l\u2019action jointe \u00e0 la parole. \u00abLa candidate s\u2019exprime\u2026 mais la maire reste silencieuse. Et sur un sujet aussi grave que l\u2019enfermement administratif, c\u2019est bien la parole de la fonction de maire, la responsabilit\u00e9 politique, qui est attendue. Celle qui engage une ville face aux politiques d\u2019\u00c9tat discriminatoires. Celle de Nantes qui refuse, haut et fort, ces lieux d\u2019enfermement, d\u2019opacit\u00e9 et d\u2019indignit\u00e9. Alors, apr\u00e8s ce communiqu\u00e9, en plein \u00e9t\u00e9\u2026 la maire de Nantes va-t-elle interpeller publiquement l\u2019\u00c9tat ou\u00a0<a href=\"http:\/\/www.lefigaro.fr\/politique\/en-2027-je-ferai-tout-pour-faire-gagner-la-droite-budget-immigration-sansal-algerie-le-grand-entretien-de-bruno-retailleau-au-figaro-20250718\" target=\"_blank\" data-fig-type=\"Article\" rel=\"noopener nofollow\" data-gtm-custom-categorie=\"navigation\" data-gtm-custom-action=\"crossclick\" data-gtm-custom-label=\"Contextuel\" data-gtm-event=\"customEventSPE\" data-fig-domain=\"LEFIGARO\">Bruno Retailleau<\/a> \u00a0?\u00bb.<\/p>\n<p>\u00abLa s\u00e9curit\u00e9 ne se n\u00e9gocie pas\u00bb<\/p>\n<p class=\"fig-paragraph\">Face \u00e0 l\u2019opportunisme patent d\u2019une d\u00e9claration d\u00e9gain\u00e9e \u00e0 huit mois des \u00e9lections, les r\u00e9actions de la droite nantaise ne se sont pas non plus fait attendre. \u00abLa candidate dit le contraire de la Maire. Madame Rolland est pr\u00eate \u00e0 tout pour un accord. La s\u00e9curit\u00e9 ne se n\u00e9gocie pas\u00a0!\u00bb, a r\u00e9agi Julien Bainvel,\u00a0<a href=\"http:\/\/www.lefigaro.fr\/elections\/municipales\/j-espere-que-les-lr-vont-pouvoir-trancher-rapidement-a-nantes-deux-candidats-de-droite-toujours-en-lice-pour-les-municipales-20250710\" target=\"_blank\" data-fig-type=\"NewsFlash\" rel=\"noopener nofollow\" data-gtm-custom-categorie=\"navigation\" data-gtm-custom-action=\"crossclick\" data-gtm-custom-label=\"Contextuel\" data-gtm-event=\"customEventSPE\" data-fig-domain=\"LEFIGARO\">l\u2019un des deux candidats d\u00e9clar\u00e9s de la droite \u00e0 Nantes<\/a>. \u00abApr\u00e8s trois ans d\u2019un silence coupable sur ce sujet, la maire de Nantes c\u00e8de aux \u00e9colos et \u00e0 LFI, histoire de sceller l\u2019alliance mortif\u00e8re pour 2026\u00bb, regrette \u00e9galement Foulques Chombart de Lauwe, le second candidat conservateur qui accuse l\u2019int\u00e9ress\u00e9e de \u00abrenier sa parole de maire\u00bb.<\/p>\n<p class=\"fig-body-link\">\n            \u00c0 lire aussi<br \/>\n        <a class=\"fig-body-link__link\" href=\"http:\/\/www.lefigaro.fr\/nantes\/pres-de-nantes-un-narcotrafiquant-gerait-son-affaire-depuis-le-parvis-d-une-eglise-20250718\" target=\"_blank\" data-fig-type=\"NewsFlash\" rel=\"noopener nofollow\" data-gtm-custom-categorie=\"navigation\" data-gtm-custom-action=\"crossclick\" data-gtm-custom-label=\"Contextuel\" data-gtm-event=\"customEventSPE\" data-fig-domain=\"LEFIGARO\">Pr\u00e8s de Nantes, un narcotrafiquant g\u00e9rait son affaire depuis le parvis d\u2019une \u00e9glise<br \/>\n    <\/a>\n<\/p>\n<p class=\"fig-paragraph\">\u00c0 Paris, la place Beauvau laisse couler. Le communiqu\u00e9 personnel de Johanna Rolland n\u2019est pas jug\u00e9 de nature \u00e0 remettre en cause les engagements de la mairie de Nantes. \u00abElle met ce sujet dans l\u2019atmosph\u00e8re pour faire de la politique\u00bb, glisse l\u2019entourage du ministre de l\u2019Int\u00e9rieur, Bruno Retailleau. Soit une mani\u00e8re pour Johanna Rolland de s\u2019attirer les bonnes gr\u00e2ces des opposants au CRA sans faillir \u00e0 la \u00abcoop\u00e9ration efficace\u00bb \u00e9tablie avec Beauvau en 2022, \u00e0 l\u2019\u00e9poque o\u00f9 l\u2019\u00e9lue paraphait un communiqu\u00e9 dont les premiers mots s\u2019ouvraient sur \u00abla gravit\u00e9 de la situation de l\u2019ins\u00e9curit\u00e9 \u00e0 Nantes\u00bb.<\/p>\n<p class=\"fig-paragraph\">Le chantier du CRA nantais devrait commencer courant 2026, pour une livraison vers la fin 2027. Dot\u00e9 de 140 places, il sera l\u2019une des plus importantes structures du genre en France. Institu\u00e9s \u00e0 la fin des ann\u00e9es 1970, les CRA permettent l\u2019enfermement des \u00e9trangers faisant l\u2019objet d\u2019une d\u00e9cision d\u2019\u00e9loignement, dans l\u2019attente de leur renvoi forc\u00e9. Plus de 74% des personnes en s\u00e9jour en CRA sont sous le coup d\u2019une\u00a0<a href=\"http:\/\/www.lefigaro.fr\/vox\/politique\/en-matiere-d-oqtf-l-etat-doit-concentrer-ses-efforts-sur-les-individus-les-plus-dangereux-pour-les-francais-20250709\" target=\"_blank\" data-fig-type=\"Article\" rel=\"noopener nofollow\" data-gtm-custom-categorie=\"navigation\" data-gtm-custom-action=\"crossclick\" data-gtm-custom-label=\"Contextuel\" data-gtm-event=\"customEventSPE\" data-fig-domain=\"LEFIGARO\">obligation de quitter le territoire fran\u00e7ais (OQTF)<\/a>, indiquait\u00a0<a href=\"https:\/\/www.lacimade.org\/wp-content\/uploads\/2024\/05\/Rapport-retention-annee-2023.pdf\" target=\"_blank\" rel=\"noopener nofollow\" data-gtm-custom-categorie=\"navigation\" data-gtm-custom-action=\"crossclick\" data-gtm-custom-label=\"Contextuel\" data-gtm-event=\"customEventSPE\">le rapport 2023 de la Cimade<\/a>\u00a0sur ce type d\u2019\u00e9tablissement. La m\u00eame ann\u00e9e, la contr\u00f4leuse g\u00e9n\u00e9rale des lieux de privation de libert\u00e9 critiquait,\u00a0<a href=\"https:\/\/www.cglpl.fr\/publications\/recommandations-relatives-aux-centres-de-retention-administrative-de-lyon-2-rhone-du-mesnil-amelot-seine-et-marne-de-metz-moselle-et-de-sete-herault\" target=\"_blank\" rel=\"noopener nofollow\" data-gtm-custom-categorie=\"navigation\" data-gtm-custom-action=\"crossclick\" data-gtm-custom-label=\"Contextuel\" data-gtm-event=\"customEventSPE\">dans un rapport transmis au gouvernement<\/a>, les conditions de vie indignes des personnes retenues au sein d\u2019une partie de ces centres.<\/p>\n","protected":false},"excerpt":{"rendered":"Dans un \u00e9tonnant num\u00e9ro d\u2019\u00e9quilibrisme politique, Johanna Rolland a fait savoir, dans un communiqu\u00e9 publi\u00e9 en son nom&hellip;\n","protected":false},"author":2,"featured_media":263657,"comment_status":"","ping_status":"","sticky":false,"template":"","format":"standard","meta":{"footnotes":""},"categories":[2818],"tags":[1111,11,1777,674,5341,1011,27,6945,766,12,2636,316,25],"class_list":{"0":"post-263656","1":"post","2":"type-post","3":"status-publish","4":"format-standard","5":"has-post-thumbnail","7":"category-nantes","8":"tag-actu","9":"tag-actualites","10":"tag-eu","11":"tag-europe","12":"tag-expulsions","13":"tag-fr","14":"tag-france","15":"tag-johanna-rolland","16":"tag-nantes","17":"tag-news","18":"tag-pays-de-la-loire","19":"tag-politique","20":"tag-republique-francaise"},"share_on_mastodon":{"url":"https:\/\/pubeurope.com\/@fr\/114891970581863194","error":""},"_links":{"self":[{"href":"https:\/\/www.europesays.com\/fr\/wp-json\/wp\/v2\/posts\/263656","targetHints":{"allow":["GET"]}}],"collection":[{"href":"https:\/\/www.europesays.com\/fr\/wp-json\/wp\/v2\/posts"}],"about":[{"href":"https:\/\/www.europesays.com\/fr\/wp-json\/wp\/v2\/types\/post"}],"author":[{"embeddable":true,"href":"https:\/\/www.europesays.com\/fr\/wp-json\/wp\/v2\/users\/2"}],"replies":[{"embeddable":true,"href":"https:\/\/www.europesays.com\/fr\/wp-json\/wp\/v2\/comments?post=263656"}],"version-history":[{"count":0,"href":"https:\/\/www.europesays.com\/fr\/wp-json\/wp\/v2\/posts\/263656\/revisions"}],"wp:featuredmedia":[{"embeddable":true,"href":"https:\/\/www.europesays.com\/fr\/wp-json\/wp\/v2\/media\/263657"}],"wp:attachment":[{"href":"https:\/\/www.europesays.com\/fr\/wp-json\/wp\/v2\/media?parent=263656"}],"wp:term":[{"taxonomy":"category","embeddable":true,"href":"https:\/\/www.europesays.com\/fr\/wp-json\/wp\/v2\/categories?post=263656"},{"taxonomy":"post_tag","embeddable":true,"href":"https:\/\/www.europesays.com\/fr\/wp-json\/wp\/v2\/tags?post=263656"}],"curies":[{"name":"wp","href":"https:\/\/api.w.org\/{rel}","templated":true}]}}