{"id":263658,"date":"2025-07-21T15:38:10","date_gmt":"2025-07-21T15:38:10","guid":{"rendered":"https:\/\/www.europesays.com\/fr\/263658\/"},"modified":"2025-07-21T15:38:10","modified_gmt":"2025-07-21T15:38:10","slug":"ce-nouveau-velo-fait-son-apparition-a-bordeaux-cest-quoi-le-mobilo-lance-par-tbm","status":"publish","type":"post","link":"https:\/\/www.europesays.com\/fr\/263658\/","title":{"rendered":"Ce nouveau v\u00e9lo fait son apparition \u00e0 Bordeaux, c&rsquo;est quoi le \u00ab\u00a0Mobilo\u00a0\u00bb lanc\u00e9 par TBM\u00a0?"},"content":{"rendered":"<p>            Par<br \/>\n        <strong><br \/>\n            <a href=\"https:\/\/actu.fr\/auteur\/redaction-bordeaux\" title=\"Consulter tous les articles de R\u00e9daction Bordeaux\" rel=\"nofollow noopener\" target=\"_blank\">R\u00e9daction Bordeaux<\/a><br \/>\n        <\/strong><\/p>\n<p>        Publi\u00e9 le<\/p>\n<p>            21 juil. 2025 \u00e0 17h10        <\/p>\n<p>C\u2019est un nouveau v\u00e9lo dans le paysage de la <a href=\"https:\/\/actu.fr\/bordeaux\/\" rel=\"nofollow noopener\" target=\"_blank\">m\u00e9tropole de Bordeaux.<\/a> Le \u00ab\u2009Mobilo\u2009\u00bb a \u00e9t\u00e9 lanc\u00e9 par le <a href=\"https:\/\/actu.fr\/tag\/tbm\" rel=\"nofollow noopener\" target=\"_blank\">r\u00e9seau TBM<\/a> mi-juillet 2025 : il est disponible en pr\u00eat avec deux mois de gratuit\u00e9. On fait le point sur cette solution inclusive pour les <strong>d\u00e9placements quotidiens.<\/strong><\/p>\n<p class=\" wall-content\">Ce v\u00e9lo-cargo \u00e9lectrique a \u00e9t\u00e9 d\u00e9velopp\u00e9 par APF Entreprise, filiale d\u2019APF France Handicap. Le v\u00e9hicule est destin\u00e9 aux <strong>personnes en fauteuil roulant,<\/strong> pour leur permettre \u00ab\u2009de se d\u00e9placer de mani\u00e8re autonome et s\u00e9curis\u00e9e\u2009\u00bb, d\u00e9taille TBM.<\/p>\n<p>Une grande autonomie<\/p>\n<p class=\" wall-content\">Le v\u00e9hicule est \u00ab\u2009con\u00e7u pour une utilisation sur routes goudronn\u00e9es et chemins stabilis\u00e9s\u2009\u00bb, et d\u00e9conseill\u00e9 sur les terrains \u00e9troits et accident\u00e9s. Il peut aller <strong>jusqu\u2019\u00e0 25 kilom\u00e8tres par heure,<\/strong> supporter 180 kilos et a une autonomie d\u2019environ 80 kilom\u00e8tres sur piste cyclable.<\/p>\n<p class=\" wall-content\">Il fonctionne avec un maindalier, c\u2019est \u00ab\u2009comme un p\u00e9dalier avec\u00a0<strong>assistance \u00e9lectrique classique<\/strong>\u00a0sauf que son ergonomie est adapt\u00e9e \u00e0 un usage avec les bras et les mains qui propulsent et dirigent en m\u00eame temps\u2009\u00bb, explique TBM.\u00a0Il est \u00e9galement \u00e9quip\u00e9 de \u00ab\u2009tous les \u00e9l\u00e9ments de s\u00e9curit\u00e9 n\u00e9cessaires\u2009\u00bb\u2009: clignotants, r\u00e9troviseur, \u00e9clairage automatique\u2026<\/p>\n<p class=\" wall-content\">Le Mobilo peut \u00eatre <strong>conduit de deux mani\u00e8res<\/strong>\u2009: soit par une personne en <a href=\"https:\/\/actu.fr\/tag\/handicap\" rel=\"nofollow noopener\" target=\"_blank\">fauteuil roulant (manuel ou \u00e9lectrique),<\/a> soit par une personne valide. Dans le premier cas, la personne doit \u00eatre capable d\u2019utiliser ses bras, avant-bras et mains.<\/p>\n<p>Vid\u00e9os : en ce moment sur Actu<\/p>\n<p class=\" wall-content\">Dans le second cas, une <strong>banquette additionnelle<\/strong> permet au Mobilo de transporter un adulte ou deux enfants \u00e2g\u00e9s de 6 \u00e0 13\u00a0ans. Ils doivent pouvoir maintenir une posture assise droite sans dossier.<\/p>\n<p>Comment le r\u00e9server\u2009?<\/p>\n<p class=\" wall-content\">Depuis son lancement <a href=\"https:\/\/actu.fr\/tag\/tbm\" rel=\"nofollow noopener\" target=\"_blank\">par TBM<\/a> le vendredi 11\u00a0juillet, la r\u00e9servation se fait dans un premier temps <a href=\"http:\/\/actu.fr\/cdn-cgi\/l\/email-protection#066a6370636a6976677472646b286a67646973726f777363466f68606972646b2865696b\" rel=\"nofollow noopener\" target=\"_blank\">par mail.<\/a> L\u2019offre devrait <strong>bient\u00f4t \u00eatre visible<\/strong> sur les supports num\u00e9riques.<\/p>\n<p class=\" wall-content\">Le v\u00e9hicule est \u00ab\u2009disponible en pr\u00eat avec <strong>deux mois de gratuit\u00e9\u2009\u00bb,<\/strong> explique TBM. Un d\u00e9p\u00f4t de garantie sera demand\u00e9, et la souscription \u00e0 une assurance \u00ab\u2009fortement recommand\u00e9e\u2009\u00bb.<\/p>\n<p class=\" wall-content\">Le pr\u00eat se fait sur liste d\u2019attente, car un <strong>seul v\u00e9hicule est mis \u00e0 disposition<\/strong> pour le moment. Au bout d\u2019une p\u00e9riode \u00ab\u2009de six mois \u00e0 un an\u2009\u00bb, le v\u00e9hicule doit \u00eatre \u00e9valu\u00e9 pour d\u00e9terminer son utilit\u00e9 et son \u00e9volution potentielle.<\/p>\n<p class=\" wall-content\">Suivez toute l\u2019actualit\u00e9 de vos villes et m\u00e9dias favoris en vous inscrivant \u00e0 <a href=\"https:\/\/moncompte.actu.fr\" title=\"D\u00e9couvez Mon Actu\" rel=\"nofollow noopener\" data-trk=\"{&quot;cta&quot;:{&quot;action&quot;:&quot;https:\\\/\\\/moncompte.actu.fr&quot;,&quot;category&quot;:&quot;mon compte&quot;,&quot;from&quot;:&quot;article footer&quot;,&quot;name&quot;:&quot;Mon actu&quot;,&quot;type&quot;:&quot;cta&quot;}}\" target=\"_blank\">Mon Actu<\/a>.<\/p>\n","protected":false},"excerpt":{"rendered":"Par R\u00e9daction Bordeaux Publi\u00e9 le 21 juil. 2025 \u00e0 17h10 C\u2019est un nouveau v\u00e9lo dans le paysage de&hellip;\n","protected":false},"author":2,"featured_media":263659,"comment_status":"","ping_status":"","sticky":false,"template":"","format":"standard","meta":{"footnotes":""},"categories":[2817],"tags":[1111,11,1997,1777,674,1011,27,1943,12,2219,25,104,7952,208],"class_list":{"0":"post-263658","1":"post","2":"type-post","3":"status-publish","4":"format-standard","5":"has-post-thumbnail","7":"category-bordeaux","8":"tag-actu","9":"tag-actualites","10":"tag-bordeaux","11":"tag-eu","12":"tag-europe","13":"tag-fr","14":"tag-france","15":"tag-handicap","16":"tag-news","17":"tag-nouvelle-aquitaine","18":"tag-republique-francaise","19":"tag-societe","20":"tag-tbm","21":"tag-velo"},"share_on_mastodon":{"url":"https:\/\/pubeurope.com\/@fr\/114891974499608662","error":""},"_links":{"self":[{"href":"https:\/\/www.europesays.com\/fr\/wp-json\/wp\/v2\/posts\/263658","targetHints":{"allow":["GET"]}}],"collection":[{"href":"https:\/\/www.europesays.com\/fr\/wp-json\/wp\/v2\/posts"}],"about":[{"href":"https:\/\/www.europesays.com\/fr\/wp-json\/wp\/v2\/types\/post"}],"author":[{"embeddable":true,"href":"https:\/\/www.europesays.com\/fr\/wp-json\/wp\/v2\/users\/2"}],"replies":[{"embeddable":true,"href":"https:\/\/www.europesays.com\/fr\/wp-json\/wp\/v2\/comments?post=263658"}],"version-history":[{"count":0,"href":"https:\/\/www.europesays.com\/fr\/wp-json\/wp\/v2\/posts\/263658\/revisions"}],"wp:featuredmedia":[{"embeddable":true,"href":"https:\/\/www.europesays.com\/fr\/wp-json\/wp\/v2\/media\/263659"}],"wp:attachment":[{"href":"https:\/\/www.europesays.com\/fr\/wp-json\/wp\/v2\/media?parent=263658"}],"wp:term":[{"taxonomy":"category","embeddable":true,"href":"https:\/\/www.europesays.com\/fr\/wp-json\/wp\/v2\/categories?post=263658"},{"taxonomy":"post_tag","embeddable":true,"href":"https:\/\/www.europesays.com\/fr\/wp-json\/wp\/v2\/tags?post=263658"}],"curies":[{"name":"wp","href":"https:\/\/api.w.org\/{rel}","templated":true}]}}