{"id":263660,"date":"2025-07-21T15:39:11","date_gmt":"2025-07-21T15:39:11","guid":{"rendered":"https:\/\/www.europesays.com\/fr\/263660\/"},"modified":"2025-07-21T15:39:11","modified_gmt":"2025-07-21T15:39:11","slug":"a-bordeaux-lhopital-militaire-robert-picque-naccueillera-plus-de-patients-civils","status":"publish","type":"post","link":"https:\/\/www.europesays.com\/fr\/263660\/","title":{"rendered":"\u00c0 Bordeaux, l&rsquo;h\u00f4pital militaire \u00ab\u00a0Robert Picqu\u00e9\u00a0\u00bb n&rsquo;accueillera plus de patients civils"},"content":{"rendered":"<p><img fetchpriority=\"high\" decoding=\"async\" src=\"https:\/\/www.europesays.com\/fr\/wp-content\/uploads\/2025\/07\/ssa-axone-20190820.jpg\" alt=\"\" width=\"600\" height=\"432\" class=\"alignnone size-full wp-image-52723\"  \/><\/p>\n<p>D\u00e9voil\u00e9 en novembre 2013, le plan strat\u00e9gique \u00ab\u00a0SSA 2020\u00a0\u00bb [SSA 2020] visait \u00e0 mettre les moyens du Service de sant\u00e9 des arm\u00e9es en ad\u00e9quation avec les contraintes budg\u00e9taires du moment, avec la suppression de 2 000 postes [sur 16 000], tout en se recentrant sur la m\u00e9decine des forces, sa vocation premi\u00e8re. <\/p>\n<p>Pour cela, il avait pos\u00e9 cinq principes : l\u2019ouverture au service public de sant\u00e9, la recherche de coop\u00e9rations internationales, la promotion du SSA dans le champ interminist\u00e9riel, la simplification de son organisation et la \u00ab\u00a0concentration sur la mission, associ\u00e9e \u00e0 la densification des moyens, avec un recentrage des activit\u00e9s\u00a0\u00bb, orient\u00e9es prioritairement vers le soutien aux forces. <\/p>\n<p>Sur les neuf h\u00f4pitaux d\u2019instruction des arm\u00e9es ayant \u00e9chapp\u00e9 aux pr\u00e9c\u00e9dentes restructuration, celui du Val-de-Gr\u00e2ce devait fermer ses portes tandis qu\u2019il fut d\u00e9cid\u00e9 que ceux de Saint-Mand\u00e9 [B\u00e9gin], de Clamart [Percy], de Marseille [Laveran] et de Toulon [Saint-Anne] conserveraient toutes les comp\u00e9tences indispensables \u00e0 la m\u00e9decine de guerre, aux projections d\u2019unit\u00e9s sur les th\u00e9\u00e2tres ext\u00e9rieurs et aux \u00e9vacuations m\u00e9dicales strat\u00e9giques. Quant \u00e0 ceux de Brest [Clermont-Tonnerre], de Metz [Legouest], de Bordeaux [Robert Picqu\u00e9] et Lyon [Desgenettes] \u00e9taient appel\u00e9s \u00e0 se rapprocher du syst\u00e8me civil de sant\u00e9, avec une r\u00e9duction de leurs moyens \u00e0 la clef. <\/p>\n<p>Seulement, il apparut, plus tard, que les suppressions de postes pr\u00e9vues par le SSA 2020 \u00e9taient all\u00e9es beaucoup trop loin, le SSA devant faire face, apr\u00e8s 2015, \u00e0 une activit\u00e9 de plus en plus intense. Ce qui obligea le minist\u00e8re des Arm\u00e9es \u00e0 revoir sa copie. D\u2019abord en revenant sur les transformations que devait subir l\u2019h\u00f4pital Clermont-Tonnerre, la militarit\u00e9 de ce dernier ayant finalement \u00e9t\u00e9 confort\u00e9e. <\/p>\n<p>Pour autant, les d\u00e9cisions prises pour les HIA Robert Picqu\u00e9, Legouest et Desgenettes furent maintenues \u00e9tant donn\u00e9 qu\u2019ils \u00e9taient d\u00e9j\u00e0 impliqu\u00e9s dans des rapprochement avec des \u00e9tablissements civils. \u00ab\u00a0Nous allons poursuivre les transformations, en lien \u00e9troit avec les territoires de sant\u00e9, mais en restant attentifs \u00e0 ce que ces projets r\u00e9pondent \u00e0 la satisfaction du besoin des arm\u00e9es\u00a0\u00bb, avait en effet soutenu Florence Parly, alors ministre des Arm\u00e9es, en octobre 2020.<\/p>\n<p>Depuis, le plan SSA 2020 est pass\u00e9 \u00e0 la trappe. Et le nouveau plan strat\u00e9gique \u00e9labor\u00e9 en 2024 classe les h\u00f4pitaux militaires en trois cat\u00e9gories. D\u00e9sormais, le SSA disposera de quatre \u00ab\u00a0H\u00f4pitaux nationaux d\u2019instruction des arm\u00e9es\u00a0\u00bb [Percy, B\u00e9gin, Laveran, Saint-Anne], de deux \u00ab\u00a0H\u00f4pitaux r\u00e9gionaux des arm\u00e9es\u00a0\u00bb [Clermont-Tonnerre, Legouest] et de deux h\u00f4pitaux sp\u00e9cialis\u00e9s des arm\u00e9es [Desgenettes, Robert Picqu\u00e9]. <\/p>\n<p>Justement, \u00e0 Bordeaux, il \u00e9tait question de regrouper les activit\u00e9s de l\u2019h\u00f4pital Robert Picqu\u00e9 avec celles de la Maison de sant\u00e9 protestante de Bordeaux Bagatelle, qui poss\u00e8de une dizaine d\u2019\u00e9tablissements de soins en Gironde. Et cela dans le cadre du projet BAHIA [Bagatelle H\u00f4pital d\u2019Instruction des Arm\u00e9es]. Projet qui a finalement \u00e9t\u00e9 annul\u00e9 par le minist\u00e8re des Arm\u00e9es en octobre dernier, alors que sa phase 2 venait d\u2019\u00eatre lanc\u00e9e. <\/p>\n<p>Cette d\u00e9cision a \u00e9t\u00e9 motiv\u00e9e par \u00ab\u00a0l\u2019\u00e9volution du contexte g\u00e9ostrat\u00e9gique et des menaces \u00e0 laquelle la France doit faire face\u00a0\u00bb, avait alors justifi\u00e9 le minist\u00e8re des Arm\u00e9es. <\/p>\n<p>Quoi qu\u2019il en soit, sur les 20 hectares occup\u00e9s par l\u2019h\u00f4pital militaire, 14 seront c\u00e9d\u00e9s \u00e0 la \u00ab\u00a0Fabrique\u00a0\u00bb de Bordeaux M\u00e9tropole pour 10 millions d\u2019euros. Sur la surface restante, le minist\u00e8re des Arm\u00e9es entend construire 70 logements destin\u00e9s aux familles de militaires et, surtout, le futur h\u00f4pital sp\u00e9cialis\u00e9 des arm\u00e9es, lequel comptera 48 lits exclusivement r\u00e9serv\u00e9s aux militaires bless\u00e9s. En clair, il ne sera pas question d\u2019accueillir des patients civils, comme c\u2019est le cas actuellement. <\/p>\n<\/p>\n<p>\u00ab\u00a0L\u2019hypoth\u00e8se d\u2019engagement majeur des arm\u00e9es fran\u00e7aises dans un conflit de haute intensit\u00e9 n\u2019est pas une vue de l\u2019esprit. Aujourd\u2019hui, quand vous regardez ce qui se passe en Ukraine, c\u2019est plus de 1 000 morts et bless\u00e9s par jour des deux c\u00f4t\u00e9s. Et donc, si les arm\u00e9es fran\u00e7aises \u00e9taient engag\u00e9es dans le cadre d\u2019une coalition, dont elle pourrait prendre le commandement, bien \u00e9videmment, il y aurait des bless\u00e9s\u00a0\u00bb, a confi\u00e9 le g\u00e9n\u00e9ral St\u00e9phane Gro\u00ebn, officier g\u00e9n\u00e9ral de la zone de d\u00e9fense et de s\u00e9curit\u00e9 Sud-Ouest, \u00e0 France 3, le 16 juillet. <\/p>\n<p>La vocation de ce futur h\u00f4pital r\u00e9gional des arm\u00e9es, qui devrait \u00eatre op\u00e9rationnel en 2030\/31, sera d\u2019assurer la r\u00e9\u00e9ducation \u00ab\u00a0fonctionnelle\u00a0\u00bb et la \u00ab\u00a0r\u00e9adaptation physique\u00a0\u00bb des bless\u00e9s, a expliqu\u00e9 le m\u00e9decin g\u00e9n\u00e9ral Jean-Baptiste Meynard. Il aura \u00e9galement \u00e0 assurer le suivi des patients souffrant de stress post-traumatique. <\/p>\n","protected":false},"excerpt":{"rendered":"D\u00e9voil\u00e9 en novembre 2013, le plan strat\u00e9gique \u00ab\u00a0SSA 2020\u00a0\u00bb [SSA 2020] visait \u00e0 mettre les moyens du Service&hellip;\n","protected":false},"author":2,"featured_media":263661,"comment_status":"","ping_status":"","sticky":false,"template":"","format":"standard","meta":{"footnotes":""},"categories":[2817],"tags":[1111,11,40306,1997,1777,674,1011,27,40307,40308,12,2219,25,40309,40310,40311],"class_list":{"0":"post-263660","1":"post","2":"type-post","3":"status-publish","4":"format-standard","5":"has-post-thumbnail","7":"category-bordeaux","8":"tag-actu","9":"tag-actualites","10":"tag-ambition-strategique","11":"tag-bordeaux","12":"tag-eu","13":"tag-europe","14":"tag-fr","15":"tag-france","16":"tag-hopital-specialise-des-armees","17":"tag-medecine-militaire","18":"tag-news","19":"tag-nouvelle-aquitaine","20":"tag-republique-francaise","21":"tag-robert-picque","22":"tag-service-de-sante-des-armees","23":"tag-ssa-2030"},"share_on_mastodon":{"url":"https:\/\/pubeurope.com\/@fr\/114891978531954158","error":""},"_links":{"self":[{"href":"https:\/\/www.europesays.com\/fr\/wp-json\/wp\/v2\/posts\/263660","targetHints":{"allow":["GET"]}}],"collection":[{"href":"https:\/\/www.europesays.com\/fr\/wp-json\/wp\/v2\/posts"}],"about":[{"href":"https:\/\/www.europesays.com\/fr\/wp-json\/wp\/v2\/types\/post"}],"author":[{"embeddable":true,"href":"https:\/\/www.europesays.com\/fr\/wp-json\/wp\/v2\/users\/2"}],"replies":[{"embeddable":true,"href":"https:\/\/www.europesays.com\/fr\/wp-json\/wp\/v2\/comments?post=263660"}],"version-history":[{"count":0,"href":"https:\/\/www.europesays.com\/fr\/wp-json\/wp\/v2\/posts\/263660\/revisions"}],"wp:featuredmedia":[{"embeddable":true,"href":"https:\/\/www.europesays.com\/fr\/wp-json\/wp\/v2\/media\/263661"}],"wp:attachment":[{"href":"https:\/\/www.europesays.com\/fr\/wp-json\/wp\/v2\/media?parent=263660"}],"wp:term":[{"taxonomy":"category","embeddable":true,"href":"https:\/\/www.europesays.com\/fr\/wp-json\/wp\/v2\/categories?post=263660"},{"taxonomy":"post_tag","embeddable":true,"href":"https:\/\/www.europesays.com\/fr\/wp-json\/wp\/v2\/tags?post=263660"}],"curies":[{"name":"wp","href":"https:\/\/api.w.org\/{rel}","templated":true}]}}