{"id":263668,"date":"2025-07-21T15:43:14","date_gmt":"2025-07-21T15:43:14","guid":{"rendered":"https:\/\/www.europesays.com\/fr\/263668\/"},"modified":"2025-07-21T15:43:14","modified_gmt":"2025-07-21T15:43:14","slug":"lille-il-casse-la-vitre-dune-voiture-pour-voler-son-contenu-la-bac-passe-au-meme-moment","status":"publish","type":"post","link":"https:\/\/www.europesays.com\/fr\/263668\/","title":{"rendered":"Lille. Il casse la vitre d&rsquo;une voiture pour voler son contenu, la BAC passe au m\u00eame moment"},"content":{"rendered":"<p>            Par<br \/>\n        <strong><br \/>\n            <a href=\"https:\/\/actu.fr\/auteur\/margot-nicodeme\" title=\"Consulter tous les articles de Margot Nicod\u00e8me\" rel=\"nofollow noopener\" target=\"_blank\">Margot Nicod\u00e8me<\/a><br \/>\n        <\/strong><\/p>\n<p>        Publi\u00e9 le<\/p>\n<p>            21 juil. 2025 \u00e0 16h48        <\/p>\n<p>Un jeune homme de 26 ans a \u00e9t\u00e9 pris <b>en flagrant d\u00e9lit de vol roulotte<\/b>, \u00e0 <a href=\"https:\/\/actu.fr\/hauts-de-france\/lille_59350\" rel=\"nofollow noopener\" target=\"_blank\">Lille<\/a> (Nord), alors qu\u2019il venait d\u2019endommager une voiture pour y voler son contenu. Manque de chance, <a href=\"https:\/\/actu.fr\/hauts-de-france\/roncq_59508\/roncq-wesh-frere-le-chauffard-navait-pas-compris-quil-avait-affaire-a-la-bac_62551978.html\" rel=\"nofollow noopener\" target=\"_blank\">la brigade anticriminalit\u00e9<\/a>, qui patrouillait dans le secteur cette nuit du dimanche 20 juillet 2025, n\u2019a pas loup\u00e9 une miette de ses agissements.<\/p>\n<p>Il casse la vitre d\u2019une voiture \u00e0 Lille pour voler des trottinettes, la BAC passe au m\u00eame moment<\/p>\n<p class=\" wall-content\">Il est environ 1h30, dimanche, quand la BAC en circulation dans le secteur du <a href=\"https:\/\/actu.fr\/tag\/palais-des-beaux-arts\" rel=\"nofollow noopener\" target=\"_blank\">palais des Beaux-arts<\/a>, rep\u00e8re un homme suspect. <b>L\u2019individu s\u2019affaire autour d\u2019une voiture stationn\u00e9e<\/b>, rue du Maire Andr\u00e9. La custode du v\u00e9hicule, cette petite vitre triangulaire entre la base de la ceinture de s\u00e9curit\u00e9 et le coffre, a \u00e9t\u00e9 cass\u00e9e, \u00e0 l\u2019arri\u00e8re droit.\u00a0<\/p>\n<p class=\" wall-content\">Et pour cause : <b>le voleur convoitait deux trottinettes<\/b> positionn\u00e9es sur le si\u00e8ge arri\u00e8re. Il est pris sur le fait, et interpell\u00e9 par les <a href=\"https:\/\/actu.fr\/tag\/police\" rel=\"nofollow noopener\" target=\"_blank\">policiers<\/a>. Il est en possession d\u2019un brise-vitre. Il a \u00e9t\u00e9 plac\u00e9 en garde \u00e0 vue.<\/p>\n<p class=\" wall-content\">La victime, le propri\u00e9taire de la voiture \u00e0 la vitre cass\u00e9e, est \u00e2g\u00e9e de 24 ans.<\/p>\n<p class=\" wall-content\">Suivez toute l\u2019actualit\u00e9 de vos villes et m\u00e9dias favoris en vous inscrivant \u00e0 <a href=\"https:\/\/moncompte.actu.fr\" title=\"D\u00e9couvez Mon Actu\" rel=\"nofollow noopener\" data-trk=\"{&quot;cta&quot;:{&quot;action&quot;:&quot;https:\\\/\\\/moncompte.actu.fr&quot;,&quot;category&quot;:&quot;mon compte&quot;,&quot;from&quot;:&quot;article footer&quot;,&quot;name&quot;:&quot;Mon actu&quot;,&quot;type&quot;:&quot;cta&quot;}}\" target=\"_blank\">Mon Actu<\/a>.<\/p>\n","protected":false},"excerpt":{"rendered":"Par Margot Nicod\u00e8me Publi\u00e9 le 21 juil. 2025 \u00e0 16h48 Un jeune homme de 26 ans a \u00e9t\u00e9&hellip;\n","protected":false},"author":2,"featured_media":263669,"comment_status":"","ping_status":"","sticky":false,"template":"","format":"standard","meta":{"footnotes":""},"categories":[2815],"tags":[1111,11,646,1777,674,118,1011,27,811,1307,12,1072,25],"class_list":{"0":"post-263668","1":"post","2":"type-post","3":"status-publish","4":"format-standard","5":"has-post-thumbnail","7":"category-lille","8":"tag-actu","9":"tag-actualites","10":"tag-automobile","11":"tag-eu","12":"tag-europe","13":"tag-faits-divers","14":"tag-fr","15":"tag-france","16":"tag-hauts-de-france","17":"tag-lille","18":"tag-news","19":"tag-police","20":"tag-republique-francaise"},"share_on_mastodon":{"url":"https:\/\/pubeurope.com\/@fr\/114891994206895407","error":""},"_links":{"self":[{"href":"https:\/\/www.europesays.com\/fr\/wp-json\/wp\/v2\/posts\/263668","targetHints":{"allow":["GET"]}}],"collection":[{"href":"https:\/\/www.europesays.com\/fr\/wp-json\/wp\/v2\/posts"}],"about":[{"href":"https:\/\/www.europesays.com\/fr\/wp-json\/wp\/v2\/types\/post"}],"author":[{"embeddable":true,"href":"https:\/\/www.europesays.com\/fr\/wp-json\/wp\/v2\/users\/2"}],"replies":[{"embeddable":true,"href":"https:\/\/www.europesays.com\/fr\/wp-json\/wp\/v2\/comments?post=263668"}],"version-history":[{"count":0,"href":"https:\/\/www.europesays.com\/fr\/wp-json\/wp\/v2\/posts\/263668\/revisions"}],"wp:featuredmedia":[{"embeddable":true,"href":"https:\/\/www.europesays.com\/fr\/wp-json\/wp\/v2\/media\/263669"}],"wp:attachment":[{"href":"https:\/\/www.europesays.com\/fr\/wp-json\/wp\/v2\/media?parent=263668"}],"wp:term":[{"taxonomy":"category","embeddable":true,"href":"https:\/\/www.europesays.com\/fr\/wp-json\/wp\/v2\/categories?post=263668"},{"taxonomy":"post_tag","embeddable":true,"href":"https:\/\/www.europesays.com\/fr\/wp-json\/wp\/v2\/tags?post=263668"}],"curies":[{"name":"wp","href":"https:\/\/api.w.org\/{rel}","templated":true}]}}