{"id":263682,"date":"2025-07-21T15:51:12","date_gmt":"2025-07-21T15:51:12","guid":{"rendered":"https:\/\/www.europesays.com\/fr\/263682\/"},"modified":"2025-07-21T15:51:12","modified_gmt":"2025-07-21T15:51:12","slug":"interparfums-lance-solferino-paris-sa-premiere-marque-de-haute-parfumerie","status":"publish","type":"post","link":"https:\/\/www.europesays.com\/fr\/263682\/","title":{"rendered":"Interparfums lance Solf\u00e9rino Paris, sa premi\u00e8re marque de haute parfumerie"},"content":{"rendered":"<p>\n                                    <b>Publi\u00e9 le<\/b><br \/>\n                                    <\/p>\n<p>                                        21 juillet 2025<\/p>\n<p class=\"article-content col-md-8 offset-md-1\">\n                                Apr\u00e8s avoir b\u00e2ti son succ\u00e8s autour de marques comme Jimmy Choo, Montblanc ou encore Lacoste, le sp\u00e9cialiste fran\u00e7ais des parfums sous licences Interparfums lance Solf\u00e9rino Paris, sa premi\u00e8re marque en propre de haute parfumerie. Une incursion soign\u00e9e sur le segment de la parfumerie de niche alors que le march\u00e9 mondial du parfum poursuit sa mont\u00e9e en gamme.<\/p>\n<p><img decoding=\"async\" class=\"news-image\" style=\"width:100%;\" src=\"https:\/\/www.europesays.com\/fr\/wp-content\/uploads\/2025\/07\/4125.jpg\" alt=\"La collection Solf\u00e9rino Paris\" loading=\"lazy\"\/>La collection Solf\u00e9rino Paris &#8211; DR<\/p>\n<p class=\"col-md-8 offset-md-1 article-content--texte\">Inspir\u00e9 par l\u2019adresse embl\u00e9matique de son si\u00e8ge parisien, le 10 rue de Solf\u00e9rino, ancien h\u00f4tel particulier qui fut longtemps le fief du parti socialiste Fran\u00e7ais, le nom de la marque fait \u00e9cho \u00e0 l\u2019histoire de la capitale.<\/p>\n<p>Inaugur\u00e9 en 2022 comme si\u00e8ge d\u2019Interparfums, ce b\u00e2timent haussmannien devient ainsi le point d\u2019ancrage cr\u00e9atif d\u2019un projet port\u00e9 par Philippe B\u00e9nacin, PDG du groupe, qui \u00e9voquait d\u00e8s novembre 2024 sa volont\u00e9 de permettre \u00e0 chacun de \u00ab\u00a0rapporter un bout de Paris avec soi\u00a0\u00bb.<\/p>\n<p class=\"col-md-8 offset-md-1 article-content--texte\">La collection inaugurale de Solf\u00e9rino Paris se compose de dix eaux de parfum non genr\u00e9es, num\u00e9rot\u00e9es de 01 \u00e0 10, chacune inspir\u00e9e d\u2019un lieu ou d\u2019un instant parisien. Parmi elles, R\u00eaverie sur Seine 01, un n\u00e9roli bois\u00e9 sign\u00e9 Nathalie Lorson (DSM Firmenich), Un Baiser Place Vend\u00f4me 08, un santal iris\u00e9 de Shyamala Maisondieu (Givaudan), ou encore Coup de Foudre Quai Voltaire 09, une composition ambr\u00e9e-bois\u00e9e par Anne Flipo (IFF).<\/p>\n<p>D\u00e9j\u00e0 disponible depuis une semaine au Drugstore Publicis \u00e0 Paris, la collection sera progressivement d\u00e9ploy\u00e9e, avec l\u2019ouverture en septembre de la premi\u00e8re boutique en nom propre au 310 rue Saint-Honor\u00e9. Une implantation strat\u00e9gique sur une art\u00e8re qui voit fleurir de plus en plus de boutiques de parfumerie haut de gamme. Parall\u00e8lement la marque pr\u00e9voit le lancement d&rsquo;un site marchand d\u00e9di\u00e9 \u00e0 la rentr\u00e9e.\u00a0<\/p>\n<p>Positionn\u00e9e sur le segment premium, Solf\u00e9rino Paris propose deux formats : 75 ml \u00e0 160 euros et 125 ml \u00e0 260 euros. Avec cette initiative, Interparfums s\u2019aligne sur une tendance port\u00e9e par d\u2019autres grands groupes du secteur. D<a href=\"https:\/\/fr.fashionnetwork.com\/news\/Coty-choisit-paris-pour-le-lancement-de-sa-marque-propre-de-fragrances-infiniment-coty-paris,1608538.html\" target=\"_blank\" rel=\"noopener\">\u00e9but 2024, Coty a inaugur\u00e9 Infiniment Coty Paris,<\/a> sa propre maison de parfumerie de prestige, \u00e9galement dot\u00e9e d\u2019une boutique \u00e0 Paris.<a href=\"https:\/\/fr.fashionnetwork.com\/news\/Interparfums-le-chiffre-d-affaires-en-hausse-de-10-7-au-premier-trimestre,1723790.html\" target=\"_blank\" rel=\"noopener\">\u200b<\/a><\/p>\n<p><a href=\"https:\/\/fr.fashionnetwork.com\/news\/Interparfums-le-chiffre-d-affaires-en-hausse-de-10-7-au-premier-trimestre,1723790.html\" target=\"_blank\" rel=\"noopener\">Au premier trimestre 2025, Interparfums a enregistr\u00e9 un chiffre d\u2019affaires de 235,5 millions d\u2019euros<\/a>, en hausse par rapport aux 212,7 millions d\u2019euros de l\u2019ann\u00e9e pr\u00e9c\u00e9dente. Une croissance tir\u00e9e notamment par les performances de Jimmy Choo (+40%) et de Lacoste (+34%). En mars, le groupe a \u00e9galement annonc\u00e9 le rachat de la maison Goutal, fond\u00e9e en 1981 par Annick Goutal, renfor\u00e7ant encore son portefeuille dans le segment premium. Avec Solf\u00e9rino Paris, Interparfums amorce un virage vers l\u2019ultra s\u00e9lectif, tout en capitalisant sur un ancrage parisien et son expertise olfactive. Un positionnement qui pourrait s\u00e9duire les march\u00e9s internationaux, notamment la Chine.<br \/>\u00a0\n                            <\/p>\n<p>\n                                Tous droits de reproduction et de repr\u00e9sentation r\u00e9serv\u00e9s.<br \/>\u00a9 2025 FashionNetwork.com\n                            <\/p>\n","protected":false},"excerpt":{"rendered":"Publi\u00e9 le 21 juillet 2025 Apr\u00e8s avoir b\u00e2ti son succ\u00e8s autour de marques comme Jimmy Choo, Montblanc ou&hellip;\n","protected":false},"author":2,"featured_media":263683,"comment_status":"","ping_status":"","sticky":false,"template":"","format":"standard","meta":{"footnotes":""},"categories":[1888],"tags":[1111,1928,11,1927,2424,537,2423,1777,674,1011,27,2425,985,12,1926,2298,626,1925,2426,2427,25,2421,2422],"class_list":{"0":"post-263682","1":"post","2":"type-post","3":"status-publish","4":"format-standard","5":"has-post-thumbnail","7":"category-paris","8":"tag-actu","9":"tag-actu-paris","10":"tag-actualites","11":"tag-actualites-paris","12":"tag-beaute","13":"tag-contact","14":"tag-cosmetiques","15":"tag-eu","16":"tag-europe","17":"tag-fr","18":"tag-france","19":"tag-luxe","20":"tag-mode","21":"tag-news","22":"tag-news-paris","23":"tag-parfum","24":"tag-paris","25":"tag-paris-news","26":"tag-professionnel","27":"tag-professionnels","28":"tag-republique-francaise","29":"tag-reseau","30":"tag-textile"},"share_on_mastodon":{"url":"https:\/\/pubeurope.com\/@fr\/114892025743179742","error":""},"_links":{"self":[{"href":"https:\/\/www.europesays.com\/fr\/wp-json\/wp\/v2\/posts\/263682","targetHints":{"allow":["GET"]}}],"collection":[{"href":"https:\/\/www.europesays.com\/fr\/wp-json\/wp\/v2\/posts"}],"about":[{"href":"https:\/\/www.europesays.com\/fr\/wp-json\/wp\/v2\/types\/post"}],"author":[{"embeddable":true,"href":"https:\/\/www.europesays.com\/fr\/wp-json\/wp\/v2\/users\/2"}],"replies":[{"embeddable":true,"href":"https:\/\/www.europesays.com\/fr\/wp-json\/wp\/v2\/comments?post=263682"}],"version-history":[{"count":0,"href":"https:\/\/www.europesays.com\/fr\/wp-json\/wp\/v2\/posts\/263682\/revisions"}],"wp:featuredmedia":[{"embeddable":true,"href":"https:\/\/www.europesays.com\/fr\/wp-json\/wp\/v2\/media\/263683"}],"wp:attachment":[{"href":"https:\/\/www.europesays.com\/fr\/wp-json\/wp\/v2\/media?parent=263682"}],"wp:term":[{"taxonomy":"category","embeddable":true,"href":"https:\/\/www.europesays.com\/fr\/wp-json\/wp\/v2\/categories?post=263682"},{"taxonomy":"post_tag","embeddable":true,"href":"https:\/\/www.europesays.com\/fr\/wp-json\/wp\/v2\/tags?post=263682"}],"curies":[{"name":"wp","href":"https:\/\/api.w.org\/{rel}","templated":true}]}}