{"id":263684,"date":"2025-07-21T15:52:10","date_gmt":"2025-07-21T15:52:10","guid":{"rendered":"https:\/\/www.europesays.com\/fr\/263684\/"},"modified":"2025-07-21T15:52:10","modified_gmt":"2025-07-21T15:52:10","slug":"impossible-dy-vivre-dans-une-rue-du-xe-arrondissement-de-paris-les-habitants-exasperes-par-linsecurite","status":"publish","type":"post","link":"https:\/\/www.europesays.com\/fr\/263684\/","title":{"rendered":"\u00ab\u00a0Impossible d\u2019y vivre\u00a0\u00bb\u00a0: dans une rue du Xe\u00a0arrondissement de Paris, les habitants exasp\u00e9r\u00e9s par l\u2019ins\u00e9curit\u00e9"},"content":{"rendered":"<p class=\"paragraph text_align_left lp-f-body-02\">En d\u00e9ambulant dans la rue Jean-et-Marie-Moinon (<a href=\"https:\/\/www.leparisien.fr\/paris-75\/paris-75010\/\" target=\"_blank\" rel=\"noreferrer nofollow noopener\">Xe arrondissement de Paris<\/a>), en pleine journ\u00e9e, difficile d\u2019imaginer que cette \u00e9troite all\u00e9e de la capitale est en proie \u00e0 de si vives tensions. Entre les boutiques d\u2019artisans, une ou deux terrasses, et des immeubles, c\u2019est un commerce du haut de la rue qui troublerait, depuis de longs mois, la qui\u00e9tude de certains riverains. Notamment en raison des attroupements qui s\u2019y forment devant son entr\u00e9e.<\/p>\n","protected":false},"excerpt":{"rendered":"En d\u00e9ambulant dans la rue Jean-et-Marie-Moinon (Xe arrondissement de Paris), en pleine journ\u00e9e, difficile d\u2019imaginer que cette \u00e9troite&hellip;\n","protected":false},"author":2,"featured_media":263685,"comment_status":"","ping_status":"","sticky":false,"template":"","format":"standard","meta":{"footnotes":""},"categories":[1888],"tags":[11,1777,674,118,1011,27,1944,12,626,25],"class_list":{"0":"post-263684","1":"post","2":"type-post","3":"status-publish","4":"format-standard","5":"has-post-thumbnail","7":"category-paris","8":"tag-actualites","9":"tag-eu","10":"tag-europe","11":"tag-faits-divers","12":"tag-fr","13":"tag-france","14":"tag-ma-ville","15":"tag-news","16":"tag-paris","17":"tag-republique-francaise"},"share_on_mastodon":{"url":"https:\/\/pubeurope.com\/@fr\/114892029517177482","error":""},"_links":{"self":[{"href":"https:\/\/www.europesays.com\/fr\/wp-json\/wp\/v2\/posts\/263684","targetHints":{"allow":["GET"]}}],"collection":[{"href":"https:\/\/www.europesays.com\/fr\/wp-json\/wp\/v2\/posts"}],"about":[{"href":"https:\/\/www.europesays.com\/fr\/wp-json\/wp\/v2\/types\/post"}],"author":[{"embeddable":true,"href":"https:\/\/www.europesays.com\/fr\/wp-json\/wp\/v2\/users\/2"}],"replies":[{"embeddable":true,"href":"https:\/\/www.europesays.com\/fr\/wp-json\/wp\/v2\/comments?post=263684"}],"version-history":[{"count":0,"href":"https:\/\/www.europesays.com\/fr\/wp-json\/wp\/v2\/posts\/263684\/revisions"}],"wp:featuredmedia":[{"embeddable":true,"href":"https:\/\/www.europesays.com\/fr\/wp-json\/wp\/v2\/media\/263685"}],"wp:attachment":[{"href":"https:\/\/www.europesays.com\/fr\/wp-json\/wp\/v2\/media?parent=263684"}],"wp:term":[{"taxonomy":"category","embeddable":true,"href":"https:\/\/www.europesays.com\/fr\/wp-json\/wp\/v2\/categories?post=263684"},{"taxonomy":"post_tag","embeddable":true,"href":"https:\/\/www.europesays.com\/fr\/wp-json\/wp\/v2\/tags?post=263684"}],"curies":[{"name":"wp","href":"https:\/\/api.w.org\/{rel}","templated":true}]}}