{"id":263687,"date":"2025-07-21T15:54:09","date_gmt":"2025-07-21T15:54:09","guid":{"rendered":"https:\/\/www.europesays.com\/fr\/263687\/"},"modified":"2025-07-21T15:54:09","modified_gmt":"2025-07-21T15:54:09","slug":"la-russie-promet-de-reagir-au-rearmement-de-leurope","status":"publish","type":"post","link":"https:\/\/www.europesays.com\/fr\/263687\/","title":{"rendered":"la Russie promet de r\u00e9agir au r\u00e9armement de l\u2019Europe"},"content":{"rendered":"<p><a href=\"https:\/\/www.lejdd.fr\/International\/donald-trump-menace-moscou-mais-brouille-les-lignes-160306\" target=\"_blank\" rel=\"nofollow noopener\">Moscou<\/a> s\u2019offusque. Lors d\u2019un entretien sur la cha\u00eene de t\u00e9l\u00e9vision publique russe, le porte-parole du Kremlin, Dmitri Peskov, a d\u00e9nonc\u00e9 \u00ab\u00a0l\u2019euphorie militariste\u00a0\u00bb des pays europ\u00e9ens. Il s\u2019inqui\u00e8te de la dynamique de r\u00e9armement sur le continent, alors que les membres de <a href=\"https:\/\/www.lejdd.fr\/International\/quest-ce-que-lotan-4091721\" target=\"_blank\" rel=\"nofollow noopener\">l\u2019Otan<\/a>\u00a0comptent\u00a0<a href=\"https:\/\/www.lejdd.fr\/International\/sommet-de-lotan-2025-un-waterloo-diplomatique-pour-la-france-159914\" target=\"_blank\" rel=\"nofollow noopener\">allouer 5\u00a0% de leur PIB \u00e0 la d\u00e9fense<\/a>, conform\u00e9ment \u00e0 l\u2019engagement pris au sommet de l\u2019Alliance atlantique \u00e0 La\u00a0Haye, fin juin.<\/p>\n<p>    La suite apr\u00e8s cette publicit\u00e9<\/p>\n<p>Dmitri Peskov a assur\u00e9 que la Russie \u00ab\u00a0observe cela\u00a0\u00bb et \u00ab\u00a0en tient compte dans l\u2019\u00e9laboration de ses plans futurs\u00a0\u00bb. Pour la pr\u00e9sidence russe, ce mouvement s\u2019inscrit dans une logique agressive \u00e0 l&rsquo;\u00e9gard de son int\u00e9grit\u00e9 territoriale. Si tous les pays europ\u00e9ens ne sont pas \u00ab\u00a0encore gagn\u00e9s\u00a0\u00bb par cette \u00ab\u00a0euphorie militariste\u00a0\u00bb, Moscou estime que \u00ab\u00a0la tendance est dangereuse\u00a0\u00bb, a insist\u00e9 le porte-parole.<\/p>\n<p>    La suite apr\u00e8s cette publicit\u00e9<\/p>\n<p>Paris et Berlin dans le viseur<\/p>\n<p>La France et <a href=\"https:\/\/www.lejdd.fr\/International\/immigration-lallemagne-coupe-les-vivres-aux-ong-de-sauvetage-en-mer-159566\" target=\"_blank\" rel=\"nofollow noopener\">l\u2019Allemagne<\/a>, selon lui, sont particuli\u00e8rement repr\u00e9sentatives de ce mouvement europ\u00e9en. La premi\u00e8re compte faire passer son budget militaire de\u00a032,2\u00a0milliards d\u2019euros en 2017 \u00e0 pr\u00e8s de 64\u00a0milliards en 2027\u00a0; la seconde a \u00e9galement annonc\u00e9 le doublement de ses d\u00e9penses d\u2019armement. <a href=\"https:\/\/www.lejdd.fr\/international\/comment-la-pologne-souhaite-devenir-la-plus-grande-armee-deurope-144976\" target=\"_blank\" rel=\"nofollow noopener\">La Pologne ambitionne, elle aussi<\/a>, de devenir une puissance militaire r\u00e9gionale.<\/p>\n<p>    La suite apr\u00e8s cette publicit\u00e9<\/p>\n<p>    La suite apr\u00e8s cette publicit\u00e9<\/p>\n<p>Ces dynamiques ont \u00e9t\u00e9 encourag\u00e9es par le lancement de la guerre d\u2019invasion russe en Ukraine, en f\u00e9vrier\u00a02022. De plus, certains \u00c9tats europ\u00e9ens accusent Moscou d\u2019envisager d\u2019attaquer l\u2019UE et de <a href=\"https:\/\/www.lejdd.fr\/International\/quest-ce-que-la-guerre-hybride-155926\" target=\"_blank\" rel=\"nofollow noopener\">mener une guerre hybride<\/a> contre l\u2019Occident. Ainsi, <a href=\"https:\/\/www.lejdd.fr\/International\/la-russie-pourrait-lancer-une-guerre-a-grande-echelle-en-europe-dici-cinq-ans-alerte-copenhague-154960\" target=\"_blank\" rel=\"nofollow noopener\">une r\u00e9cente note des services secrets danois<\/a>\u00a0alerte sur la possibilit\u00e9 d\u2019une \u00ab\u00a0guerre \u00e0 grande \u00e9chelle\u00a0\u00bb en Europe d\u2019ici cinq ans. Le chancelier allemand Friedrich Merz a point\u00e9 du doigt la \u00ab\u00a0guerre contre l\u2019Europe, et pas seulement contre l\u2019int\u00e9grit\u00e9 territoriale de l\u2019Ukraine\u00a0\u00bb, que m\u00e8nerait Moscou, tandis qu\u2019Emmanuel Macron\u00a0<a href=\"https:\/\/www.lejdd.fr\/politique\/tout-le-monde-a-vu-quil-jouait-avec-les-peurs-le-pen-tacle-le-discours-de-macron-sur-la-russie-et-precise-la-position-du-rn-sur-lukraine-155880\" target=\"_blank\" rel=\"nofollow noopener\">a qualifi\u00e9 la Russie de \u00ab\u00a0menace\u00a0\u00bb<\/a>.<\/p>\n<p>Les nouvelles d\u00e9clarations de Dmitri Peskov s\u2019inscrivent par ailleurs dans un contexte de regain de tensions entre Moscou et Washington. <a href=\"https:\/\/www.lejdd.fr\/International\/donald-trump-menace-moscou-mais-brouille-les-lignes-160306\" target=\"_blank\" rel=\"nofollow noopener\">Donald Trump<\/a> a lanc\u00e9 \u00e0 la Russie un ultimatum de 50 jours pour mettre fin \u00e0 la guerre en <a href=\"https:\/\/www.lejdd.fr\/International\/ukraine-zelensky-remanie-son-gouvernement-pour-seduire-trump-160307\" target=\"_blank\" rel=\"nofollow noopener\">Ukraine<\/a>, sous peine de sanctions s\u00e9v\u00e8res. \u00ab\u00a0Si nous n\u2019avons pas un accord, c\u2019est tr\u00e8s simple, les droits de douane seront \u00e0 100\u00a0%\u00a0\u00bb, a pr\u00e9venu le 47e pr\u00e9sident des \u00c9tats-Unis.<\/p>\n","protected":false},"excerpt":{"rendered":"Moscou s\u2019offusque. Lors d\u2019un entretien sur la cha\u00eene de t\u00e9l\u00e9vision publique russe, le porte-parole du Kremlin, Dmitri Peskov,&hellip;\n","protected":false},"author":2,"featured_media":263688,"comment_status":"","ping_status":"","sticky":false,"template":"","format":"standard","meta":{"footnotes":""},"categories":[1591],"tags":[11,1887,12,1885,1886,132],"class_list":{"0":"post-263687","1":"post","2":"type-post","3":"status-publish","4":"format-standard","5":"has-post-thumbnail","7":"category-russie","8":"tag-actualites","9":"tag-federation-de-russie","10":"tag-news","11":"tag-russia","12":"tag-russian-federation","13":"tag-russie"},"share_on_mastodon":{"url":"https:\/\/pubeurope.com\/@fr\/114892037516180097","error":""},"_links":{"self":[{"href":"https:\/\/www.europesays.com\/fr\/wp-json\/wp\/v2\/posts\/263687","targetHints":{"allow":["GET"]}}],"collection":[{"href":"https:\/\/www.europesays.com\/fr\/wp-json\/wp\/v2\/posts"}],"about":[{"href":"https:\/\/www.europesays.com\/fr\/wp-json\/wp\/v2\/types\/post"}],"author":[{"embeddable":true,"href":"https:\/\/www.europesays.com\/fr\/wp-json\/wp\/v2\/users\/2"}],"replies":[{"embeddable":true,"href":"https:\/\/www.europesays.com\/fr\/wp-json\/wp\/v2\/comments?post=263687"}],"version-history":[{"count":0,"href":"https:\/\/www.europesays.com\/fr\/wp-json\/wp\/v2\/posts\/263687\/revisions"}],"wp:featuredmedia":[{"embeddable":true,"href":"https:\/\/www.europesays.com\/fr\/wp-json\/wp\/v2\/media\/263688"}],"wp:attachment":[{"href":"https:\/\/www.europesays.com\/fr\/wp-json\/wp\/v2\/media?parent=263687"}],"wp:term":[{"taxonomy":"category","embeddable":true,"href":"https:\/\/www.europesays.com\/fr\/wp-json\/wp\/v2\/categories?post=263687"},{"taxonomy":"post_tag","embeddable":true,"href":"https:\/\/www.europesays.com\/fr\/wp-json\/wp\/v2\/tags?post=263687"}],"curies":[{"name":"wp","href":"https:\/\/api.w.org\/{rel}","templated":true}]}}