{"id":263689,"date":"2025-07-21T15:55:22","date_gmt":"2025-07-21T15:55:22","guid":{"rendered":"https:\/\/www.europesays.com\/fr\/263689\/"},"modified":"2025-07-21T15:55:22","modified_gmt":"2025-07-21T15:55:22","slug":"reunion-au-format-ramstein-lallemagne-et-le-royaume-uni-vont-fournir-200-000-obus-et-des-drones-a-lukraine","status":"publish","type":"post","link":"https:\/\/www.europesays.com\/fr\/263689\/","title":{"rendered":"R\u00e9union au format \u00ab\u00a0Ramstein\u00a0\u00bb : l&rsquo;Allemagne et le Royaume-Uni vont fournir 200 000 obus et des drones \u00e0 l&rsquo;Ukraine"},"content":{"rendered":"<p>            <img decoding=\"async\" class=\"c-ad__placeholder__logo\" src=\"https:\/\/static.euronews.com\/website\/images\/logos\/logo-euronews-grey-6-180x22.svg\" width=\"180\" height=\"22\" alt=\"\" loading=\"lazy\"\/><br \/>\n            PUBLICIT\u00c9<\/p>\n<p>C&rsquo;est une des annonces qui auront marqu\u00e9 la 29e r\u00e9union des alli\u00e9s de Kyiv. Le Royaume-Uni et l&rsquo;Allemagne se sont engag\u00e9s dans un projet commun visant \u00e0 fournir \u00e0 l&rsquo;Ukraine 220 000 obus pour le syst\u00e8me antia\u00e9rien allemand Gepard. Les deux pays financeront \u00e9galement la fourniture de drones modernes sur le champ de bataille.<\/p>\n<p>C&rsquo;est ce qu&rsquo;ont annonc\u00e9 les ministres britannique et allemand de la d\u00e9fense, John Healey et Boris Pistorius, au d\u00e9but de la r\u00e9union du Groupe de contact pour la d\u00e9fense de l&rsquo;Ukraine(UDCG), dite de \u00ab\u00a0format Ramstein\u00a0\u00bb, qui s&rsquo;est tenu lundi par visioconf\u00e9rence, rapporte le m\u00e9dia ukrainien Yevrope\u00efska Pravda.<\/p>\n<p>\u00ab\u00a0Avec nos amis britanniques, nous fournirons bient\u00f4t 220 000 obus de 35 mm pour le canon antia\u00e9rien Gepard, financ\u00e9 par l&rsquo;Allemagne\u00a0\u00bb, a pr\u00e9cis\u00e9 Boris Pistorius, ministre allemand de la D\u00e9fense.<\/p>\n<p>Selon lui, pour prot\u00e9ger le ciel ukrainien, les alli\u00e9s doivent \u00ab\u00a0soutenir les forces arm\u00e9es ukrainiennes dans leurs actions offensives visant \u00e0 affaiblir les capacit\u00e9s a\u00e9riennes de la Russie\u00a0\u00bb.<\/p>\n<p>Son homologue ukrainien Denys Chmyhal, qui occupait encore la semaine derni\u00e8re le poste de Premier ministre, a, pour sa part, appel\u00e9 \u00e0 l&rsquo;achat urgent d&rsquo;armes am\u00e9ricaines pour l&rsquo;Ukraine, en particulier des syst\u00e8mes de missiles Patriot.<\/p>\n<p>Il a not\u00e9 qu&rsquo;une autre attaque combin\u00e9e massive avait eu lieu la nuit pr\u00e9c\u00e9dant la r\u00e9union : 24 missiles, 426 drones et drones de combat ont attaqu\u00e9 des cibles civiles en Ukraine. Cet assaut a de nouveau fait des victimes civiles.<\/p>\n<p>L&rsquo;Ukraine a besoin de 6 milliards de dollars pour combler le d\u00e9ficit de production d&rsquo;armes pour l&rsquo;ann\u00e9e en cours, a d\u00e9clar\u00e9 Denys Chmyhal.<\/p>\n<p>Selon le ministre, cit\u00e9 par les m\u00e9dias ukrainiens, ces fonds permettront une augmentation significative de la production de drones FPV, de drones intercepteurs pour repousser les attaques des Shahed, et d&rsquo;armes \u00e0 longue port\u00e9e pour s&rsquo;assurer que \u00ab\u00a0la guerre continue en Russie\u00a0\u00bb.<\/p>\n<p>Dans un message <a href=\"https:\/\/x.com\/Denys_Shmyhal\/status\/1947281180857970949\" target=\"_blank\" rel=\"noreferrer\">post\u00e9 sur X<\/a>, Chmyhal a remerci\u00e9 Boris Pistorius \u00ab\u00a0pour son soutien \u00e0 l&rsquo;Ukraine\u00a0\u00bb et a soulign\u00e9 que \u00ab\u00a0l\u2019Ukraine appr\u00e9cie son engagement personnel dans le renforcement de nos capacit\u00e9s de d\u00e9fense\u00a0\u00bb.<\/p>\n<p>Dans une publication s\u00e9par\u00e9e, toujours sur X, le responsable ukrainien a indiqu\u00e9 qu&rsquo;il avait convenu avec son homologue britannique d&rsquo;organiser des entretiens de coordination hebdomadaires.<\/p>\n<p>Les membres du Groupe de contact pour la d\u00e9fense de l&rsquo;Ukraine, pr\u00e9sid\u00e9 par le Royaume-Uni et l&rsquo;Allemagne, se sont r\u00e9unis lundi pour discuter des projets du pr\u00e9sident am\u00e9ricain Donald Trump visant \u00e0 ce que les alli\u00e9s de l&rsquo;OTAN fournissent des armes \u00e0 l&rsquo;Ukraine.<\/p>\n<p>L&rsquo;UDCG &#8211; \u00e9galement connu sous le nom de \u00ab\u00a0format Ramstein\u00a0\u00bb &#8211; intervient apr\u00e8s que Trump a d\u00e9clar\u00e9 que des livraisons d&rsquo;armes, notamment des syst\u00e8mes de d\u00e9fense a\u00e9rienne Patriot, pourraient arriver en Ukraine dans les jours \u00e0 venir.<\/p>\n<p>La semaine derni\u00e8re, le pr\u00e9sident am\u00e9ricain a affirm\u00e9 avoir conclu un accord avec les alli\u00e9s de l&rsquo;OTAN qui conduirait \u00e0 des livraisons d&rsquo;armes \u00e0 grande \u00e9chelle \u00e0 l&rsquo;Ukraine, notamment des syst\u00e8mes Patriot, consid\u00e9r\u00e9s comme l&rsquo;un des meilleurs au monde pour la d\u00e9tection et l&rsquo;interception d&rsquo;un large \u00e9ventail de cibles a\u00e9riennes.<\/p>\n<p>\u00ab\u00a0Nous allons envoyer des Patriot \u00e0 l&rsquo;OTAN et l&rsquo;OTAN les distribuera\u00a0\u00bb, <a href=\"https:\/\/fr.euronews.com\/my-europe\/2025\/07\/11\/washington-annonce-lenvoi-darmes-en-ukraine-via-lotan\" target=\"_blank\" rel=\"noopener\">a d\u00e9clar\u00e9 Trump<\/a><a href=\"https:\/\/www.euronews.com\/my-europe\/2025\/07\/11\/ukraine-to-receive-us-made-patriot-air-defence-systems-via-nato-trump-says\" target=\"_blank\" rel=\"noopener\"> <\/a>\u00e0 la cha\u00eene de t\u00e9l\u00e9vision am\u00e9ricaine CBS News. L&rsquo;alliance paiera pour les syst\u00e8mes, a-t-il ajout\u00e9.<\/p>\n<p>Le pr\u00e9sident am\u00e9ricain, qui s&rsquo;exprimait aux c\u00f4t\u00e9s du chef de l&rsquo;OTAN Mark Rutte, a d\u00e9clar\u00e9 que les armes seraient pay\u00e9es par les alli\u00e9s europ\u00e9ens et que les premi\u00e8res livraisons arriveraient \u00ab\u00a0dans les jours qui viennent\u00a0\u00bb.<\/p>\n<p>Il est entendu que les pays europ\u00e9ens transf\u00e9reront les armes &#8211; pr\u00e9lev\u00e9es sur les stocks existants ou achet\u00e9es aux \u00c9tats-Unis &#8211; \u00e0 l&rsquo;Ukraine. Les armes de remplacement seront achet\u00e9es aux \u00c9tats-Unis.<\/p>\n<p>Le commandant supr\u00eame des forces alli\u00e9es en Europe de l&rsquo;OTAN, le g\u00e9n\u00e9ral Alexus Grynkewich, a d\u00e9clar\u00e9 jeudi \u00e0 l&rsquo;agence AP que les pr\u00e9paratifs en vue de la livraison d&rsquo;armes \u00e9taient \u00ab\u00a0en cours\u00a0\u00bb. L&rsquo;ambassadeur des \u00c9tats-Unis aupr\u00e8s de l&rsquo;OTAN, Matthew Whitaker, a d\u00e9clar\u00e9 qu&rsquo;il n&rsquo;\u00e9tait pas en mesure de fournir un calendrier.<\/p>\n<p>Le chancelier allemand Friedrich Merz a d\u00e9clar\u00e9 jeudi qu&rsquo;il \u00e9tait convaincu que l&rsquo;Allemagne parviendrait bient\u00f4t \u00e0 un accord avec les \u00c9tats-Unis sur la livraison des Patriots.<\/p>\n<p>Les n\u00e9gociations entre les ministres de la D\u00e9fense sont \u00ab\u00a0concr\u00e8tes\u00a0\u00bb et leur livraison est \u00ab\u00a0une question de jours, voire de semaines\u00a0\u00bb, a d\u00e9clar\u00e9 Merz lors d&rsquo;une visite \u00e0 Londres.<\/p>\n<p>Les forces arm\u00e9es allemandes, la Bundeswehr, vont remettre deux de leurs neuf syst\u00e8mes Patriot restants et recevoir des remplacements de la part des \u00c9tats-Unis, selon un rapport de l&rsquo;agence DPA publi\u00e9 jeudi. Cette d\u00e9cision intervient alors qu&rsquo;il <a href=\"https:\/\/fr.euronews.com\/2025\/07\/09\/lallemagne-peut-elle-vendre-un-de-ses-systemes-de-defense-aerienne-patriot-a-lukraine\" target=\"_blank\" rel=\"noopener\">\u00e9tait pr\u00e9vu \u00e0 l&rsquo;origine d&rsquo;acheter deux syst\u00e8mes Patriot aux \u00c9tats-Unis <\/a>et de les livrer directement \u00e0 l&rsquo;Ukraine.<\/p>\n<p>D&rsquo;autres syst\u00e8mes pourraient \u00eatre livr\u00e9s par l&rsquo;interm\u00e9diaire de la Suisse, dont le minist\u00e8re de la d\u00e9fense a \u00e9galement annonc\u00e9 jeudi qu&rsquo;il avait \u00e9t\u00e9 inform\u00e9 par le d\u00e9partement am\u00e9ricain de la d\u00e9fense de \u00ab\u00a0red\u00e9finir les priorit\u00e9s de livraison\u00a0\u00bb de cinq syst\u00e8mes pr\u00e9c\u00e9demment command\u00e9s pour soutenir l&rsquo;Ukraine.<\/p>\n<p>Alors que l&rsquo;Ukraine attend les Patriots, un haut responsable de l&rsquo;OTAN a d\u00e9clar\u00e9 que l&rsquo;alliance coordonnait toujours la livraison d&rsquo;autres aides militaires, telles que des munitions et des obus d&rsquo;artillerie, ce qui inclut l&rsquo;aide des \u00c9tats-Unis qui avait \u00e9t\u00e9 bri\u00e8vement interrompue. Le fonctionnaire a parl\u00e9 sous le couvert de l&rsquo;anonymat pour \u00e9voquer des sujets sensibles.<\/p>\n<p>Le pr\u00e9sident ukrainien Volodymyr Zelensky a d\u00e9clar\u00e9 samedi que ses collaborateurs avaient propos\u00e9 d&rsquo;organiser une nouvelle s\u00e9rie de pourparlers de paix cette semaine. Les m\u00e9dias d&rsquo;\u00c9tat russes ont indiqu\u00e9 dimanche qu&rsquo;aucune date n&rsquo;avait encore \u00e9t\u00e9 fix\u00e9e pour les n\u00e9gociations, mais qu&rsquo;Istanbul resterait probablement la ville h\u00f4te. Le porte-parole du Kremlin a d\u00e9clar\u00e9 dimanche que la Russie \u00e9tait ouverte \u00e0 la paix avec l&rsquo;Ukraine, mais que la \u00ab\u00a0r\u00e9alisation de ses objectifs\u00a0\u00bb qui ont servi de pr\u00e9texte \u00e0 l&rsquo;invasion massive du 2022 restait toujours une priorit\u00e9.<\/p>\n","protected":false},"excerpt":{"rendered":"PUBLICIT\u00c9 C&rsquo;est une des annonces qui auront marqu\u00e9 la 29e r\u00e9union des alli\u00e9s de Kyiv. Le Royaume-Uni et&hellip;\n","protected":false},"author":2,"featured_media":263690,"comment_status":"","ping_status":"","sticky":false,"template":"","format":"standard","meta":{"footnotes":""},"categories":[1590],"tags":[11,8164,1777,674,4710,131,2025,12,220],"class_list":{"0":"post-263689","1":"post","2":"type-post","3":"status-publish","4":"format-standard","5":"has-post-thumbnail","7":"category-ukraine","8":"tag-actualites","9":"tag-boris-pistorius","10":"tag-eu","11":"tag-europe","12":"tag-friedrich-merz","13":"tag-guerre-en-ukraine","14":"tag-invasion-de-la-russie-en-ukraine","15":"tag-news","16":"tag-ukraine"},"share_on_mastodon":{"url":"https:\/\/pubeurope.com\/@fr\/114892041369728516","error":""},"_links":{"self":[{"href":"https:\/\/www.europesays.com\/fr\/wp-json\/wp\/v2\/posts\/263689","targetHints":{"allow":["GET"]}}],"collection":[{"href":"https:\/\/www.europesays.com\/fr\/wp-json\/wp\/v2\/posts"}],"about":[{"href":"https:\/\/www.europesays.com\/fr\/wp-json\/wp\/v2\/types\/post"}],"author":[{"embeddable":true,"href":"https:\/\/www.europesays.com\/fr\/wp-json\/wp\/v2\/users\/2"}],"replies":[{"embeddable":true,"href":"https:\/\/www.europesays.com\/fr\/wp-json\/wp\/v2\/comments?post=263689"}],"version-history":[{"count":0,"href":"https:\/\/www.europesays.com\/fr\/wp-json\/wp\/v2\/posts\/263689\/revisions"}],"wp:featuredmedia":[{"embeddable":true,"href":"https:\/\/www.europesays.com\/fr\/wp-json\/wp\/v2\/media\/263690"}],"wp:attachment":[{"href":"https:\/\/www.europesays.com\/fr\/wp-json\/wp\/v2\/media?parent=263689"}],"wp:term":[{"taxonomy":"category","embeddable":true,"href":"https:\/\/www.europesays.com\/fr\/wp-json\/wp\/v2\/categories?post=263689"},{"taxonomy":"post_tag","embeddable":true,"href":"https:\/\/www.europesays.com\/fr\/wp-json\/wp\/v2\/tags?post=263689"}],"curies":[{"name":"wp","href":"https:\/\/api.w.org\/{rel}","templated":true}]}}