{"id":26369,"date":"2025-04-15T11:13:08","date_gmt":"2025-04-15T11:13:08","guid":{"rendered":"https:\/\/www.europesays.com\/fr\/26369\/"},"modified":"2025-04-15T11:13:08","modified_gmt":"2025-04-15T11:13:08","slug":"de-marseille-a-paris-en-passant-par-mont-de-marsan-la-tournee-promo-se-termine-a-beziers","status":"publish","type":"post","link":"https:\/\/www.europesays.com\/fr\/26369\/","title":{"rendered":"de Marseille \u00e0 Paris en passant par Mont-de-Marsan, la tourn\u00e9e promo se termine \u00e0 B\u00e9ziers"},"content":{"rendered":"<p>C&rsquo;est au mus\u00e9e taurin de B\u00e9ziers, que s&rsquo;est tenue la soir\u00e9e, o\u00f9 l&#8217;empresa a vant\u00e9 tous les atouts de la<a href=\"https:\/\/www.laprovence.com\/article\/region\/1204531622020714\/la-feria-distres-attire-de-nombreux-aficionados-parisiens-lors-dune-soiree-speciale-a-montmartre\" target=\"_blank\" rel=\"nofollow noopener\"> feria istr\u00e9enne<\/a>. Une feria 2025 qui passionne depuis son \u00e9mergence en janvier dernier et que les Biterrois ont adopt\u00e9e depuis. Le barom\u00e8tre du c\u00f4t\u00e9 de la billetterie le confirme.<\/p>\n<p>Ce club taurin h\u00e9raultais a la particularit\u00e9 de r\u00e9compenser depuis 1981 le meilleur novillero de leur feria, \u00e0 travers le Tastevin d&rsquo;Argent. Les aficionados de B\u00e9ziers ont \u00e9galement rappel\u00e9 que le directeur des ar\u00e8nes d&rsquo;Istres avait, en 1990, pris son alternative dans les ar\u00e8nes du plateau de Valras. L&#8217;empresa soulignait qu&rsquo;\u00e0 Istres, deux Biterrois sont aussi venus prendre la leur : Cayetano Ortiz et Carlos Olsina.<\/p>\n<p>\u00c9taient \u00e9galement pr\u00e9sents \u00e0 cette soir\u00e9e de passion et d&rsquo;\u00e9changes le matador <a href=\"https:\/\/www.laprovence.com\/article\/region\/16094648776123\/chateaurenard-clemente-el-rafi-et-christian-parejo-ouvrent-la-grande-porte-des-arenes\" target=\"_blank\" rel=\"nofollow noopener\">Christian Parejo<\/a> et son apoderado Thomas Cerqueira. Parejo, torero d&rsquo;adoption biterroise sera au paseo \u00e0 Istres, le dimanche 15\u00a0juin en matin\u00e9e.\u00a0Il expliquait que cette opportunit\u00e9 sera pour lui tr\u00e8s importante car sa saison pourrait bien d\u00e9pendre du r\u00e9sultat artistique istr\u00e9en. Le Mus\u00e9e Taurin, un lieu magnifique auquel cet accueil chaleureux n&rsquo;a rien enlev\u00e9, a ravi les organisateurs istr\u00e9ens.\u00a0B\u00e9ziers aura clos le circuit promotionnel 2025 de la feria d&rsquo;Istres qui aura \u00e9t\u00e9 intense, apr\u00e8s Marseille, Paris, Mont-de-Marsan et N\u00eemes.<\/p>\n<p>Place maintenant aux ferias d&rsquo;Arles et de N\u00eemes avant de se retrouver au Palio le vendredi 13\u00a0juin.<\/p>\n<p>Billetterie feria\u00a0: www.istres.fr\/feria Ar\u00e8nes Le Palio\u00a0: 0413295638. Office de tourisme\u00a0: 0442817600.<\/p>\n","protected":false},"excerpt":{"rendered":"C&rsquo;est au mus\u00e9e taurin de B\u00e9ziers, que s&rsquo;est tenue la soir\u00e9e, o\u00f9 l&#8217;empresa a vant\u00e9 tous les atouts&hellip;\n","protected":false},"author":2,"featured_media":26370,"comment_status":"","ping_status":"","sticky":false,"template":"","format":"standard","meta":{"footnotes":""},"categories":[2814],"tags":[17,1111,11,9389,1777,674,9388,1011,27,884,9390,12,5912,626,4486,882,16,25],"class_list":{"0":"post-26369","1":"post","2":"type-post","3":"status-publish","4":"format-standard","5":"has-post-thumbnail","7":"category-marseille","8":"tag-17","9":"tag-actu","10":"tag-actualites","11":"tag-distres","12":"tag-eu","13":"tag-europe","14":"tag-feria","15":"tag-fr","16":"tag-france","17":"tag-marseille","18":"tag-mont-de-marsan","19":"tag-news","20":"tag-par","21":"tag-paris","22":"tag-passant","23":"tag-provence-alpes-cote-dazur","24":"tag-region","25":"tag-republique-francaise"},"share_on_mastodon":{"url":"https:\/\/pubeurope.com\/@fr\/114341688295412089","error":""},"_links":{"self":[{"href":"https:\/\/www.europesays.com\/fr\/wp-json\/wp\/v2\/posts\/26369","targetHints":{"allow":["GET"]}}],"collection":[{"href":"https:\/\/www.europesays.com\/fr\/wp-json\/wp\/v2\/posts"}],"about":[{"href":"https:\/\/www.europesays.com\/fr\/wp-json\/wp\/v2\/types\/post"}],"author":[{"embeddable":true,"href":"https:\/\/www.europesays.com\/fr\/wp-json\/wp\/v2\/users\/2"}],"replies":[{"embeddable":true,"href":"https:\/\/www.europesays.com\/fr\/wp-json\/wp\/v2\/comments?post=26369"}],"version-history":[{"count":0,"href":"https:\/\/www.europesays.com\/fr\/wp-json\/wp\/v2\/posts\/26369\/revisions"}],"wp:featuredmedia":[{"embeddable":true,"href":"https:\/\/www.europesays.com\/fr\/wp-json\/wp\/v2\/media\/26370"}],"wp:attachment":[{"href":"https:\/\/www.europesays.com\/fr\/wp-json\/wp\/v2\/media?parent=26369"}],"wp:term":[{"taxonomy":"category","embeddable":true,"href":"https:\/\/www.europesays.com\/fr\/wp-json\/wp\/v2\/categories?post=26369"},{"taxonomy":"post_tag","embeddable":true,"href":"https:\/\/www.europesays.com\/fr\/wp-json\/wp\/v2\/tags?post=26369"}],"curies":[{"name":"wp","href":"https:\/\/api.w.org\/{rel}","templated":true}]}}