{"id":263691,"date":"2025-07-21T15:56:10","date_gmt":"2025-07-21T15:56:10","guid":{"rendered":"https:\/\/www.europesays.com\/fr\/263691\/"},"modified":"2025-07-21T15:56:10","modified_gmt":"2025-07-21T15:56:10","slug":"un-avion-de-ligne-frole-une-collision-avec-un-bombardier-b-52","status":"publish","type":"post","link":"https:\/\/www.europesays.com\/fr\/263691\/","title":{"rendered":"un avion de ligne fr\u00f4le une collision avec un bombardier B-52"},"content":{"rendered":"<p>Un avion de ligne Delta a \u00e9vit\u00e9 de justesse une collision avec un avion de combat de l\u2019US Air Force dans le Dakota du Nord vendredi, quelques mois apr\u00e8s un accident meurtrier au-dessus de la capitale Washington.<\/p>\n<p class=\"fig-paragraph\">Un avion de ligne Delta op\u00e9r\u00e9 par la compagnie a\u00e9rienne SkyWest a \u00e9vit\u00e9 de justesse une collision avec un avion de combat am\u00e9ricain, un\u00a0<a href=\"http:\/\/www.lefigaro.fr\/international\/furtivite-endurance-anti-bunker-les-bombardiers-b-2-americains-armes-fatales-contre-le-nucleaire-iranien-20250621\" target=\"_blank\" data-fig-type=\"Article\" rel=\"noopener\" data-gtm-custom-categorie=\"navigation\" data-gtm-custom-action=\"crossclick\" data-gtm-custom-label=\"Contextuel\" data-gtm-event=\"customEventSPE\" data-fig-domain=\"LEFIGARO\">B-52<\/a>, gr\u00e2ce \u00e0 une \u00abman\u0153uvre agressive\u00bb, selon des vid\u00e9os film\u00e9es par des passagers et publi\u00e9es sur les r\u00e9seaux sociaux.<\/p>\n<p class=\"fig-paragraph\">L&rsquo;avion, en provenance de Minneapolis, dans le Minnesota (nord), s&rsquo;appr\u00eatait \u00e0 atterrir vendredi 18 juillet \u00e0 Minot, dans le Dakota du Nord, quand le pilote a brusquement chang\u00e9 de direction, provoquant la stupeur des passagers.\u00a0<br \/>\u00ab\u201dTournez \u00e0 droite\u201d, m\u2019a dit la tour de contr\u00f4le. J\u2019ai dit \u201cil y a un avion l\u00e0\u201d et (la tour) m\u2019a dit \u201ctournez \u00e0 gauche\u201d\u00bb, s\u2019exclame le pilote dans une vid\u00e9o prise par une passag\u00e8re, publi\u00e9e sur Instagram.<\/p>\n<p>                                    <a class=\"fig-a11y-skip a11y-hidden\" href=\"#fig-a11y-skip-main-inarticle\"><br \/>\n        Passer la publicit\u00e9<br \/>\n    <\/a><\/p>\n<p class=\"fig-paragraph\">\u00abCompte tenu de sa vitesse, c&rsquo;\u00e9tait un avion militaire, je ne sais pas \u00e0 quelle vitesse il allait, mais il \u00e9tait beaucoup plus rapide (que nous). J&rsquo;ai pens\u00e9 que la chose la plus s\u00fbre \u00e9tait de faire un d\u00e9tour. Je suis d\u00e9sol\u00e9 pour cette man\u0153uvre agressive\u00bb, a continu\u00e9 le pilote. Le site internet de suivi des vols Flight Radar montre la trajectoire de l&rsquo;avion, qui fait une large boucle avant d&rsquo;atterrir.<\/p>\n<p>Collision meurtri\u00e8re \u00e0 Washington fin janvier<\/p>\n<p class=\"fig-paragraph\">L&rsquo;arm\u00e9e de l&rsquo;air a dit au Washington Post qu&rsquo;un bombardier B-52 effectuait ce jour-l\u00e0 un vol au-dessus de Minot, o\u00f9 se trouvent un a\u00e9roport civil et une base militaire. \u00abLe vol 3788 de SkyWest, assurant la liaison entre Minneapolis et Minot le 18 juillet, s&rsquo;est pos\u00e9 sans encombre \u00e0 Minot apr\u00e8s avoir obtenu l&rsquo;autorisation de la tour de contr\u00f4le, mais a effectu\u00e9 un d\u00e9tour lorsqu&rsquo;un autre avion est devenu visible dans sa trajectoire de vol. Nous enqu\u00eatons sur cet incident\u00bb, a d\u00e9taill\u00e9 la compagnie a\u00e9rienne dans un communiqu\u00e9, cit\u00e9 par des m\u00e9dias am\u00e9ricains.<\/p>\n<p class=\"fig-paragraph\">Selon le pilote entendu dans la vid\u00e9o, l\u2019a\u00e9roport de Minot ne dispose pas de radar et la tour de contr\u00f4le travaille visuellement. En janvier, une\u00a0<a href=\"http:\/\/www.lefigaro.fr\/international\/tous-les-vols-suspendus-a-l-aeroport-ronald-reagan-de-washington-dc-suite-a-un-incident-aerien-20250130\" target=\"_blank\" data-fig-type=\"NewsFlash\" rel=\"noopener\" data-gtm-custom-categorie=\"navigation\" data-gtm-custom-action=\"crossclick\" data-gtm-custom-label=\"Contextuel\" data-gtm-event=\"customEventSPE\" data-fig-domain=\"LEFIGARO\">collision en plein vol<\/a>\u00a0a eu lieu au-dessus de Washington entre un avion commercial et un h\u00e9licopt\u00e8re militaire, faisant 67 morts.<\/p>\n","protected":false},"excerpt":{"rendered":"Un avion de ligne Delta a \u00e9vit\u00e9 de justesse une collision avec un avion de combat de l\u2019US&hellip;\n","protected":false},"author":2,"featured_media":263692,"comment_status":"","ping_status":"","sticky":false,"template":"","format":"standard","meta":{"footnotes":""},"categories":[1589],"tags":[11,7182,73,1866,12,1864,1865,1863,40312,308],"class_list":{"0":"post-263691","1":"post","2":"type-post","3":"status-publish","4":"format-standard","5":"has-post-thumbnail","7":"category-etats-unis","8":"tag-actualites","9":"tag-aviation","10":"tag-etats-unis","11":"tag-etats-unis-damerique","12":"tag-news","13":"tag-united-states","14":"tag-united-states-of-america","15":"tag-us","16":"tag-us-army","17":"tag-usa"},"share_on_mastodon":{"url":"https:\/\/pubeurope.com\/@fr\/114892045203613728","error":""},"_links":{"self":[{"href":"https:\/\/www.europesays.com\/fr\/wp-json\/wp\/v2\/posts\/263691","targetHints":{"allow":["GET"]}}],"collection":[{"href":"https:\/\/www.europesays.com\/fr\/wp-json\/wp\/v2\/posts"}],"about":[{"href":"https:\/\/www.europesays.com\/fr\/wp-json\/wp\/v2\/types\/post"}],"author":[{"embeddable":true,"href":"https:\/\/www.europesays.com\/fr\/wp-json\/wp\/v2\/users\/2"}],"replies":[{"embeddable":true,"href":"https:\/\/www.europesays.com\/fr\/wp-json\/wp\/v2\/comments?post=263691"}],"version-history":[{"count":0,"href":"https:\/\/www.europesays.com\/fr\/wp-json\/wp\/v2\/posts\/263691\/revisions"}],"wp:featuredmedia":[{"embeddable":true,"href":"https:\/\/www.europesays.com\/fr\/wp-json\/wp\/v2\/media\/263692"}],"wp:attachment":[{"href":"https:\/\/www.europesays.com\/fr\/wp-json\/wp\/v2\/media?parent=263691"}],"wp:term":[{"taxonomy":"category","embeddable":true,"href":"https:\/\/www.europesays.com\/fr\/wp-json\/wp\/v2\/categories?post=263691"},{"taxonomy":"post_tag","embeddable":true,"href":"https:\/\/www.europesays.com\/fr\/wp-json\/wp\/v2\/tags?post=263691"}],"curies":[{"name":"wp","href":"https:\/\/api.w.org\/{rel}","templated":true}]}}