{"id":263695,"date":"2025-07-21T15:58:09","date_gmt":"2025-07-21T15:58:09","guid":{"rendered":"https:\/\/www.europesays.com\/fr\/263695\/"},"modified":"2025-07-21T15:58:09","modified_gmt":"2025-07-21T15:58:09","slug":"des-chants-choraux-troublent-une-interview-de-la-patronne-de-lextreme-droite","status":"publish","type":"post","link":"https:\/\/www.europesays.com\/fr\/263695\/","title":{"rendered":"des chants choraux troublent une interview de la patronne de l\u2019extr\u00eame droite"},"content":{"rendered":"\n<p>\u201cC\u2019est dans un contexte acoustique pour le moins difficile\u201d, <a class=\"ithalc\" data-ithal=\"lien_externe\" data-ithalc=\"[nav_article]\" target=\"_blank\" href=\"https:\/\/www.youtube.com\/watch?v=O8asrqoo9Fo\" rel=\"noopener\">relate <strong>Die Welt<\/strong><\/a><strong>,<\/strong> que s\u2019est d\u00e9roul\u00e9e la derni\u00e8re interview d\u2019Alice Weidel, cheffe de file du parti d\u2019extr\u00eame droite allemand AfD (Alternative pour l\u2019Allemagne). Dimanche 20\u00a0juillet, des activistes du Centre pour la beaut\u00e9 en politique (Zentrum f\u00fcr Politische Sch\u00f6nheit en allemand), un collectif coutumier des actions spectaculaires, se sont rendus sur les lieux de l\u2019entretien organis\u00e9 en plein air par l\u2019ARD, premi\u00e8re cha\u00eene de t\u00e9l\u00e9vision allemande, pour en perturber le d\u00e9roul\u00e9.<\/p>\n<p>Chaque ann\u00e9e, l\u2019ARD diffuse une s\u00e9rie d\u2019interviews estivales avec les leaders des principaux partis politiques, film\u00e9es en ext\u00e9rieur. Mais dimanche, alors que <a href=\"https:\/\/www.courrierinternational.com\/article\/l-office-federal-de-protection-de-la-constitution-declare-l-afd-extremiste-d-extreme-droite_230521\" target=\"_blank\" rel=\"noopener\">la question de savoir s\u2019il faut interdire l\u2019AfD fait l\u2019objet d\u2019\u00e2pres d\u00e9bats<\/a> outre-Rhin, quelques dizaines de protestataires se sont rassembl\u00e9s au bord de la Spree, dans le quartier berlinois des institutions, pour semer la zizanie pendant l\u2019entretien d\u2019Alice Weidel. \u201cChorale, klaxons et slogans anti-AfD\u201d, <a class=\"ithalc\" data-ithal=\"lien_externe\" data-ithalc=\"[nav_article]\" target=\"_blank\" href=\"https:\/\/www.tagesspiegel.de\/politik\/chorgesang-hupen-und-anti-afd-slogans-proteste-ubertonen-sommerinterview-mit-weidel--polizei-leitet-verfahren-gegen-storer-ein-14055605.html\" rel=\"noopener\">\u00e9num\u00e8re le <strong>Tagesspiegel<\/strong>\u00a0:<\/a> \u201cD\u00e8s le d\u00e9but, Weidel et son interlocuteur, [le pr\u00e9sentateur] Markus Prei\u00df, ont d\u00fb bagarrer pour se faire entendre malgr\u00e9 le vacarme.\u201d<\/p>\n<p>Tandis que la patronne de l\u2019extr\u00eame droite allemande affirme que l\u2019Allemagne \u201ca un gros probl\u00e8me d\u2019immigration\u201d, on peut entendre des haut-parleurs diffuser un chant choral \u2212\u00a0compos\u00e9 par la <a class=\"ithalc\" data-ithal=\"lien_externe\" data-ithalc=\"[nav_article]\" target=\"_blank\" href=\"https:\/\/www.instagram.com\/corner.chor\/\" rel=\"noopener\">Corner Chor<\/a> d\u2019Augsbourg \u2212 qui r\u00e9p\u00e8te en boucle les paroles \u201cSchei\u00df AfD\u201d, soit \u201cMerde \u00e0 l\u2019AfD\u201d. \u00c0 plusieurs reprises, la femme politique se plaint d\u2019avoir du mal \u00e0 entendre les questions et \u00e0 y r\u00e9pondre, mais son intervieweur d\u00e9cide de poursuivre l\u2019entretien malgr\u00e9 les nuisances sonores.<\/p>\n<p>                    Aubaine pour le \u201cnarratif victimaire\u201d de l\u2019AfD\u00a0?       <\/p>\n<p>Cette d\u00e9cision a \u00e9t\u00e9 vivement critiqu\u00e9e par le parti d\u2019extr\u00eame droite, qui a accus\u00e9 la cha\u00eene de ne pas avoir trait\u00e9 \u00e9quitablement Alice Weidel et demand\u00e9 qu\u2019une nouvelle interview soit organis\u00e9e. Ainsi, <a class=\"ithalc\" data-ithal=\"lien_externe\" data-ithalc=\"[nav_article]\" target=\"_blank\" href=\"https:\/\/www.faz.net\/aktuell\/feuilleton\/medien-und-film\/medienpolitik\/sommerinterview-der-ard-mit-weidel-geht-im-getoese-fast-unter-110600078.html\" rel=\"noopener\">commente la <strong>Frankfurter Allegemeine Zeitung<\/strong><\/a><strong>,<\/strong> les activistes et l\u2019ARD \u201cont peut-\u00eatre rendu service \u00e0 l\u2019AfD, car ces nuisances sonores servent \u00e0 merveille le narratif victimaire qu\u2019a construit le parti, se pr\u00e9sentant comme injustement pers\u00e9cut\u00e9\u201d.<\/p>\n<p>Sur les r\u00e9seaux sociaux, les partisans de l\u2019AfD s\u2019insurgent et certains, relate le Tagesspiegel, versent m\u00eame \u201cdans la th\u00e9orie du complot\u201d, laissant entendre que la cha\u00eene de t\u00e9l\u00e9vision aurait elle-m\u00eame orchestr\u00e9 cette action de protestation, pla\u00e7ant des micros de l\u2019autre c\u00f4t\u00e9 de la Spree pour amplifier le brouhaha.<\/p>\n<p>La cha\u00eene de t\u00e9l\u00e9vision a d\u00fb r\u00e9agir en d\u00e9clarant qu\u2019elle n\u2019\u00e9tait pas au courant de cette action, qui n\u2019avait pas \u00e9t\u00e9 autoris\u00e9e par la police, et en annon\u00e7ant qu\u2019elle prendrait des mesures pour que de telles perturbations ne se reproduisent pas. Le lieu des prochaines interviews pourrait ainsi \u00eatre modifi\u00e9. \u201cLa cha\u00eene ARD a ensuite organis\u00e9 un autre entretien avec Mme\u00a0Weidel, <a class=\"ithalc\" data-ithal=\"lien_externe\" data-ithalc=\"[nav_article]\" target=\"_blank\" href=\"https:\/\/taz.de\/Sommerinterview-mit-AfD-Chefin-Weidel\/!6101549\/\" rel=\"noopener\">compl\u00e8te la <strong>Tageszeitung<\/strong><\/a><strong>,<\/strong> au cours duquel cette derni\u00e8re a r\u00e9pondu aux questions des t\u00e9l\u00e9spectateurs pos\u00e9es via les r\u00e9seaux sociaux.\u201d<\/p>\n<p>            <script async src=\"\/\/www.instagram.com\/embed.js\"><\/script><\/p>\n","protected":false},"excerpt":{"rendered":"\u201cC\u2019est dans un contexte acoustique pour le moins difficile\u201d, relate Die Welt, que s\u2019est d\u00e9roul\u00e9e la derni\u00e8re interview&hellip;\n","protected":false},"author":2,"featured_media":263696,"comment_status":"","ping_status":"","sticky":false,"template":"","format":"standard","meta":{"footnotes":""},"categories":[1587],"tags":[11,672,1804,1805,1803,1777,674,6429,7610,1801,12,316,1802,17344],"class_list":{"0":"post-263695","1":"post","2":"type-post","3":"status-publish","4":"format-standard","5":"has-post-thumbnail","7":"category-allemagne","8":"tag-actualites","9":"tag-allemagne","10":"tag-bundesrepublik-deutschland","11":"tag-de","12":"tag-deutschland","13":"tag-eu","14":"tag-europe","15":"tag-extru00eame-droite","16":"tag-extru00eame-droite-en-allemagne","17":"tag-germany","18":"tag-news","19":"tag-politique","20":"tag-republique-federale-dallemagne","21":"tag-vidu00e9o"},"share_on_mastodon":{"url":"https:\/\/pubeurope.com\/@fr\/114892053112905693","error":""},"_links":{"self":[{"href":"https:\/\/www.europesays.com\/fr\/wp-json\/wp\/v2\/posts\/263695","targetHints":{"allow":["GET"]}}],"collection":[{"href":"https:\/\/www.europesays.com\/fr\/wp-json\/wp\/v2\/posts"}],"about":[{"href":"https:\/\/www.europesays.com\/fr\/wp-json\/wp\/v2\/types\/post"}],"author":[{"embeddable":true,"href":"https:\/\/www.europesays.com\/fr\/wp-json\/wp\/v2\/users\/2"}],"replies":[{"embeddable":true,"href":"https:\/\/www.europesays.com\/fr\/wp-json\/wp\/v2\/comments?post=263695"}],"version-history":[{"count":0,"href":"https:\/\/www.europesays.com\/fr\/wp-json\/wp\/v2\/posts\/263695\/revisions"}],"wp:featuredmedia":[{"embeddable":true,"href":"https:\/\/www.europesays.com\/fr\/wp-json\/wp\/v2\/media\/263696"}],"wp:attachment":[{"href":"https:\/\/www.europesays.com\/fr\/wp-json\/wp\/v2\/media?parent=263695"}],"wp:term":[{"taxonomy":"category","embeddable":true,"href":"https:\/\/www.europesays.com\/fr\/wp-json\/wp\/v2\/categories?post=263695"},{"taxonomy":"post_tag","embeddable":true,"href":"https:\/\/www.europesays.com\/fr\/wp-json\/wp\/v2\/tags?post=263695"}],"curies":[{"name":"wp","href":"https:\/\/api.w.org\/{rel}","templated":true}]}}