{"id":263701,"date":"2025-07-21T16:01:11","date_gmt":"2025-07-21T16:01:11","guid":{"rendered":"https:\/\/www.europesays.com\/fr\/263701\/"},"modified":"2025-07-21T16:01:11","modified_gmt":"2025-07-21T16:01:11","slug":"gerald-darmanin-denonce-des-menaces-inacceptables-contre-des-parlementaires","status":"publish","type":"post","link":"https:\/\/www.europesays.com\/fr\/263701\/","title":{"rendered":"G\u00e9rald Darmanin d\u00e9nonce des menaces \u00abinacceptables\u00bb contre des parlementaires"},"content":{"rendered":"<p>Ces derni\u00e8res heures, en r\u00e9action \u00e0 la loi qui vise notamment \u00e0 r\u00e9introduire un pesticide n\u00e9onicotino\u00efde, au moins neuf atteintes \u00e0 des parlementaires &#8211; qui ont vot\u00e9 en faveur du texte, mais aussi contre &#8211; ont \u00e9t\u00e9 recens\u00e9es.<\/p>\n<p class=\"fig-paragraph\">La\u00a0<a href=\"http:\/\/www.lefigaro.fr\/politique\/loi-duplomb-une-petition-citoyenne-qui-prone-l-abrogation-du-texte-bat-des-records-sur-le-site-de-l-assemblee-nationale-20250718\" data-fig-type=\"NewsFlash\" data-gtm-custom-categorie=\"navigation\" data-gtm-custom-action=\"crossclick\" data-gtm-custom-label=\"Contextuel\" data-gtm-event=\"customEventSPE\" data-fig-domain=\"LEFIGARO\" target=\"_blank\" rel=\"noopener\">loi Duplomb<\/a>\u00a0n\u2019en finit pas de faire parler d\u2019elle. Alors que la pol\u00e9mique a \u00e9t\u00e9 raviv\u00e9e ce week-end apr\u00e8s que la\u00a0<a href=\"http:\/\/www.lefigaro.fr\/politique\/loi-duplomb-une-petition-citoyenne-qui-prone-l-abrogation-du-texte-bat-des-records-sur-le-site-de-l-assemblee-nationale-20250718\" target=\"_blank\" data-fig-type=\"NewsFlash\" rel=\"noopener\" data-gtm-custom-categorie=\"navigation\" data-gtm-custom-action=\"crossclick\" data-gtm-custom-label=\"Contextuel\" data-gtm-event=\"customEventSPE\" data-fig-domain=\"LEFIGARO\">p\u00e9tition citoyenne qui s\u2019oppose \u00e0 ce texte a\u00a0<\/a>d\u00e9pass\u00e9 le seuil du million de signatures, plusieurs parlementaires font d\u00e9sormais face \u00e0 des pressions.<\/p>\n<p class=\"fig-paragraph\">Pour rappel, la loi Duplomb pr\u00e9voit notamment la r\u00e9introduction \u00e0 titre d\u00e9rogatoire et sous conditions de l\u2019<a href=\"http:\/\/www.lefigaro.fr\/conjoncture\/qu-est-ce-que-l-acetamipride-ce-pesticide-decrie-dans-la-proposition-de-loi-duplomb-20250526\" target=\"_blank\" data-fig-type=\"NewsFlash\" rel=\"noopener\" data-gtm-custom-categorie=\"navigation\" data-gtm-custom-action=\"crossclick\" data-gtm-custom-label=\"Contextuel\" data-gtm-event=\"customEventSPE\" data-fig-domain=\"LEFIGARO\">ac\u00e9tamipride<\/a>, un pesticide de la famille des n\u00e9onicotino\u00efdes, interdit en France depuis 2018 mais autoris\u00e9 en Europe. Celui-ci est r\u00e9clam\u00e9 par les producteurs de betteraves ou de noisettes, qui estiment n\u2019avoir aucune alternative contre les insectes ravageurs et subir une concurrence d\u00e9loyale. A contrario, les apiculteurs mettent en garde contre \u00abun tueur d\u2019abeilles\u00bb. Ses effets sur l\u2019humain sont aussi source de pr\u00e9occupations, m\u00eame si les risques restent incertains, faute d\u2019\u00e9tudes d\u2019ampleur. Une mesure vivement critiqu\u00e9e par des associations environnementales et les partis de gauche.<\/p>\n<p>                                    <a class=\"fig-a11y-skip a11y-hidden\" href=\"#fig-a11y-skip-main-inarticle\"><br \/>\n        Passer la publicit\u00e9<br \/>\n    <\/a><\/p>\n<p>Un accompagnement pour les parlementaires menac\u00e9s<\/p>\n<p class=\"fig-paragraph\">Mais ces derni\u00e8res heures, neuf\u00a0<a href=\"http:\/\/www.lefigaro.fr\/politique\/agriculture-qui-a-vote-la-proposition-de-loi-duplomb-a-l-assemblee-nationale-20250721\" data-fig-type=\"Article\" data-gtm-custom-categorie=\"navigation\" data-gtm-custom-action=\"crossclick\" data-gtm-custom-label=\"Contextuel\" data-gtm-event=\"customEventSPE\" data-fig-domain=\"LEFIGARO\" target=\"_blank\" rel=\"noopener\">parlementaires qui ont vot\u00e9<\/a>\u00a0en faveur du texte, mais aussi contre, ont re\u00e7u des menaces, indique le minist\u00e8re de l\u2019Int\u00e9rieur. La plupart se mat\u00e9rialisent par des d\u00e9gradations de permanences, des rassemblements devant les permanences ou des outrages sur les r\u00e9seaux sociaux. Ce vendredi 18 juillet, Delphine Lingemann, d\u00e9put\u00e9e du Puy-de-D\u00f4me, a par exemple vu sa permanence vis\u00e9e par des collages\u00a0: \u00abVoici les d\u00e9put\u00e9es et d\u00e9put\u00e9s qui ont vot\u00e9 pour la loi Duplomb, le vivant les jugera\u00bb,\u00a0<a href=\"https:\/\/france3-regions.franceinfo.fr\/auvergne-rhone-alpes\/haute-loire\/puy-velay\/loi-duplomb-j-ai-vote-une-loi-pour-sauver-certaines-filieres-agricoles-pas-pour-defendre-les-pesticides-la-permanence-d-une-deputee-visee-par-des-militants-3190479.html\" target=\"_blank\" rel=\"sponsored noopener\" data-gtm-custom-categorie=\"navigation\" data-gtm-custom-action=\"crossclick\" data-gtm-custom-label=\"Contextuel\" data-gtm-event=\"customEventSPE\">raconte France 3<\/a>.<\/p>\n<p class=\"fig-paragraph\">Des menaces jug\u00e9es \u00abinacceptables\u00bb par le ministre de la Justice,\u00a0<a href=\"http:\/\/www.lefigaro.fr\/actualite-france\/gerald-darmanin-obtient-une-legere-baisse-de-la-population-carcerale-20250717\" data-fig-type=\"NewsFlash\" data-gtm-custom-categorie=\"navigation\" data-gtm-custom-action=\"crossclick\" data-gtm-custom-label=\"Contextuel\" data-gtm-event=\"customEventSPE\" data-fig-domain=\"LEFIGARO\" target=\"_blank\" rel=\"noopener\">G\u00e9rald Darmanin<\/a>. Face \u00e0 ces agissements, le Garde des Sceaux a indiqu\u00e9 vouloir \u00abenvoyer en d\u00e9but d\u2019apr\u00e8s-midi [ce lundi 21 juillet] des instructions de grande fermet\u00e9 aux procureurs de la R\u00e9publique\u00bb, indique\u00a0<a href=\"https:\/\/www.franceinfo.fr\/environnement\/loi-duplomb\/loi-duplomb-gerald-darmanin-va-envoyer-des-instructions-aux-procureurs-pour-systematiser-les-poursuites-penales-face-aux-parlementaires-menaces_7390273.html\" target=\"_blank\" rel=\"sponsored noopener\" data-gtm-custom-categorie=\"navigation\" data-gtm-custom-action=\"crossclick\" data-gtm-custom-label=\"Contextuel\" data-gtm-event=\"customEventSPE\">France Info<\/a>, leur demandant de \u00absyst\u00e9matiser les poursuites p\u00e9nales et de mettre en place un accompagnement individuel lorsque les parlementaires sont menac\u00e9s, quel que soit leur vote\u00bb\u00a0sur ladite loi.<\/p>\n","protected":false},"excerpt":{"rendered":"Ces derni\u00e8res heures, en r\u00e9action \u00e0 la loi qui vise notamment \u00e0 r\u00e9introduire un pesticide n\u00e9onicotino\u00efde, au moins&hellip;\n","protected":false},"author":2,"featured_media":263702,"comment_status":"","ping_status":"","sticky":false,"template":"","format":"standard","meta":{"footnotes":""},"categories":[2],"tags":[11,416,1011,27,432,12,25,1004],"class_list":{"0":"post-263701","1":"post","2":"type-post","3":"status-publish","4":"format-standard","5":"has-post-thumbnail","7":"category-actualites","8":"tag-actualites","9":"tag-assemblee-nationale","10":"tag-fr","11":"tag-france","12":"tag-gerald-darmanin","13":"tag-news","14":"tag-republique-francaise","15":"tag-senat"},"share_on_mastodon":{"url":"https:\/\/pubeurope.com\/@fr\/114892064915588674","error":""},"_links":{"self":[{"href":"https:\/\/www.europesays.com\/fr\/wp-json\/wp\/v2\/posts\/263701","targetHints":{"allow":["GET"]}}],"collection":[{"href":"https:\/\/www.europesays.com\/fr\/wp-json\/wp\/v2\/posts"}],"about":[{"href":"https:\/\/www.europesays.com\/fr\/wp-json\/wp\/v2\/types\/post"}],"author":[{"embeddable":true,"href":"https:\/\/www.europesays.com\/fr\/wp-json\/wp\/v2\/users\/2"}],"replies":[{"embeddable":true,"href":"https:\/\/www.europesays.com\/fr\/wp-json\/wp\/v2\/comments?post=263701"}],"version-history":[{"count":0,"href":"https:\/\/www.europesays.com\/fr\/wp-json\/wp\/v2\/posts\/263701\/revisions"}],"wp:featuredmedia":[{"embeddable":true,"href":"https:\/\/www.europesays.com\/fr\/wp-json\/wp\/v2\/media\/263702"}],"wp:attachment":[{"href":"https:\/\/www.europesays.com\/fr\/wp-json\/wp\/v2\/media?parent=263701"}],"wp:term":[{"taxonomy":"category","embeddable":true,"href":"https:\/\/www.europesays.com\/fr\/wp-json\/wp\/v2\/categories?post=263701"},{"taxonomy":"post_tag","embeddable":true,"href":"https:\/\/www.europesays.com\/fr\/wp-json\/wp\/v2\/tags?post=263701"}],"curies":[{"name":"wp","href":"https:\/\/api.w.org\/{rel}","templated":true}]}}