{"id":263707,"date":"2025-07-21T16:04:14","date_gmt":"2025-07-21T16:04:14","guid":{"rendered":"https:\/\/www.europesays.com\/fr\/263707\/"},"modified":"2025-07-21T16:04:14","modified_gmt":"2025-07-21T16:04:14","slug":"german-challenge-quesne-et-charmasson-terminent-6es","status":"publish","type":"post","link":"https:\/\/www.europesays.com\/fr\/263707\/","title":{"rendered":"German Challenge : Quesne et Charmasson terminent 6es"},"content":{"rendered":"<p>Six ans qu&rsquo;il attendait cela ! Apr\u00e8s six ann\u00e9es marqu\u00e9es par des blessures et la perte de ses droits de jeu sur les circuits de premi\u00e8re et deuxi\u00e8me division europ\u00e9enne, <strong>Julien Quesne<\/strong> a renou\u00e9 ce dimanche avec le top 10. Le natif du Mans, d\u00e9sormais \u00e2g\u00e9 de 45 ans, a en effet confirm\u00e9 son excellent d\u00e9but d&rsquo;ann\u00e9e sur le circuit fran\u00e7ais (victoires \u00e0 l&rsquo;<strong>Omnium de la Riviera<\/strong> et \u00e0 l&rsquo;<strong>Open PGA France de Mont-de-Marsan<\/strong>) en prenant la 6e place du <strong>German Challenge<\/strong>. En terminant avec une carte de 70 (-2), il a en effet boucl\u00e9 la semaine \u00e0 -14 total, d\u00e9crochant donc son premier accessit depuis la 8e place au<strong> Swiss Challenge<\/strong> en juin 2019 ! Meilleur Fran\u00e7ais de la semaine, il a du m\u00eame coup valid\u00e9 sa place dans le champ du prochain tournoi, le <strong>Farmfoods Scottish Challenge<\/strong> dans dix jours en \u00c9cosse.<\/p>\n","protected":false},"excerpt":{"rendered":"Six ans qu&rsquo;il attendait cela ! Apr\u00e8s six ann\u00e9es marqu\u00e9es par des blessures et la perte de ses&hellip;\n","protected":false},"author":2,"featured_media":263708,"comment_status":"","ping_status":"","sticky":false,"template":"","format":"standard","meta":{"footnotes":""},"categories":[1418],"tags":[1011,27,1472,60],"class_list":{"0":"post-263707","1":"post","2":"type-post","3":"status-publish","4":"format-standard","5":"has-post-thumbnail","7":"category-golf","8":"tag-fr","9":"tag-france","10":"tag-golf","11":"tag-sports"},"share_on_mastodon":{"url":"https:\/\/pubeurope.com\/@fr\/114892076670491608","error":""},"_links":{"self":[{"href":"https:\/\/www.europesays.com\/fr\/wp-json\/wp\/v2\/posts\/263707","targetHints":{"allow":["GET"]}}],"collection":[{"href":"https:\/\/www.europesays.com\/fr\/wp-json\/wp\/v2\/posts"}],"about":[{"href":"https:\/\/www.europesays.com\/fr\/wp-json\/wp\/v2\/types\/post"}],"author":[{"embeddable":true,"href":"https:\/\/www.europesays.com\/fr\/wp-json\/wp\/v2\/users\/2"}],"replies":[{"embeddable":true,"href":"https:\/\/www.europesays.com\/fr\/wp-json\/wp\/v2\/comments?post=263707"}],"version-history":[{"count":0,"href":"https:\/\/www.europesays.com\/fr\/wp-json\/wp\/v2\/posts\/263707\/revisions"}],"wp:featuredmedia":[{"embeddable":true,"href":"https:\/\/www.europesays.com\/fr\/wp-json\/wp\/v2\/media\/263708"}],"wp:attachment":[{"href":"https:\/\/www.europesays.com\/fr\/wp-json\/wp\/v2\/media?parent=263707"}],"wp:term":[{"taxonomy":"category","embeddable":true,"href":"https:\/\/www.europesays.com\/fr\/wp-json\/wp\/v2\/categories?post=263707"},{"taxonomy":"post_tag","embeddable":true,"href":"https:\/\/www.europesays.com\/fr\/wp-json\/wp\/v2\/tags?post=263707"}],"curies":[{"name":"wp","href":"https:\/\/api.w.org\/{rel}","templated":true}]}}